{"id":241772,"date":"2015-11-09T00:09:43","date_gmt":"2015-11-09T06:09:43","guid":{"rendered":"http:\/\/www.diarioimagen.net\/?p=241772"},"modified":"2015-11-09T02:21:38","modified_gmt":"2015-11-09T08:21:38","slug":"ahora-los-vagoneros-usan-de-escudo-a-bebes","status":"publish","type":"post","link":"https:\/\/www.diarioimagen.net\/?p=241772","title":{"rendered":"Ahora los \u201cvagoneros\u201d usan de escudo a beb\u00e9s"},"content":{"rendered":"<ul>\n<li><strong><em>Para no ser remitidos<\/em><\/strong><\/li>\n<\/ul>\n<p>&nbsp;<\/p>\n<div id=\"attachment_241907\" style=\"width: 430px\" class=\"wp-caption aligncenter\"><a href=\"http:\/\/www.diarioimagen.net\/?attachment_id=241907\" rel=\"attachment wp-att-241907\"><img loading=\"lazy\" decoding=\"async\" aria-describedby=\"caption-attachment-241907\" class=\"size-large wp-image-241907\" src=\"http:\/\/www.diarioimagen.net\/wp-content\/uploads\/2015\/11\/vagoneros-2736-420x236.jpg\" alt=\"Los vagoneros contin\u00faan vendiendo en el Metro, pese a los operativos para erradicarlos. Ahora utilizan a beb\u00e9s como escudo.\" width=\"420\" height=\"236\" srcset=\"https:\/\/www.diarioimagen.net\/wp-content\/uploads\/2015\/11\/vagoneros-2736-420x236.jpg 420w, https:\/\/www.diarioimagen.net\/wp-content\/uploads\/2015\/11\/vagoneros-2736-240x135.jpg 240w, https:\/\/www.diarioimagen.net\/wp-content\/uploads\/2015\/11\/vagoneros-2736-235x132.jpg 235w, https:\/\/www.diarioimagen.net\/wp-content\/uploads\/2015\/11\/vagoneros-2736-202x114.jpg 202w, https:\/\/www.diarioimagen.net\/wp-content\/uploads\/2015\/11\/vagoneros-2736-350x196.jpg 350w, https:\/\/www.diarioimagen.net\/wp-content\/uploads\/2015\/11\/vagoneros-2736-220x123.jpg 220w, https:\/\/www.diarioimagen.net\/wp-content\/uploads\/2015\/11\/vagoneros-2736-237x132.jpg 237w, https:\/\/www.diarioimagen.net\/wp-content\/uploads\/2015\/11\/vagoneros-2736.jpg 480w\" sizes=\"auto, (max-width: 420px) 100vw, 420px\" \/><\/a><p id=\"caption-attachment-241907\" class=\"wp-caption-text\">Los vagoneros contin\u00faan vendiendo en el Metro, pese a los operativos para erradicarlos. Ahora utilizan a beb\u00e9s como escudo.<\/p><\/div>\n<p>&nbsp;<\/p>\n<p>A pesar de que en 10 ocasiones se ha anunciado la extinci\u00f3n de vagoneros en el Sistema de Transporte Colectivo Metro, ha sido el mismo n\u00famero de fracasos, pues este tipo de vendedores ambulantes han encontrado el doble de resquicios para eludir la vigilancia o hacer nugatoria su remisi\u00f3n a los juzgados c\u00edvicos.<\/p>\n<p>En esta ocasi\u00f3n ha sido el nuevo director de ese sistema, Jorge Gavi\u00f1o, quien indica que ahora los \u201cvagoneros\u201d trabajan haci\u00e9ndose acompa\u00f1ar por un menor y la autoridad prefiere no llevarlos ante el juzgado c\u00edvico, pues su primera obligaci\u00f3n es proteger a los peque\u00f1os.<\/p>\n<p>Dice que los invitan a salir porque de lo contrario se generan m\u00e1s problemas de los que se quieren resolver.<\/p>\n<p>Sin embargo, los jefes de estaci\u00f3n consideran que es una forma de librarse de ser detenidos, pues cuando han sido presentados ante el juez calificador, \u00e9ste los libera en autom\u00e1tico, en raz\u00f3n de que los menores no pueden ser detenidos.<\/p>\n<p>Julio P\u00e9rez, jefe de estaci\u00f3n El Rosario, considera que operan m\u00e1s de 20 \u201cvagoneros\u201d en cada l\u00ednea y existe quienes llevan en brazos a un beb\u00e9 sin que sea suyo (lo alquilan) y existen otros que simplemente obligan al menor a que los siga; que camine detr\u00e1s de ellos.<\/p>\n<p>Fernando Aguilar, de la estaci\u00f3n Pantitl\u00e1n, a la que confluyen tres l\u00edneas, consider\u00f3 que se trata de una pr\u00e1ctica que se transforma en explotaci\u00f3n infantil y que hace falta una regulaci\u00f3n para evitar que los \u201cvagoneros\u201d utilicen ni\u00f1os como escudo o como amparo para vender dentro de los andenes del Metro.<\/p>\n<p>El Sistema de Transporte Colectivo se\u00f1ala que no se cuenta con un lugar donde los menores puedan ser resguardados mientras sus padres son ingresados a los juzgados c\u00edvicos y es una poderosa raz\u00f3n por la cual no se ha podido erradicar la venta informal en su interior, pues se requiere primero garantizar la seguridad de los menores mientras su familia pasa a recogerlos.<\/p>\n<p>&nbsp;<\/p>\n","protected":false},"excerpt":{"rendered":"<p>A pesar de que en 10 ocasiones se ha anunciado la extinci\u00f3n de vagoneros en el Sistema de Transporte Colectivo Metro, ha sido el mismo n\u00famero de fracasos, pues este tipo de vendedores ambulantes han encontrado el doble de resquicios para eludir la vigilancia o hacer nugatoria su remisi\u00f3n a los juzgados c\u00edvicos.<\/p>\n","protected":false},"author":3,"featured_media":241907,"comment_status":"open","ping_status":"open","sticky":false,"template":"","format":"standard","meta":{"_monsterinsights_skip_tracking":false,"_monsterinsights_sitenote_active":false,"_monsterinsights_sitenote_note":"","_monsterinsights_sitenote_category":0,"footnotes":""},"categories":[6],"tags":[5787,204,163,4658,664],"class_list":["post-241772","post","type-post","status-publish","format-standard","has-post-thumbnail","hentry","category-cd-de-mexico","tag-bebes","tag-ciudad-de-mexico","tag-metro","tag-stc","tag-vagoneros"],"_links":{"self":[{"href":"https:\/\/www.diarioimagen.net\/index.php?rest_route=\/wp\/v2\/posts\/241772","targetHints":{"allow":["GET"]}}],"collection":[{"href":"https:\/\/www.diarioimagen.net\/index.php?rest_route=\/wp\/v2\/posts"}],"about":[{"href":"https:\/\/www.diarioimagen.net\/index.php?rest_route=\/wp\/v2\/types\/post"}],"author":[{"embeddable":true,"href":"https:\/\/www.diarioimagen.net\/index.php?rest_route=\/wp\/v2\/users\/3"}],"replies":[{"embeddable":true,"href":"https:\/\/www.diarioimagen.net\/index.php?rest_route=%2Fwp%2Fv2%2Fcomments&post=241772"}],"version-history":[{"count":0,"href":"https:\/\/www.diarioimagen.net\/index.php?rest_route=\/wp\/v2\/posts\/241772\/revisions"}],"wp:featuredmedia":[{"embeddable":true,"href":"https:\/\/www.diarioimagen.net\/index.php?rest_route=\/wp\/v2\/media\/241907"}],"wp:attachment":[{"href":"https:\/\/www.diarioimagen.net\/index.php?rest_route=%2Fwp%2Fv2%2Fmedia&parent=241772"}],"wp:term":[{"taxonomy":"category","embeddable":true,"href":"https:\/\/www.diarioimagen.net\/index.php?rest_route=%2Fwp%2Fv2%2Fcategories&post=241772"},{"taxonomy":"post_tag","embeddable":true,"href":"https:\/\/www.diarioimagen.net\/index.php?rest_route=%2Fwp%2Fv2%2Ftags&post=241772"}],"curies":[{"name":"wp","href":"https:\/\/api.w.org\/{rel}","templated":true}]}}