{"id":241779,"date":"2015-11-09T00:07:33","date_gmt":"2015-11-09T06:07:33","guid":{"rendered":"http:\/\/www.diarioimagen.net\/?p=241779"},"modified":"2015-11-09T02:23:16","modified_gmt":"2015-11-09T08:23:16","slug":"cuajimalpa-5-mil-viviendas-en-zona-de-riesgo-alertan","status":"publish","type":"post","link":"https:\/\/www.diarioimagen.net\/?p=241779","title":{"rendered":"Cuajimalpa: 5 mil viviendas en zona de riesgo, alertan"},"content":{"rendered":"<ul>\n<li><strong><em>El mayor peligro, en Santa Anita<\/em><\/strong><\/li>\n<\/ul>\n<p>&nbsp;<\/p>\n<div id=\"attachment_241910\" style=\"width: 430px\" class=\"wp-caption aligncenter\"><a href=\"http:\/\/www.diarioimagen.net\/?attachment_id=241910\" rel=\"attachment wp-att-241910\"><img loading=\"lazy\" decoding=\"async\" aria-describedby=\"caption-attachment-241910\" class=\"size-large wp-image-241910\" src=\"http:\/\/www.diarioimagen.net\/wp-content\/uploads\/2015\/11\/CUAJIMALPA-2736-420x236.jpg\" alt=\"M\u00e1s de 5 mil familias viven zonas de riesgo en barrancas o \u00e1reas protegidas de esta demarcaci\u00f3n.\" width=\"420\" height=\"236\" srcset=\"https:\/\/www.diarioimagen.net\/wp-content\/uploads\/2015\/11\/CUAJIMALPA-2736-420x236.jpg 420w, https:\/\/www.diarioimagen.net\/wp-content\/uploads\/2015\/11\/CUAJIMALPA-2736-240x135.jpg 240w, https:\/\/www.diarioimagen.net\/wp-content\/uploads\/2015\/11\/CUAJIMALPA-2736-235x132.jpg 235w, https:\/\/www.diarioimagen.net\/wp-content\/uploads\/2015\/11\/CUAJIMALPA-2736-202x114.jpg 202w, https:\/\/www.diarioimagen.net\/wp-content\/uploads\/2015\/11\/CUAJIMALPA-2736-350x196.jpg 350w, https:\/\/www.diarioimagen.net\/wp-content\/uploads\/2015\/11\/CUAJIMALPA-2736-220x123.jpg 220w, https:\/\/www.diarioimagen.net\/wp-content\/uploads\/2015\/11\/CUAJIMALPA-2736-237x132.jpg 237w, https:\/\/www.diarioimagen.net\/wp-content\/uploads\/2015\/11\/CUAJIMALPA-2736.jpg 480w\" sizes=\"auto, (max-width: 420px) 100vw, 420px\" \/><\/a><p id=\"caption-attachment-241910\" class=\"wp-caption-text\">M\u00e1s de 5 mil familias viven zonas de riesgo en barrancas o \u00e1reas protegidas de esta demarcaci\u00f3n.<\/p><\/div>\n<p>&nbsp;<\/p>\n<p>La delegaci\u00f3n Cuajimalpa, alert\u00f3 sobre la situaci\u00f3n en la que viven m\u00e1s de 5 mil familias que est\u00e1n en zonas de riesgo en barrancas o \u00e1reas protegidas en esa demarcaci\u00f3n.<\/p>\n<p>La mayor preocupaci\u00f3n son las familias de Santa Anita, porque hay en este momento, 50 viviendas en situaci\u00f3n de alto riesgo ante las lluvias at\u00edpicas, advirti\u00f3 el jefe delegacional, Miguel \u00c1ngel Salazar<\/p>\n<p>Mencion\u00f3 que en la zona ha habido desgajamientos, donde algunas casas se vieron afectadas, y hay temor por el deslizamiento natural de la tierra, que por el paso de los a\u00f1os y el mal estado de las casas podr\u00edan venirse abajo.<\/p>\n<p>\u201cYa hemos dado parte a las autoridades del gobierno del Distrito Federal porque est\u00e1n pegadas a una barranca de \u00e1rea protegida, de tal suerte que no puedo designar recursos para esas casas, porque se estar\u00eda violentando la norma ambiental\u201d, mencion\u00f3 Salazar.<\/p>\n<p>Dijo que ha pedido autorizaci\u00f3n al gobierno de la ciudad en materia de Protecci\u00f3n Civil y ambiental, para que pueda hacer los trabajos en las zonas de riesgo, \u201cpero en eso estoy ahorita, es uno de los pendientes pr\u00f3ximos que tenemos que resolver\u201d.<\/p>\n<p>Reiter\u00f3 en que esta problem\u00e1tica es un tema que viene monitoreando desde hace tiempo y es de los m\u00e1s importantes para el inicio de su administraci\u00f3n.<\/p>\n<p><strong>\u00a0<\/strong><\/p>\n","protected":false},"excerpt":{"rendered":"<p>La delegaci\u00f3n Cuajimalpa, alert\u00f3 sobre la situaci\u00f3n en la que viven m\u00e1s de 5 mil familias que est\u00e1n en zonas de riesgo en barrancas o \u00e1reas protegidas en esa demarcaci\u00f3n.<\/p>\n","protected":false},"author":3,"featured_media":241910,"comment_status":"open","ping_status":"open","sticky":false,"template":"","format":"standard","meta":{"_monsterinsights_skip_tracking":false,"_monsterinsights_sitenote_active":false,"_monsterinsights_sitenote_note":"","_monsterinsights_sitenote_category":0,"footnotes":""},"categories":[6],"tags":[18679,204,4958,19195],"class_list":["post-241779","post","type-post","status-publish","format-standard","has-post-thumbnail","hentry","category-cd-de-mexico","tag-alerta","tag-ciudad-de-mexico","tag-cuajimalpa","tag-vivienda"],"_links":{"self":[{"href":"https:\/\/www.diarioimagen.net\/index.php?rest_route=\/wp\/v2\/posts\/241779","targetHints":{"allow":["GET"]}}],"collection":[{"href":"https:\/\/www.diarioimagen.net\/index.php?rest_route=\/wp\/v2\/posts"}],"about":[{"href":"https:\/\/www.diarioimagen.net\/index.php?rest_route=\/wp\/v2\/types\/post"}],"author":[{"embeddable":true,"href":"https:\/\/www.diarioimagen.net\/index.php?rest_route=\/wp\/v2\/users\/3"}],"replies":[{"embeddable":true,"href":"https:\/\/www.diarioimagen.net\/index.php?rest_route=%2Fwp%2Fv2%2Fcomments&post=241779"}],"version-history":[{"count":0,"href":"https:\/\/www.diarioimagen.net\/index.php?rest_route=\/wp\/v2\/posts\/241779\/revisions"}],"wp:featuredmedia":[{"embeddable":true,"href":"https:\/\/www.diarioimagen.net\/index.php?rest_route=\/wp\/v2\/media\/241910"}],"wp:attachment":[{"href":"https:\/\/www.diarioimagen.net\/index.php?rest_route=%2Fwp%2Fv2%2Fmedia&parent=241779"}],"wp:term":[{"taxonomy":"category","embeddable":true,"href":"https:\/\/www.diarioimagen.net\/index.php?rest_route=%2Fwp%2Fv2%2Fcategories&post=241779"},{"taxonomy":"post_tag","embeddable":true,"href":"https:\/\/www.diarioimagen.net\/index.php?rest_route=%2Fwp%2Fv2%2Ftags&post=241779"}],"curies":[{"name":"wp","href":"https:\/\/api.w.org\/{rel}","templated":true}]}}