{"id":241794,"date":"2015-11-09T00:03:40","date_gmt":"2015-11-09T06:03:40","guid":{"rendered":"http:\/\/www.diarioimagen.net\/?p=241794"},"modified":"2015-11-09T23:22:03","modified_gmt":"2015-11-10T05:22:03","slug":"apoya-higinio-alfredo-garcia-a-jovenes-talento","status":"publish","type":"post","link":"https:\/\/www.diarioimagen.net\/?p=241794","title":{"rendered":"Apoya Higinio Alfredo Garc\u00eda a j\u00f3venes talento"},"content":{"rendered":"<ul>\n<li><strong><em>Impulso a la cultura en Tultitl\u00e1n<\/em><\/strong><\/li>\n<\/ul>\n<p>&nbsp;<\/p>\n<div id=\"attachment_241857\" style=\"width: 430px\" class=\"wp-caption aligncenter\"><a href=\"http:\/\/www.diarioimagen.net\/?attachment_id=241857\" rel=\"attachment wp-att-241857\"><img loading=\"lazy\" decoding=\"async\" aria-describedby=\"caption-attachment-241857\" class=\"size-large wp-image-241857\" src=\"http:\/\/www.diarioimagen.net\/wp-content\/uploads\/2015\/11\/TULTITLAN-2736-420x236.jpg\" alt=\"La ni\u00f1a Viridiana Rosas Cruz recibi\u00f3 de manos del alcalde un apoyo econ\u00f3mico para poder lograr su meta de participar en el concurso \u201cVen y Canta\u201d.\" width=\"420\" height=\"236\" srcset=\"https:\/\/www.diarioimagen.net\/wp-content\/uploads\/2015\/11\/TULTITLAN-2736-420x236.jpg 420w, https:\/\/www.diarioimagen.net\/wp-content\/uploads\/2015\/11\/TULTITLAN-2736-240x135.jpg 240w, https:\/\/www.diarioimagen.net\/wp-content\/uploads\/2015\/11\/TULTITLAN-2736-480x270.jpg 480w, https:\/\/www.diarioimagen.net\/wp-content\/uploads\/2015\/11\/TULTITLAN-2736-235x132.jpg 235w, https:\/\/www.diarioimagen.net\/wp-content\/uploads\/2015\/11\/TULTITLAN-2736-202x114.jpg 202w, https:\/\/www.diarioimagen.net\/wp-content\/uploads\/2015\/11\/TULTITLAN-2736-350x196.jpg 350w, https:\/\/www.diarioimagen.net\/wp-content\/uploads\/2015\/11\/TULTITLAN-2736-220x123.jpg 220w, https:\/\/www.diarioimagen.net\/wp-content\/uploads\/2015\/11\/TULTITLAN-2736-237x132.jpg 237w, https:\/\/www.diarioimagen.net\/wp-content\/uploads\/2015\/11\/TULTITLAN-2736.jpg 1200w\" sizes=\"auto, (max-width: 420px) 100vw, 420px\" \/><\/a><p id=\"caption-attachment-241857\" class=\"wp-caption-text\">La ni\u00f1a Viridiana Rosas Cruz recibi\u00f3 de manos del alcalde un apoyo econ\u00f3mico para poder lograr su meta de participar en el concurso \u201cVen y Canta\u201d.<\/p><\/div>\n<p>&nbsp;<\/p>\n<p><strong>Tultitl\u00e1n, Estado de M\u00e9xico<\/strong>.- Siendo la cultura de gran importancia para la actual administraci\u00f3n 2013-2015, el maestro en administraci\u00f3n p\u00fablica, \u00a0Higinio Alfredo Garc\u00eda Dur\u00e1n hizo entrega de un apoyo econ\u00f3mico a una joven talento para poder participar en el gran concurso de canto a nivel estatal \u201cVen y Canta\u201d.<\/p>\n<p>El alcalde coment\u00f3 que apoyar a talentos tultitlenses es trabajar por una sociedad mejor \u201ces muy positivo apoyar a los j\u00f3venes de Tultitl\u00e1n para que puedan sobresalir y pongan en alto a nuestro municipio, es de vital importancia dar el impulso que se necesita para apuntalar a m\u00e1s talentos tultitlenses y as\u00ed puedan desarrollar sus capacidades\u201d dijo Higinio Alfredo Garc\u00eda Duran.<\/p>\n<p>Viridiana Rosas Cruz, una ni\u00f1a de 12 a\u00f1os de edad \u00a0con mucho talento, recibi\u00f3 de manos del alcalde un apoyo econ\u00f3mico para poder lograr su meta de participar en el concurso \u201cVen y Canta\u201d, \u00a0donde orgullosamente fue a representar a Tultitl\u00e1n; esta competencia es organizada por las \u00a0preceptor\u00edas juveniles del Estado de M\u00e9xico.<\/p>\n<p>&nbsp;<\/p>\n","protected":false},"excerpt":{"rendered":"<p>Siendo la cultura de gran importancia para la actual administraci\u00f3n 2013-2015, el maestro en administraci\u00f3n p\u00fablica,  Higinio Alfredo Garc\u00eda Dur\u00e1n hizo entrega de un apoyo econ\u00f3mico a una joven talento para poder participar en el gran concurso de canto a nivel estatal \u201cVen y Canta\u201d.<\/p>\n","protected":false},"author":3,"featured_media":241857,"comment_status":"open","ping_status":"open","sticky":false,"template":"","format":"standard","meta":{"_monsterinsights_skip_tracking":false,"_monsterinsights_sitenote_active":false,"_monsterinsights_sitenote_note":"","_monsterinsights_sitenote_category":0,"footnotes":""},"categories":[35155],"tags":[2701,43675,578],"class_list":["post-241794","post","type-post","status-publish","format-standard","has-post-thumbnail","hentry","category-estado-de-mexico-estado-de-mexico","tag-apoyo","tag-estado-de-mexico","tag-tultitlan"],"_links":{"self":[{"href":"https:\/\/www.diarioimagen.net\/index.php?rest_route=\/wp\/v2\/posts\/241794","targetHints":{"allow":["GET"]}}],"collection":[{"href":"https:\/\/www.diarioimagen.net\/index.php?rest_route=\/wp\/v2\/posts"}],"about":[{"href":"https:\/\/www.diarioimagen.net\/index.php?rest_route=\/wp\/v2\/types\/post"}],"author":[{"embeddable":true,"href":"https:\/\/www.diarioimagen.net\/index.php?rest_route=\/wp\/v2\/users\/3"}],"replies":[{"embeddable":true,"href":"https:\/\/www.diarioimagen.net\/index.php?rest_route=%2Fwp%2Fv2%2Fcomments&post=241794"}],"version-history":[{"count":0,"href":"https:\/\/www.diarioimagen.net\/index.php?rest_route=\/wp\/v2\/posts\/241794\/revisions"}],"wp:featuredmedia":[{"embeddable":true,"href":"https:\/\/www.diarioimagen.net\/index.php?rest_route=\/wp\/v2\/media\/241857"}],"wp:attachment":[{"href":"https:\/\/www.diarioimagen.net\/index.php?rest_route=%2Fwp%2Fv2%2Fmedia&parent=241794"}],"wp:term":[{"taxonomy":"category","embeddable":true,"href":"https:\/\/www.diarioimagen.net\/index.php?rest_route=%2Fwp%2Fv2%2Fcategories&post=241794"},{"taxonomy":"post_tag","embeddable":true,"href":"https:\/\/www.diarioimagen.net\/index.php?rest_route=%2Fwp%2Fv2%2Ftags&post=241794"}],"curies":[{"name":"wp","href":"https:\/\/api.w.org\/{rel}","templated":true}]}}