{"id":241803,"date":"2015-11-09T00:04:31","date_gmt":"2015-11-09T06:04:31","guid":{"rendered":"http:\/\/www.diarioimagen.net\/?p=241803"},"modified":"2015-11-09T01:54:53","modified_gmt":"2015-11-09T07:54:53","slug":"reinauguran-centro-de-desarrollo-comunitario-san-juan-ixhuatepec","status":"publish","type":"post","link":"https:\/\/www.diarioimagen.net\/?p=241803","title":{"rendered":"Reinauguran Centro de Desarrollo Comunitario San Juan Ixhuatepec"},"content":{"rendered":"<ul>\n<li><strong><em>Mejoran instalaciones del DIF<\/em><\/strong><\/li>\n<\/ul>\n<p>&nbsp;<\/p>\n<div id=\"attachment_241853\" style=\"width: 430px\" class=\"wp-caption aligncenter\"><a href=\"http:\/\/www.diarioimagen.net\/?attachment_id=241853\" rel=\"attachment wp-att-241853\"><img loading=\"lazy\" decoding=\"async\" aria-describedby=\"caption-attachment-241853\" class=\"size-large wp-image-241853\" src=\"http:\/\/www.diarioimagen.net\/wp-content\/uploads\/2015\/11\/TLALNEPANTLA-2736-420x279.jpg\" alt=\"Ver\u00f3nica Rocha V\u00e9lez, presidenta del DIF local, cort\u00f3 el list\u00f3n del Centro de Desarrollo Comunitario Ampliaci\u00f3n Lomas de San Juan Ixhuatepec.\" width=\"420\" height=\"279\" srcset=\"https:\/\/www.diarioimagen.net\/wp-content\/uploads\/2015\/11\/TLALNEPANTLA-2736-420x279.jpg 420w, https:\/\/www.diarioimagen.net\/wp-content\/uploads\/2015\/11\/TLALNEPANTLA-2736-240x159.jpg 240w, https:\/\/www.diarioimagen.net\/wp-content\/uploads\/2015\/11\/TLALNEPANTLA-2736.jpg 1200w\" sizes=\"auto, (max-width: 420px) 100vw, 420px\" \/><\/a><p id=\"caption-attachment-241853\" class=\"wp-caption-text\">Ver\u00f3nica Rocha V\u00e9lez, presidenta del DIF local, cort\u00f3 el list\u00f3n del Centro de Desarrollo Comunitario Ampliaci\u00f3n Lomas de San Juan Ixhuatepec.<\/p><\/div>\n<p>&nbsp;<\/p>\n<p><strong>Tlalnepantla, Estado de M\u00e9xico<\/strong>.- Mejorando las instalaciones y los servicios de la comunidad, Ver\u00f3nica Rocha V\u00e9lez, presidenta del DIF local, en compa\u00f1\u00eda de autoridades del Sistema Municipal, realiz\u00f3 el corte de list\u00f3n de la habilitaci\u00f3n y equipamiento del Centro de Desarrollo Comunitario Ampliaci\u00f3n Lomas de San Juan Ixhuatepec.<\/p>\n<p>Ante la presencia de autoridades y padres de familia, Ver\u00f3nica Rocha V\u00e9lez dio la bienvenida a todos los asistentes, recalcando que el trabajo que se realiz\u00f3 durante 8 meses, dio como resultado, un espacio p\u00fablico de calidad para todas aquellas personas que buscan desarrollar sus habilidades art\u00edsticas y culturales, agradeciendo as\u00ed, la confianza que cada uno de ellos ha depositado, ya que ellos son quienes hicieron posible este gran esfuerzo.<\/p>\n<p>\u201cLa diferencia entre d\u00f3nde estuviste ayer, y d\u00f3nde vas a estar ma\u00f1ana; es lo que pienses, digas y hagas hoy\u201d, expres\u00f3 la presidenta del Sistema Municipal.<\/p>\n<p>&nbsp;<\/p>\n","protected":false},"excerpt":{"rendered":"<p>Mejorando las instalaciones y los servicios de la comunidad, Ver\u00f3nica Rocha V\u00e9lez, presidenta del DIF local, en compa\u00f1\u00eda de autoridades del Sistema Municipal, realiz\u00f3 el corte de list\u00f3n de la habilitaci\u00f3n y equipamiento del Centro de Desarrollo Comunitario Ampliaci\u00f3n Lomas de San Juan Ixhuatepec.<\/p>\n","protected":false},"author":3,"featured_media":241853,"comment_status":"open","ping_status":"open","sticky":false,"template":"","format":"standard","meta":{"_monsterinsights_skip_tracking":false,"_monsterinsights_sitenote_active":false,"_monsterinsights_sitenote_note":"","_monsterinsights_sitenote_category":0,"footnotes":""},"categories":[35155],"tags":[43675,169],"class_list":["post-241803","post","type-post","status-publish","format-standard","has-post-thumbnail","hentry","category-estado-de-mexico-estado-de-mexico","tag-estado-de-mexico","tag-tlalnepantla"],"_links":{"self":[{"href":"https:\/\/www.diarioimagen.net\/index.php?rest_route=\/wp\/v2\/posts\/241803","targetHints":{"allow":["GET"]}}],"collection":[{"href":"https:\/\/www.diarioimagen.net\/index.php?rest_route=\/wp\/v2\/posts"}],"about":[{"href":"https:\/\/www.diarioimagen.net\/index.php?rest_route=\/wp\/v2\/types\/post"}],"author":[{"embeddable":true,"href":"https:\/\/www.diarioimagen.net\/index.php?rest_route=\/wp\/v2\/users\/3"}],"replies":[{"embeddable":true,"href":"https:\/\/www.diarioimagen.net\/index.php?rest_route=%2Fwp%2Fv2%2Fcomments&post=241803"}],"version-history":[{"count":0,"href":"https:\/\/www.diarioimagen.net\/index.php?rest_route=\/wp\/v2\/posts\/241803\/revisions"}],"wp:featuredmedia":[{"embeddable":true,"href":"https:\/\/www.diarioimagen.net\/index.php?rest_route=\/wp\/v2\/media\/241853"}],"wp:attachment":[{"href":"https:\/\/www.diarioimagen.net\/index.php?rest_route=%2Fwp%2Fv2%2Fmedia&parent=241803"}],"wp:term":[{"taxonomy":"category","embeddable":true,"href":"https:\/\/www.diarioimagen.net\/index.php?rest_route=%2Fwp%2Fv2%2Fcategories&post=241803"},{"taxonomy":"post_tag","embeddable":true,"href":"https:\/\/www.diarioimagen.net\/index.php?rest_route=%2Fwp%2Fv2%2Ftags&post=241803"}],"curies":[{"name":"wp","href":"https:\/\/api.w.org\/{rel}","templated":true}]}}