{"id":241979,"date":"2015-11-10T00:05:43","date_gmt":"2015-11-10T06:05:43","guid":{"rendered":"http:\/\/www.diarioimagen.net\/?p=241979"},"modified":"2015-11-10T23:23:51","modified_gmt":"2015-11-11T05:23:51","slug":"mas-impulso-a-las-carreras-universitarias","status":"publish","type":"post","link":"https:\/\/www.diarioimagen.net\/?p=241979","title":{"rendered":"M\u00e1s impulso a las carreras universitarias"},"content":{"rendered":"<h2>Arco Norte<\/h2>\n<h5>Jos\u00e9 Luis Monta\u00f1ez Aguilar<\/h5>\n<p>&nbsp;<\/p>\n<div id=\"attachment_242084\" style=\"width: 430px\" class=\"wp-caption aligncenter\"><a href=\"http:\/\/www.diarioimagen.net\/?attachment_id=242084\" rel=\"attachment wp-att-242084\"><img loading=\"lazy\" decoding=\"async\" aria-describedby=\"caption-attachment-242084\" class=\"size-large wp-image-242084\" src=\"http:\/\/www.diarioimagen.net\/wp-content\/uploads\/2015\/11\/arco-2737-420x236.jpg\" alt=\"Eruviel \u00c1vila - En reuni\u00f3n con Aurelio Nu\u00f1o y los gobernadores del centro del pa\u00eds.\" width=\"420\" height=\"236\" srcset=\"https:\/\/www.diarioimagen.net\/wp-content\/uploads\/2015\/11\/arco-2737-420x236.jpg 420w, https:\/\/www.diarioimagen.net\/wp-content\/uploads\/2015\/11\/arco-2737-240x135.jpg 240w, https:\/\/www.diarioimagen.net\/wp-content\/uploads\/2015\/11\/arco-2737-480x270.jpg 480w, https:\/\/www.diarioimagen.net\/wp-content\/uploads\/2015\/11\/arco-2737-235x132.jpg 235w, https:\/\/www.diarioimagen.net\/wp-content\/uploads\/2015\/11\/arco-2737-202x114.jpg 202w, https:\/\/www.diarioimagen.net\/wp-content\/uploads\/2015\/11\/arco-2737-350x196.jpg 350w, https:\/\/www.diarioimagen.net\/wp-content\/uploads\/2015\/11\/arco-2737-220x123.jpg 220w, https:\/\/www.diarioimagen.net\/wp-content\/uploads\/2015\/11\/arco-2737-237x132.jpg 237w, https:\/\/www.diarioimagen.net\/wp-content\/uploads\/2015\/11\/arco-2737.jpg 1200w\" sizes=\"auto, (max-width: 420px) 100vw, 420px\" \/><\/a><p id=\"caption-attachment-242084\" class=\"wp-caption-text\">Eruviel \u00c1vila &#8211; En reuni\u00f3n con Aurelio Nu\u00f1o y los gobernadores del centro del pa\u00eds.<\/p><\/div>\n<p>&nbsp;<\/p>\n<p>Al participar en la primera reuni\u00f3n en materia de educaci\u00f3n del grupo de coordinaci\u00f3n regional de la zona centro, que encabez\u00f3 el secretario de Educaci\u00f3n P\u00fablica, Aurelio Nu\u00f1o Mayer, el gobernador del Estado de M\u00e9xico, Eruviel \u00c1vila Villegas, propuso realizar un estudio de empleabilidad para esta regi\u00f3n del pa\u00eds con el prop\u00f3sito de impulsar carreras universitarias afines a las necesidades laborales de esta zona; adem\u00e1s de promover la simplificaci\u00f3n de los tramites de titulaci\u00f3n, como ya ocurre en la entidad mexiquense, para que los j\u00f3venes puedan acceder m\u00e1s pronto al mercado de trabajo.<\/p>\n<p>Asimismo, reiter\u00f3 el compromiso del Estado de M\u00e9xico para trabajar y cumplir con las siete prioridades que la Secretar\u00eda de Educaci\u00f3n P\u00fablica (SEP) ha establecido para el desarrollo de este sector, que son fortalecimiento de la escuela; revisi\u00f3n de los planes y programas de estudio; equidad e inclusi\u00f3n; vinculaci\u00f3n entre\u00a0\u00a0 educaci\u00f3n y mercado laboral; desarrollo profesional docente; infraestructura, equipamiento y materiales educativos y reformas administrativas.<\/p>\n<p>Durante la reuni\u00f3n en donde tambi\u00e9n participaron los gobernadores de Tlaxcala, Mariano Gonz\u00e1lez Zarur; Morelos, Graco Ram\u00edrez; Puebla, Rafael Moreno Valle; e Hidalgo, Francisco Olvera Ruiz; Eruviel \u00c1vila reconoci\u00f3 al titular de la SEP por emprender este tipo de encuentros, los cuales, dijo, permiten que las necesidades en materia educativa de cada una de las entidades federativas, sean escuchadas y atendidas en beneficio de la ni\u00f1ez, la juventud y los maestros.<\/p>\n<p>Asimismo, como presidente de la Conferencia Nacional de Gobernadores (Conago), reiter\u00f3 el compromiso de los gobiernos estatales de cumplir en tiempo y forma, y con total transparencia, las obras que se llevar\u00e1n a cabo a trav\u00e9s del programa de certificados de infraestructura educativa.<\/p>\n<p><em><a href=\"mailto:montanezaguilar@gmail.com\" target=\"_blank\">montanezaguilar@gmail.com<\/a><\/em><\/p>\n","protected":false},"excerpt":{"rendered":"<p><span style=\"color: #005497;\">Jos\u00e9 Luis Monta\u00f1ez Aguilar<\/span><br \/>\n<br \/>\nAl participar en la primera reuni\u00f3n en materia de educaci\u00f3n del grupo de coordinaci\u00f3n regional de la zona centro, que encabez\u00f3 el secretario de Educaci\u00f3n P\u00fablica, Aurelio Nu\u00f1o Mayer, el gobernador del Estado de M\u00e9xico, Eruviel \u00c1vila Villegas, propuso realizar un estudio de empleabilidad para esta regi\u00f3n del pa\u00eds con el prop\u00f3sito de impulsar carreras universitarias afines a las necesidades laborales de esta zona; adem\u00e1s de promover la simplificaci\u00f3n de los tramites de titulaci\u00f3n, como ya ocurre en la entidad mexiquense, para que los j\u00f3venes puedan acceder m\u00e1s pronto al mercado de trabajo.<\/p>\n","protected":false},"author":3,"featured_media":242084,"comment_status":"open","ping_status":"open","sticky":false,"template":"","format":"standard","meta":{"_monsterinsights_skip_tracking":false,"_monsterinsights_sitenote_active":false,"_monsterinsights_sitenote_note":"","_monsterinsights_sitenote_category":0,"footnotes":""},"categories":[5],"tags":[13284,43675,43704,43674],"class_list":["post-241979","post","type-post","status-publish","format-standard","has-post-thumbnail","hentry","category-estado-de-mexico","tag-arco-norte","tag-estado-de-mexico","tag-jose-luis-montanez-aguilar","tag-opinion"],"_links":{"self":[{"href":"https:\/\/www.diarioimagen.net\/index.php?rest_route=\/wp\/v2\/posts\/241979","targetHints":{"allow":["GET"]}}],"collection":[{"href":"https:\/\/www.diarioimagen.net\/index.php?rest_route=\/wp\/v2\/posts"}],"about":[{"href":"https:\/\/www.diarioimagen.net\/index.php?rest_route=\/wp\/v2\/types\/post"}],"author":[{"embeddable":true,"href":"https:\/\/www.diarioimagen.net\/index.php?rest_route=\/wp\/v2\/users\/3"}],"replies":[{"embeddable":true,"href":"https:\/\/www.diarioimagen.net\/index.php?rest_route=%2Fwp%2Fv2%2Fcomments&post=241979"}],"version-history":[{"count":0,"href":"https:\/\/www.diarioimagen.net\/index.php?rest_route=\/wp\/v2\/posts\/241979\/revisions"}],"wp:featuredmedia":[{"embeddable":true,"href":"https:\/\/www.diarioimagen.net\/index.php?rest_route=\/wp\/v2\/media\/242084"}],"wp:attachment":[{"href":"https:\/\/www.diarioimagen.net\/index.php?rest_route=%2Fwp%2Fv2%2Fmedia&parent=241979"}],"wp:term":[{"taxonomy":"category","embeddable":true,"href":"https:\/\/www.diarioimagen.net\/index.php?rest_route=%2Fwp%2Fv2%2Fcategories&post=241979"},{"taxonomy":"post_tag","embeddable":true,"href":"https:\/\/www.diarioimagen.net\/index.php?rest_route=%2Fwp%2Fv2%2Ftags&post=241979"}],"curies":[{"name":"wp","href":"https:\/\/api.w.org\/{rel}","templated":true}]}}