{"id":242266,"date":"2015-11-11T00:01:52","date_gmt":"2015-11-11T06:01:52","guid":{"rendered":"http:\/\/www.diarioimagen.net\/?p=242266"},"modified":"2015-11-11T01:21:17","modified_gmt":"2015-11-11T07:21:17","slug":"maraton-internacional-de-cancun","status":"publish","type":"post","link":"https:\/\/www.diarioimagen.net\/?p=242266","title":{"rendered":"Marat\u00f3n Internacional de Canc\u00fan"},"content":{"rendered":"<h2>\u201cHora 14\u201d<\/h2>\n<h5>Mauricio Conde Olivares<\/h5>\n<p>&nbsp;<\/p>\n<p>Con un costo que alcanza los 2 millones de pesos, el s\u00e1bado 5 de diciembre ser\u00e1 el disparo oficial para el arranque del Marat\u00f3n Internacional de Canc\u00fan, en su edici\u00f3n n\u00famero 31, donde atletas de todo el mundo competir\u00e1n en las distancia de 5, 21 y 42 kil\u00f3metros, saliendo desde el Malec\u00f3n de Canc\u00fan, para recorrer avenida Bonampak, el bulevar Kukulc\u00e1n de la zona hotelera y de regreso a la meta.<\/p>\n<p>Los premios garantizados para los corredores suman 900 mil pesos y se tiene cupo para recibir a 3 mil 500 atletas, donde se estima que siete de cada diez ser\u00e1n provenientes de otras partes de M\u00e9xico y el resto del mundo, como ocurri\u00f3 en el pasado marat\u00f3n nocturno. En esta ocasi\u00f3n el staff de asistencia y seguridad sumar\u00e1 la participaci\u00f3n de 600 personas, 15 param\u00e9dicos, 20 masajistas y seis ambulancias.<\/p>\n<p>En el hotel Oasis Pir\u00e1mide ser\u00e1 la entrega de kit de participantes, Sal\u00f3n Arenas el jueves y viernes 4 de diciembre, de las 08:00 a las 22:00 horas, donde el costo especial de habitaci\u00f3n ser\u00e1 de mil pesos la noche y ya se inscribi\u00f3 un grupo proveniente de Brasil de 150 personas que ah\u00ed se hospeda; a\u00fan hay espacios de inscripci\u00f3n en la distancia de 42 kil\u00f3metros para 200 personas m\u00e1s; 300 atletas m\u00e1s en 21 kil\u00f3metros y hay muchos espacios en la carrera de 5 kil\u00f3metros.<\/p>\n<p>Las inscripciones para quienes quieran correr los 5 kil\u00f3metros es de 400 pesos y de 700 pesos para las categor\u00edas de 21 y 42 kil\u00f3metros, mismas que concluyen el pr\u00f3ximo 30 de noviembre en la p\u00e1gina web www.maratoncancun.com, donde podr\u00e1n en l\u00ednea llenar la solicitud; en este rubro se espera recuperar 600 mil pesos.<\/p>\n<p>En estas tres semanas que quedan se espera se agoten las inscripciones, pero para no congestionar la zona hotelera, bloquearla totalmente, el n\u00famero de 3 mil 500 atletas en el marat\u00f3n es la clave para equilibrar la actividad deportiva con la hotelera, que requiere una fluida circulaci\u00f3n a trav\u00e9s de la \u00fanica v\u00eda de comunicaci\u00f3n con que cuenta.<\/p>\n<p>Por eso, el marat\u00f3n nocturno de Canc\u00fan utilizar\u00e1 uno de los dos carriles de circulaci\u00f3n del bulevar Kukulc\u00e1n.<\/p>\n<p>Lo interesante de este evento deportivo es que servir\u00e1 para monitorear la derrama econ\u00f3mica resultante con el conteo de los atletas con sus familias que provienen del extranjero, as\u00ed como del interior del pa\u00eds, porque se ha convertido la competencia en otra ventana tur\u00edstica, un plus que se otorga en el cierre del a\u00f1o para quienes visitan Canc\u00fan; esta vez con el apoyo del hotel Oasis Pir\u00e1mide, el cual se aplicar\u00e1 en diferentes hoteles la pr\u00f3xima edici\u00f3n.<\/p>\n<p>En el caso de la carrera de 5 kil\u00f3metros, los competidores entrar\u00e1n a la meta en el mismo lugar que los que corran los 21 y 42 kil\u00f3metros, y para todos se dise\u00f1\u00f3 una nueva camiseta de competidores y de finalistas de las carreras de 21 y 42 kil\u00f3metros, tambi\u00e9n se modific\u00f3 la medalla de cada categor\u00eda, de 42, 60 y 80 mil\u00edmetros, respectivamente.<\/p>\n<p>Es el segundo marat\u00f3n m\u00e1s longevo de M\u00e9xico, despu\u00e9s del de la Ciudad de M\u00e9xico, y se busca promocionar el destino dentro de la agenda del Consejo de Promoci\u00f3n Tur\u00edstica de M\u00e9xico (CPTM), pues ya circula por todo el pa\u00eds cartel alusivo del evento.<\/p>\n<p>Desde esta semana se encontrar\u00e1 esta publicidad en la p\u00e1gina de mexico.com, y hay espectaculares en la ciudad de M\u00e9xico, por ejemplo.<\/p>\n<p>En la log\u00edstica, habr\u00e1 pantallas LED, apoyo de los bomberos, personal de la Secretar\u00eda de Marina y de la Capitan\u00eda de Puerto; adem\u00e1s habr\u00e1 actividades de entretenimiento, canchas de tenis, basquetbol, soccer, tochito y el escenario para bandas de rock y de un DJ profesional.<\/p>\n<p>Al respecto, el director municipal\u00a0del Deporte, Jos\u00e9 Luis Gonz\u00e1lez, dijo que ya est\u00e1 a la vuelta de la esquina este marat\u00f3n, y todos los preparativos ya se cumplieron para esta experiencia que ser\u00e1 mucho mejor que la del a\u00f1o anterior.<\/p>\n<p>El funcionario record\u00f3 que ser\u00e1 su \u00faltimo marat\u00f3n al frente de esa \u00e1rea administrativa, con la participaci\u00f3n activa de la Liga Universitaria con sus voluntarios; la Universidad del Caribe ayuda con su equipo de la carrera de gastronom\u00eda en la zona de recuperaci\u00f3n de los atletas con aporte de frutas, por ejemplo.<\/p>\n<p>Adem\u00e1s se contar\u00e1 con un equipo de masajistas m\u00e1s grande que el del a\u00f1o pasado; tambi\u00e9n creci\u00f3 el cuerpo m\u00e9dico, pues el a\u00f1o pasado se tuvo hasta 40 personas en atenci\u00f3n de la carrera de cinco kil\u00f3metros, por ejemplo; por lo que les recomendamos que vayan preparados por los altos grados de humedad que se registran aunque el marat\u00f3n sea nocturno.<\/p>\n<p>Hasta el momento se han registrado para participar en estas carreras a un grupo de 300 religiosos, por lo que se han otorgado descuentos para sumar a todos los interesados.<\/p>\n<p>Se cerrar\u00e1 parcialmente durante cinco horas la zona hotelera.<\/p>\n<p>El coordinador de Tr\u00e1nsito municipal en la zona hotelera, Luis Olivares, indic\u00f3 que el s\u00e1bado 5 de diciembre se cerrar\u00e1 la vialidad empezando desde la avenida Bonampak, frente a plaza Las Am\u00e9ricas, a partir de las 12 del d\u00eda y la entrada vehicular a la zona hotelera ser\u00e1 por el aeropuerto con salida al Kil\u00f3metro Cero del bulevar Kukulc\u00e1n, y la carrera va a ser desde el Kil\u00f3metro Cero hasta Playa Delfines, carril de subida pegado a la Laguna Nichupt\u00e9, donde hay entre 40 y 50 retornos, incluidas las entradas y salidas de los fraccionamientos residenciales de la zona de playas.<\/p>\n<p>Al efecto, el equipo de futbol americano de la Universidad An\u00e1huac ir\u00e1 casa por casa en esos fraccionamientos para avisar a los vecinos sobre el marat\u00f3n, a fin de que tomen sus previsiones el d\u00eda de la competencia.<\/p>\n<p>Hasta el momento, se tiene inscritos corredores de diferentes partes del mundo como Venezuela, Rep\u00fablica Dominicana, Cuba, Kenia, Jap\u00f3n, Italia, Inglaterra, Francia, Estados Unidos, Espa\u00f1a, Costa Rica, Colombia, Chile, Brasil, Bolivia, Argentina y El Salvador, as\u00ed como atletas del resto del pa\u00eds, como Yucat\u00e1n, Veracruz, Estado de M\u00e9xico, Nuevo Le\u00f3n, Distrito Federal, Guerrero, Aguascalientes, Campeche, Chiapas, Chihuahua, Guanajuato, Jalisco, Michoac\u00e1n, Oaxaca, Quer\u00e9taro, Tabasco y Tlaxcala; pero esto ser\u00e1 motivo de posterior an\u00e1lisis en otra entrega de <strong><em>Hora 14<\/em><\/strong>.<\/p>\n<p><em><a href=\"mailto:%20mauricio_conde@msn.com\" target=\"_blank\">mauricio_conde@msn.com<\/a><\/em><\/p>\n","protected":false},"excerpt":{"rendered":"<p><span style=\"color: #005497;\"><strong>Mauricio Conde Olivares<\/strong><\/span><\/p>\n","protected":false},"author":3,"featured_media":0,"comment_status":"open","ping_status":"open","sticky":false,"template":"","format":"standard","meta":{"_monsterinsights_skip_tracking":false,"_monsterinsights_sitenote_active":false,"_monsterinsights_sitenote_note":"","_monsterinsights_sitenote_category":0,"footnotes":""},"categories":[35889],"tags":[43712,43674,44860],"class_list":["post-242266","post","type-post","status-publish","format-standard","hentry","category-mauricio-conde-olivares","tag-mauricio-conde-olivares","tag-opinion","tag-hora-14"],"_links":{"self":[{"href":"https:\/\/www.diarioimagen.net\/index.php?rest_route=\/wp\/v2\/posts\/242266","targetHints":{"allow":["GET"]}}],"collection":[{"href":"https:\/\/www.diarioimagen.net\/index.php?rest_route=\/wp\/v2\/posts"}],"about":[{"href":"https:\/\/www.diarioimagen.net\/index.php?rest_route=\/wp\/v2\/types\/post"}],"author":[{"embeddable":true,"href":"https:\/\/www.diarioimagen.net\/index.php?rest_route=\/wp\/v2\/users\/3"}],"replies":[{"embeddable":true,"href":"https:\/\/www.diarioimagen.net\/index.php?rest_route=%2Fwp%2Fv2%2Fcomments&post=242266"}],"version-history":[{"count":0,"href":"https:\/\/www.diarioimagen.net\/index.php?rest_route=\/wp\/v2\/posts\/242266\/revisions"}],"wp:attachment":[{"href":"https:\/\/www.diarioimagen.net\/index.php?rest_route=%2Fwp%2Fv2%2Fmedia&parent=242266"}],"wp:term":[{"taxonomy":"category","embeddable":true,"href":"https:\/\/www.diarioimagen.net\/index.php?rest_route=%2Fwp%2Fv2%2Fcategories&post=242266"},{"taxonomy":"post_tag","embeddable":true,"href":"https:\/\/www.diarioimagen.net\/index.php?rest_route=%2Fwp%2Fv2%2Ftags&post=242266"}],"curies":[{"name":"wp","href":"https:\/\/api.w.org\/{rel}","templated":true}]}}