{"id":242283,"date":"2015-11-11T00:09:10","date_gmt":"2015-11-11T06:09:10","guid":{"rendered":"http:\/\/www.diarioimagen.net\/?p=242283"},"modified":"2015-11-11T04:57:54","modified_gmt":"2015-11-11T10:57:54","slug":"una-buena-para-pena","status":"publish","type":"post","link":"https:\/\/www.diarioimagen.net\/?p=242283","title":{"rendered":"Una buena para Pe\u00f1a"},"content":{"rendered":"<h2>Tras la puerta del poder<\/h2>\n<h5>Roberto Vizca\u00edno<\/h5>\n<p>&nbsp;<\/p>\n<ul>\n<li><strong><em>Con una inversi\u00f3n conjunta IP-gobierno de 500 millones de pesos ech\u00f3 andar BioMimic<\/em><\/strong><\/li>\n<li><strong><em>Alcanzar el desarrollo requiere de invertir en ciencia y tecnolog\u00eda, dijo el mandatario<\/em><\/strong><\/li>\n<li><strong><em>A la disminuci\u00f3n de la inflaci\u00f3n se agrega la creaci\u00f3n de 146 mil 479 nuevos empleos, se\u00f1al\u00f3<\/em><\/strong><\/li>\n<\/ul>\n<p>&nbsp;<\/p>\n<div id=\"attachment_242300\" style=\"width: 430px\" class=\"wp-caption aligncenter\"><a href=\"http:\/\/www.diarioimagen.net\/?attachment_id=242300\" rel=\"attachment wp-att-242300\"><img loading=\"lazy\" decoding=\"async\" aria-describedby=\"caption-attachment-242300\" class=\"size-large wp-image-242300\" src=\"http:\/\/www.diarioimagen.net\/wp-content\/uploads\/2015\/11\/y-seguiran-LUIS-XAVIER-2738-420x327.jpg\" alt=\"Y seguir\u00e1n... | Luis Xavier\" width=\"420\" height=\"327\" srcset=\"https:\/\/www.diarioimagen.net\/wp-content\/uploads\/2015\/11\/y-seguiran-LUIS-XAVIER-2738-420x327.jpg 420w, https:\/\/www.diarioimagen.net\/wp-content\/uploads\/2015\/11\/y-seguiran-LUIS-XAVIER-2738-240x187.jpg 240w, https:\/\/www.diarioimagen.net\/wp-content\/uploads\/2015\/11\/y-seguiran-LUIS-XAVIER-2738.jpg 1200w\" sizes=\"auto, (max-width: 420px) 100vw, 420px\" \/><\/a><p id=\"caption-attachment-242300\" class=\"wp-caption-text\">Y seguir\u00e1n&#8230; | Luis Xavier<\/p><\/div>\n<p>&nbsp;<\/p>\n<p>En medio de las decenas de paladas de arena y cr\u00edtica que recibe todos los d\u00edas, el presidente Enrique Pe\u00f1a Nieto vivi\u00f3 ayer una refrescante paletada de aplausos y agradecimientos al inaugurar en Coatepec, Veracruz, el primer Clouster cient\u00edfico y tecnol\u00f3gico BioMimic que opera en M\u00e9xico<\/p>\n<p>Esta inauguraci\u00f3n la hizo dentro de la Semana Nacional de Ciencia y Tecnolog\u00eda 2015 con una inversi\u00f3n de m\u00e1s de 500 millones de pesos aportada conjuntamente por los sectores p\u00fablico, privado y acad\u00e9mico.<\/p>\n<p>Rodeado de j\u00f3venes e investigadores record\u00f3 que desde el inicio de su administraci\u00f3n se propuso dedicar esfuerzos y recursos especiales para invertirlos en ciencia y tecnolog\u00eda.<\/p>\n<p>La intenci\u00f3n era clara: ir a la vanguardia de otras naciones\u00a0cuya \u201cexperiencia en su desarrollo y crecimiento fue a partir de haber invertido m\u00e1s en esta importante asignatura\u2026 (es as\u00ed que) nos propusimos desde el inicio de esta administraci\u00f3n arribar al menos a una inversi\u00f3n que fuera el equivalente al 1 por ciento del Producto Interno Bruto\u2026<\/p>\n<p>\u201cPartimos de ser un pa\u00eds en la regi\u00f3n latinoamericana que poco dedicaba a esta asignatura: apenas el 0.4 por ciento.<\/p>\n<p>Hoy, a partir de los esfuerzos que se han hecho para dedicar recursos de los mexicanos, que est\u00e1n inscritos en el Presupuesto Federal, para ciencia y tecnolog\u00eda estamos invirtiendo del orden del 0.57 por ciento del PIB\u201d, explic\u00f3.<\/p>\n<p>Hoy este Clouster, dijo, parte de reconocer la gran biodiversidad que hay en el estado de Veracruz \u201cy en nuestro pa\u00eds, y aprovechando esta ventaja, esta fortaleza que como naci\u00f3n tenemos, sin duda habr\u00e1 de deparar que su trabajo nos lleve a ser un pa\u00eds de vanguardia en la investigaci\u00f3n de la naturaleza y de la biodiversidad\u201d.<\/p>\n<p style=\"text-align: center;\"><strong>INTENCI\u00d3N REFORZADA<\/strong><\/p>\n<p>Por esto y m\u00e1s, afirm\u00f3, en su proyecto de Presupuesto de Egresos que est\u00e1 hoy mismo a discusi\u00f3n en la C\u00e1mara de Diputados, \u201cesta asignatura se mantiene como una prioridad\u201d.<\/p>\n<p>De hecho, agreg\u00f3, \u201cen el Proyecto de Presupuesto presentado a consideraci\u00f3n de las y los se\u00f1ores diputados, se han asignado a esta \u00e1rea m\u00e1s de 90 mil millones de pesos.<\/p>\n<p>\u201cDe ser aprobado en sus t\u00e9rminos, esto significar\u00e1 que para el pr\u00f3ximo a\u00f1o habr\u00e1 recursos adicionales por cinco mil millones de pesos para invertirse en ciencia y tecnolog\u00eda\u2026<\/p>\n<p>\u201cHemos dedicado recursos, como gobierno, de forma importante y creciente, y as\u00ed lo seguiremos haciendo porque estamos convencidos, lo estoy en lo personal, de la relevancia que tiene invertir en este proyecto, en la investigaci\u00f3n y en el desarrollo tecnol\u00f3gico, en la ciencia\u201d, subray\u00f3.<\/p>\n<p>El presidente Pe\u00f1a consider\u00f3 muy importante que el sector privado concurra cada vez m\u00e1s en la inversi\u00f3n en esta materia.<\/p>\n<p>\u201cHoy la mayor parte de los recursos que se dedican a la investigaci\u00f3n, a la ciencia y a la tecnolog\u00eda, vienen del sector p\u00fablico, cuando vemos que en la OCDE (Organizaci\u00f3n para la Cooperaci\u00f3n y el Desarrollo Econ\u00f3micos), los pa\u00edses que tienen mayor desarrollo en el mundo, m\u00e1s del 60 por ciento de la inversi\u00f3n que se hace en ciencia y tecnolog\u00eda viene del sector privado\u201d, indic\u00f3.<\/p>\n<p>Hoy en M\u00e9xico, contrast\u00f3, apenas el 25 por ciento de la inversi\u00f3n en ciencia y tecnolog\u00eda proviene del sector privado.<\/p>\n<p>En un evidente llamado a los empresarios privados, dijo que sabiendo lo que significa el desarrollo de este sector, \u201cno podemos ser una naci\u00f3n que vaya a la zaga, que vaya atr\u00e1s de esos pa\u00edses de mayor desarrollo, en donde se genera ciencia, en donde hay trabajo de investigaci\u00f3n, donde hay desarrollo tecnol\u00f3gico\u201d.<\/p>\n<p>Avanzar en ciencia y tecnolog\u00eda es precisamente, \u201clo que ha permitido en esta era, en la sociedad del conocimiento, generar riqueza y bienestar para las sociedades de nuestra \u00e9poca, para las sociedades de esta era\u201d.<\/p>\n<p>Confi\u00f3 en que su llamado y el esfuerzo realizado por su gobierno no caer\u00e1 en o\u00eddos sordos y enfatiz\u00f3 que hoy M\u00e9xico, contra muchas de las cosas que se dicen, \u201ces un pa\u00eds que ha decidido romper con las inercias, establecer nuevos retos, y hacerle frente a los desaf\u00edos que como naci\u00f3n, en un mundo tan convulso, estamos enfrentando.<\/p>\n<p>\u201cLo estamos haciendo a trav\u00e9s de mover a M\u00e9xico, a trav\u00e9s de romper con paradigmas, con modelos del pasado; de establecer nuevas plataformas que permitan que M\u00e9xico detone todo su potencial. Las reformas estructurales no fueron en s\u00ed mismas un objetivo, sino m\u00e1s bien medios, instrumentos, para que M\u00e9xico pueda crecer en distintos \u00e1mbitos\u201d, explic\u00f3.<\/p>\n<p>Nuestro pa\u00eds, afirm\u00f3, \u201cse seguir\u00e1 moviendo a trav\u00e9s de sus cient\u00edficos, de sus investigadores, creando soluciones para el M\u00e9xico que est\u00e1 transitando hacia eras de mayor modernidad y de mayor desarrollo; las reformas son parte de este esfuerzo\u201d.<\/p>\n<p>Consider\u00f3 que su decisi\u00f3n de crear infraestructura y nuevas condiciones de apoyo a la ciencia y la investigaci\u00f3n sin duda dar\u00e1 a la naci\u00f3n oportunidad de mayor desarrollo y crecimiento.<\/p>\n<p>\u201cEl momento que hoy observemos, por ejemplo, con una baja inflaci\u00f3n, es oportunidad para que haya un mayor consumo, y nuestra econom\u00eda se est\u00e1 moviendo\u201d, dijo.<\/p>\n<p>Otro logro es el registrado por el IMSS y que parte del hecho de que en octubre se crearon 146 mil 479 nuevos puestos de trabajo formales.<\/p>\n<p>\u201cEsto significa que al moverse M\u00e9xico tambi\u00e9n estamos contribuyendo a la generaci\u00f3n de m\u00e1s empleos, de oportunidades de desarrollo individual, de realizaci\u00f3n personal para m\u00e1s y m\u00e1s mexicanos\u201d, apunt\u00f3.<\/p>\n<p>Antes de volver a la capital, Pe\u00f1a Nieto recorri\u00f3 el Centro de Reclutamiento de Nuevos Talentos para la Ciencia donde convers\u00f3 con ni\u00f1os que participan en distintas actividades cient\u00edficas y tecnol\u00f3gicas y visit\u00f3 el Laboratorio de Microscop\u00eda Avanzada y Resonancia Magn\u00e9tica, la Planta Piloto de Cultivo de Hongos Comestibles, y la Planta Piloto de Desarrollo de Agentes de Control Biol\u00f3gico.<\/p>\n<p style=\"text-align: center;\"><strong>PARTICIPAN 14 INSTITUCIONES<\/strong><\/p>\n<p>Este centro de investigaci\u00f3n es uno de los cinco proyectos prioritarios del Conacyt, y es uno de los mejores equipados del pa\u00eds, donde la comunidad cient\u00edfica dispondr\u00e1 de equipos de primer mundo, varios de ellos \u00fanicos en instituciones de Am\u00e9rica Latina.<\/p>\n<p>En este esfuerzo participar\u00e1n 14 instituciones mexicanas para formar un solo equipo dijo al mandatario Mart\u00edn Ram\u00f3n Aluja Schuneman Hofer, Director del Instituto de Ecolog\u00eda, A.C.<\/p>\n<p>Evidentemente agradecido coment\u00f3 que con esta inauguraci\u00f3n \u201cestamos dando un paso gigantesco en nuestro esfuerzo por construir un mejor pa\u00eds, un pa\u00eds con infraestructura cient\u00edfica y tecnol\u00f3gica de vanguardia, que nos permita competir de igual a igual con las potencias cient\u00edficas del mundo.<\/p>\n<p>\u201cTenga usted total seguridad de que aqu\u00ed vamos a rendirle invariablemente cuentas a la sociedad y que vamos a hacer ciencia pertinente y \u00fatil, que resuelva problemas y aporte al bienestar de los mexicanos\u201d, dijo a un Pe\u00f1a Nieto contento, sonriente y relajado.<\/p>\n<p><em><a href=\"mailto:rvizcainoa@gmail.com\" target=\"_blank\">rvizcainoa@gmail.com<\/a><\/em><\/p>\n","protected":false},"excerpt":{"rendered":"<p><span style=\"color: #005497;\"><strong>Roberto Vizca\u00edno<\/strong><\/span><br \/>\n<br \/>\nEn medio de las decenas de paladas de arena y cr\u00edtica que recibe todos los d\u00edas, el presidente Enrique Pe\u00f1a Nieto vivi\u00f3 ayer una refrescante paletada de aplausos y agradecimientos al inaugurar en Coatepec, Veracruz, el primer Clouster cient\u00edfico y tecnol\u00f3gico BioMimic que opera en M\u00e9xico<\/p>\n","protected":false},"author":3,"featured_media":242300,"comment_status":"open","ping_status":"open","sticky":false,"template":"","format":"standard","meta":{"_monsterinsights_skip_tracking":false,"_monsterinsights_sitenote_active":false,"_monsterinsights_sitenote_note":"","_monsterinsights_sitenote_category":0,"footnotes":""},"categories":[136],"tags":[43674,93,94],"class_list":["post-242283","post","type-post","status-publish","format-standard","has-post-thumbnail","hentry","category-roberto-vizcaino-opinion","tag-opinion","tag-roberto-vizcaino","tag-tras-la-puerta-del-poder"],"_links":{"self":[{"href":"https:\/\/www.diarioimagen.net\/index.php?rest_route=\/wp\/v2\/posts\/242283","targetHints":{"allow":["GET"]}}],"collection":[{"href":"https:\/\/www.diarioimagen.net\/index.php?rest_route=\/wp\/v2\/posts"}],"about":[{"href":"https:\/\/www.diarioimagen.net\/index.php?rest_route=\/wp\/v2\/types\/post"}],"author":[{"embeddable":true,"href":"https:\/\/www.diarioimagen.net\/index.php?rest_route=\/wp\/v2\/users\/3"}],"replies":[{"embeddable":true,"href":"https:\/\/www.diarioimagen.net\/index.php?rest_route=%2Fwp%2Fv2%2Fcomments&post=242283"}],"version-history":[{"count":0,"href":"https:\/\/www.diarioimagen.net\/index.php?rest_route=\/wp\/v2\/posts\/242283\/revisions"}],"wp:featuredmedia":[{"embeddable":true,"href":"https:\/\/www.diarioimagen.net\/index.php?rest_route=\/wp\/v2\/media\/242300"}],"wp:attachment":[{"href":"https:\/\/www.diarioimagen.net\/index.php?rest_route=%2Fwp%2Fv2%2Fmedia&parent=242283"}],"wp:term":[{"taxonomy":"category","embeddable":true,"href":"https:\/\/www.diarioimagen.net\/index.php?rest_route=%2Fwp%2Fv2%2Fcategories&post=242283"},{"taxonomy":"post_tag","embeddable":true,"href":"https:\/\/www.diarioimagen.net\/index.php?rest_route=%2Fwp%2Fv2%2Ftags&post=242283"}],"curies":[{"name":"wp","href":"https:\/\/api.w.org\/{rel}","templated":true}]}}