{"id":242629,"date":"2015-11-13T00:07:46","date_gmt":"2015-11-13T06:07:46","guid":{"rendered":"http:\/\/www.diarioimagen.net\/?p=242629"},"modified":"2015-11-15T22:36:25","modified_gmt":"2015-11-16T04:36:25","slug":"propone-eruviel-avila-sanciones-mas-severas-para-transportistas","status":"publish","type":"post","link":"https:\/\/www.diarioimagen.net\/?p=242629","title":{"rendered":"Propone Eruviel \u00c1vila sanciones m\u00e1s severas para transportistas"},"content":{"rendered":"<ul>\n<li><strong><em>El gobierno estatal brindar\u00e1 apoyo econ\u00f3mico a lesionados<\/em><\/strong><\/li>\n<\/ul>\n<h6>Jos\u00e9 Luis Monta\u00f1ez<\/h6>\n<p>&nbsp;<\/p>\n<div id=\"attachment_242712\" style=\"width: 430px\" class=\"wp-caption aligncenter\"><a href=\"http:\/\/www.diarioimagen.net\/?attachment_id=242712\" rel=\"attachment wp-att-242712\"><img loading=\"lazy\" decoding=\"async\" aria-describedby=\"caption-attachment-242712\" class=\"size-large wp-image-242712\" src=\"http:\/\/www.diarioimagen.net\/wp-content\/uploads\/2015\/11\/eruviel-2740-420x236.jpg\" alt=\"El gobernador eruviel \u00e1vila acudi\u00f3 al hospital donde son atendidos los heridos de gravedad.\" width=\"420\" height=\"236\" srcset=\"https:\/\/www.diarioimagen.net\/wp-content\/uploads\/2015\/11\/eruviel-2740-420x236.jpg 420w, https:\/\/www.diarioimagen.net\/wp-content\/uploads\/2015\/11\/eruviel-2740-240x135.jpg 240w, https:\/\/www.diarioimagen.net\/wp-content\/uploads\/2015\/11\/eruviel-2740-480x270.jpg 480w, https:\/\/www.diarioimagen.net\/wp-content\/uploads\/2015\/11\/eruviel-2740-235x132.jpg 235w, https:\/\/www.diarioimagen.net\/wp-content\/uploads\/2015\/11\/eruviel-2740-202x114.jpg 202w, https:\/\/www.diarioimagen.net\/wp-content\/uploads\/2015\/11\/eruviel-2740-350x196.jpg 350w, https:\/\/www.diarioimagen.net\/wp-content\/uploads\/2015\/11\/eruviel-2740-220x123.jpg 220w, https:\/\/www.diarioimagen.net\/wp-content\/uploads\/2015\/11\/eruviel-2740-237x132.jpg 237w, https:\/\/www.diarioimagen.net\/wp-content\/uploads\/2015\/11\/eruviel-2740.jpg 1200w\" sizes=\"auto, (max-width: 420px) 100vw, 420px\" \/><\/a><p id=\"caption-attachment-242712\" class=\"wp-caption-text\">El gobernador eruviel \u00e1vila acudi\u00f3 al hospital donde son atendidos los heridos de gravedad.<\/p><\/div>\n<p>&nbsp;<\/p>\n<p><strong>Naucalpan, Estado de M\u00e9xico<\/strong>.- Al acudir al Hospital de Traumatolog\u00eda de Lomas Verdes, donde son atendidos los tres heridos de mayor gravedad, de los 26 lesionados por la explosi\u00f3n de una pipa de productos qu\u00edmicos en el municipio de Tlalnepantla, el gobernador Eruviel \u00c1vila Villegas anunci\u00f3 que presentar\u00e1 una iniciativa de ley para que los accidentes en los que se involucran veh\u00edculos que transportan sustancias peligrosas, sean sancionados con mayor severidad.<\/p>\n<p>\u201cInstru\u00ed al secretario general de Gobierno para elaborar una iniciativa que reforme el C\u00f3digo Penal, que reforme el Reglamento de Tr\u00e1nsito y las leyes que sean necesarias para actuar con mayor rigor cuando un veh\u00edculo que transporte qu\u00edmicos o sustancias peligrosas, y\u00a0 excedan los l\u00edmites de velocidad o que no re\u00fanan las condiciones mec\u00e1nicas y f\u00edsicas correspondientes, sea sancionado severamente\u201d, expres\u00f3.<\/p>\n<p>En un anuncio a medios, que realiz\u00f3 desde el Hospital de Lomas Verdes, indic\u00f3 que el gobierno del Estado de M\u00e9xico absorber\u00e1 los gastos de las personas lesionadas y ofrecer\u00e1 apoyo jur\u00eddico a las familias de los afectados, para que reciban la indemnizaci\u00f3n correspondiente por parte de la empresa propietaria de la pipa, con raz\u00f3n social TESA.<\/p>\n<p>Adem\u00e1s, hizo un llamado a las compa\u00f1\u00edas que manejan veh\u00edculos que transporten sustancias peligrosas, a redoblar las medidas para prevenir este tipo de incidentes.<\/p>\n<p>Eruviel \u00c1vila ofreci\u00f3, de ser necesario, enviar a los lesionados por quemaduras al hospital de Galveston, en Texas, con el cual se tiene un convenio y se\u00f1al\u00f3 que se realizar\u00e1n estudios en la avenida Jes\u00fas Reyes Heroles, para determinar si es necesario hacer modificaciones en la pendiente de la curva donde sucedieron los hechos, ya que de acuerdo con los vecinos son constantes los percances viales.<\/p>\n<p>Inform\u00f3 que de este accidente, ocurrido a la altura del pante\u00f3n Jardines del Recuerdo, result\u00f3 muerto el conductor de la pipa, as\u00ed como 26 personas lesionadas,4 de las cuales ya fueron dadas de alta; 25 inmuebles y 13 veh\u00edculos resultaron da\u00f1ados; y se evacu\u00f3 a 200 personas, las cuales ya regresaron a sus hogares, adem\u00e1s de que la circulaci\u00f3n vehicular se normaliz\u00f3.<\/p>\n<p>Desde que ocurrieron los hechos, integrantes del gabinete estatal estuvieron al pendiente de los afectados y lesionados, como el secretario general de Gobierno y el procurador general de Justicia, mientras que la presidenta honoraria del DIF Estado de M\u00e9xico, Isis \u00c1vila Mu\u00f1oz, acudi\u00f3 a la Cruz Roja de Tlalnepantla para estar pendiente de la evoluci\u00f3n de los lesionados atendidos en ese sitio.<\/p>\n<p>En el anuncio a medios estuvieron el secretario general de Gobierno, Jos\u00e9 Manzur Quiroga, y el de Salud, C\u00e9sar G\u00f3mez Monge; el procurador general de Justicia estatal,\u00a0 Alejandro G\u00f3mez S\u00e1nchez, y el director del hospital de Traumatolog\u00eda, Gilberto Meza Reyes.<\/p>\n<p>&nbsp;<\/p>\n","protected":false},"excerpt":{"rendered":"<p><span style=\"color: #005497;\">Jos\u00e9 Luis Monta\u00f1ez<\/span><br \/>\n<br \/>\nAl acudir al Hospital de Traumatolog\u00eda de Lomas Verdes, donde son atendidos los tres heridos de mayor gravedad, de los 26 lesionados por la explosi\u00f3n de una pipa de productos qu\u00edmicos en el municipio de Tlalnepantla, el gobernador Eruviel \u00c1vila Villegas anunci\u00f3 que presentar\u00e1 una iniciativa de ley para que los accidentes en los que se involucran veh\u00edculos que transportan sustancias peligrosas, sean sancionados con mayor severidad.<\/p>\n","protected":false},"author":3,"featured_media":242712,"comment_status":"open","ping_status":"open","sticky":false,"template":"","format":"standard","meta":{"_monsterinsights_skip_tracking":false,"_monsterinsights_sitenote_active":false,"_monsterinsights_sitenote_note":"","_monsterinsights_sitenote_category":0,"footnotes":""},"categories":[5],"tags":[5828,43675,970],"class_list":["post-242629","post","type-post","status-publish","format-standard","has-post-thumbnail","hentry","category-estado-de-mexico","tag-eruviel-avila-villegas","tag-estado-de-mexico","tag-naucalpan"],"_links":{"self":[{"href":"https:\/\/www.diarioimagen.net\/index.php?rest_route=\/wp\/v2\/posts\/242629","targetHints":{"allow":["GET"]}}],"collection":[{"href":"https:\/\/www.diarioimagen.net\/index.php?rest_route=\/wp\/v2\/posts"}],"about":[{"href":"https:\/\/www.diarioimagen.net\/index.php?rest_route=\/wp\/v2\/types\/post"}],"author":[{"embeddable":true,"href":"https:\/\/www.diarioimagen.net\/index.php?rest_route=\/wp\/v2\/users\/3"}],"replies":[{"embeddable":true,"href":"https:\/\/www.diarioimagen.net\/index.php?rest_route=%2Fwp%2Fv2%2Fcomments&post=242629"}],"version-history":[{"count":0,"href":"https:\/\/www.diarioimagen.net\/index.php?rest_route=\/wp\/v2\/posts\/242629\/revisions"}],"wp:featuredmedia":[{"embeddable":true,"href":"https:\/\/www.diarioimagen.net\/index.php?rest_route=\/wp\/v2\/media\/242712"}],"wp:attachment":[{"href":"https:\/\/www.diarioimagen.net\/index.php?rest_route=%2Fwp%2Fv2%2Fmedia&parent=242629"}],"wp:term":[{"taxonomy":"category","embeddable":true,"href":"https:\/\/www.diarioimagen.net\/index.php?rest_route=%2Fwp%2Fv2%2Fcategories&post=242629"},{"taxonomy":"post_tag","embeddable":true,"href":"https:\/\/www.diarioimagen.net\/index.php?rest_route=%2Fwp%2Fv2%2Ftags&post=242629"}],"curies":[{"name":"wp","href":"https:\/\/api.w.org\/{rel}","templated":true}]}}