{"id":242631,"date":"2015-11-13T00:08:17","date_gmt":"2015-11-13T06:08:17","guid":{"rendered":"http:\/\/www.diarioimagen.net\/?p=242631"},"modified":"2015-11-13T02:47:42","modified_gmt":"2015-11-13T08:47:42","slug":"inicia-tar-vuelos-desde-el-aeropuerto-de-toluca","status":"publish","type":"post","link":"https:\/\/www.diarioimagen.net\/?p=242631","title":{"rendered":"Inicia TAR vuelos desde el aeropuerto de Toluca"},"content":{"rendered":"<ul>\n<li><strong><em>Operar\u00e1 nueve rutas<\/em><\/strong><\/li>\n<\/ul>\n<p>&nbsp;<\/p>\n<div id=\"attachment_242714\" style=\"width: 430px\" class=\"wp-caption aligncenter\"><a href=\"http:\/\/www.diarioimagen.net\/?attachment_id=242714\" rel=\"attachment wp-att-242714\"><img loading=\"lazy\" decoding=\"async\" aria-describedby=\"caption-attachment-242714\" class=\"size-large wp-image-242714\" src=\"http:\/\/www.diarioimagen.net\/wp-content\/uploads\/2015\/11\/tar-2740-420x236.jpg\" alt=\"El gobernador Eruviel \u00c1vila, reconoci\u00f3 la confianza de TAR para convertir a Toluca en el puente hacia diversos sitios tur\u00edsticos del pa\u00eds.\" width=\"420\" height=\"236\" srcset=\"https:\/\/www.diarioimagen.net\/wp-content\/uploads\/2015\/11\/tar-2740-420x236.jpg 420w, https:\/\/www.diarioimagen.net\/wp-content\/uploads\/2015\/11\/tar-2740-240x135.jpg 240w, https:\/\/www.diarioimagen.net\/wp-content\/uploads\/2015\/11\/tar-2740-480x270.jpg 480w, https:\/\/www.diarioimagen.net\/wp-content\/uploads\/2015\/11\/tar-2740-235x132.jpg 235w, https:\/\/www.diarioimagen.net\/wp-content\/uploads\/2015\/11\/tar-2740-202x114.jpg 202w, https:\/\/www.diarioimagen.net\/wp-content\/uploads\/2015\/11\/tar-2740-350x196.jpg 350w, https:\/\/www.diarioimagen.net\/wp-content\/uploads\/2015\/11\/tar-2740-220x123.jpg 220w, https:\/\/www.diarioimagen.net\/wp-content\/uploads\/2015\/11\/tar-2740-237x132.jpg 237w, https:\/\/www.diarioimagen.net\/wp-content\/uploads\/2015\/11\/tar-2740.jpg 600w\" sizes=\"auto, (max-width: 420px) 100vw, 420px\" \/><\/a><p id=\"caption-attachment-242714\" class=\"wp-caption-text\">El gobernador Eruviel \u00c1vila, reconoci\u00f3 la confianza de TAR para convertir a Toluca en el puente hacia diversos sitios tur\u00edsticos del pa\u00eds.<\/p><\/div>\n<p>&nbsp;<\/p>\n<p><strong>Toluca, Estado de M\u00e9xico<\/strong>.-La empresa TAR Aerol\u00edneas comenz\u00f3 a operar nueve rutas desde el Aeropuerto Internacional de Toluca (AIT), a trav\u00e9s de un vuelo a Oaxaca con conexi\u00f3n a Huatulco, convirti\u00e9ndose en la segunda empresa a\u00e9rea con m\u00e1s destinos desde dicha terminal mexiquense.<\/p>\n<p>Al respecto, Heberto Barrera, presidente del Consejo Mexiquense de Infraestructura y Desarrollo Social y representante del gobernador Eruviel \u00c1vila, reconoci\u00f3 la confianza de TAR para convertir a Toluca en el puente hacia diversos sitios tur\u00edsticos del pa\u00eds, entre ellos M\u00e9rida, Huatulco, Canc\u00fan, Colima, Guadalajara, entre otros.<\/p>\n<p>Destac\u00f3 que el Estado de M\u00e9xico tiene una ubicaci\u00f3n geogr\u00e1fica e infraestructura importantes, que la convierten en el tercer destino tur\u00edstico nacional sin playa, con 7.5 millones de turistas anuales que dejan una derrama econ\u00f3mica de 30 mil millones de pesos, con sus m\u00e1s de nueve Pueblos M\u00e1gicos y 22 Pueblos con Encanto, por lo que con la llegada de esta empresa se prev\u00e9 transportar a cerca de 250 mil pasajeros al a\u00f1o, ampliando la cobertura regional desde la zona centro del pa\u00eds, en beneficio de los pasajeros.<\/p>\n<p>Por su parte, Rodrigo V\u00e1zquez, director general de TAR Aerol\u00edneas, agradeci\u00f3 al gobierno estatal y a las autoridades de la terminal a\u00e9rea por la oportunidad de hacer de Toluca su base de operaciones para los diversos destinos tur\u00edsticos, y mencion\u00f3 que continuar\u00e1n acrecentando nuevas rutas y estimulando la demanda con tarifas adecuadas que van de los mil a los mil 500 pesos. Mientras que, Gabriel Betancourt, director general del AIT, agreg\u00f3 que este puerto a\u00e9reo es una opci\u00f3n eficiente para desahogar el flujo del Aeropuerto Internacional de la Ciudad de M\u00e9xico, ya que tiene una capacidad para atender a 8 millones de pasajeros al a\u00f1o.<\/p>\n","protected":false},"excerpt":{"rendered":"<p>La empresa TAR Aerol\u00edneas comenz\u00f3 a operar nueve rutas desde el Aeropuerto Internacional de Toluca (AIT), a trav\u00e9s de un vuelo a Oaxaca con conexi\u00f3n a Huatulco, convirti\u00e9ndose en la segunda empresa a\u00e9rea con m\u00e1s destinos desde dicha terminal mexiquense.<\/p>\n","protected":false},"author":3,"featured_media":242714,"comment_status":"open","ping_status":"open","sticky":false,"template":"","format":"standard","meta":{"_monsterinsights_skip_tracking":false,"_monsterinsights_sitenote_active":false,"_monsterinsights_sitenote_note":"","_monsterinsights_sitenote_category":0,"footnotes":""},"categories":[5],"tags":[15215,43675,31238,452],"class_list":["post-242631","post","type-post","status-publish","format-standard","has-post-thumbnail","hentry","category-estado-de-mexico","tag-aeropuerto-internacional-de-toluca","tag-estado-de-mexico","tag-tar","tag-toluca"],"_links":{"self":[{"href":"https:\/\/www.diarioimagen.net\/index.php?rest_route=\/wp\/v2\/posts\/242631","targetHints":{"allow":["GET"]}}],"collection":[{"href":"https:\/\/www.diarioimagen.net\/index.php?rest_route=\/wp\/v2\/posts"}],"about":[{"href":"https:\/\/www.diarioimagen.net\/index.php?rest_route=\/wp\/v2\/types\/post"}],"author":[{"embeddable":true,"href":"https:\/\/www.diarioimagen.net\/index.php?rest_route=\/wp\/v2\/users\/3"}],"replies":[{"embeddable":true,"href":"https:\/\/www.diarioimagen.net\/index.php?rest_route=%2Fwp%2Fv2%2Fcomments&post=242631"}],"version-history":[{"count":0,"href":"https:\/\/www.diarioimagen.net\/index.php?rest_route=\/wp\/v2\/posts\/242631\/revisions"}],"wp:featuredmedia":[{"embeddable":true,"href":"https:\/\/www.diarioimagen.net\/index.php?rest_route=\/wp\/v2\/media\/242714"}],"wp:attachment":[{"href":"https:\/\/www.diarioimagen.net\/index.php?rest_route=%2Fwp%2Fv2%2Fmedia&parent=242631"}],"wp:term":[{"taxonomy":"category","embeddable":true,"href":"https:\/\/www.diarioimagen.net\/index.php?rest_route=%2Fwp%2Fv2%2Fcategories&post=242631"},{"taxonomy":"post_tag","embeddable":true,"href":"https:\/\/www.diarioimagen.net\/index.php?rest_route=%2Fwp%2Fv2%2Ftags&post=242631"}],"curies":[{"name":"wp","href":"https:\/\/api.w.org\/{rel}","templated":true}]}}