{"id":242647,"date":"2015-11-13T00:06:44","date_gmt":"2015-11-13T06:06:44","guid":{"rendered":"http:\/\/www.diarioimagen.net\/?p=242647"},"modified":"2015-11-13T03:01:47","modified_gmt":"2015-11-13T09:01:47","slug":"promueve-uaem-ejercicios-donde-dialogo-y-debate-se-ensamblan-jorge-olvera","status":"publish","type":"post","link":"https:\/\/www.diarioimagen.net\/?p=242647","title":{"rendered":"Promueve UAEM ejercicios donde di\u00e1logo y debate se ensamblan: Jorge Olvera"},"content":{"rendered":"<p><a href=\"http:\/\/www.diarioimagen.net\/?attachment_id=242733\" rel=\"attachment wp-att-242733\"><img loading=\"lazy\" decoding=\"async\" class=\"aligncenter size-large wp-image-242733\" src=\"http:\/\/www.diarioimagen.net\/wp-content\/uploads\/2015\/11\/UAEM-2740-420x236.jpg\" alt=\"UAEM-2740\" width=\"420\" height=\"236\" srcset=\"https:\/\/www.diarioimagen.net\/wp-content\/uploads\/2015\/11\/UAEM-2740-420x236.jpg 420w, https:\/\/www.diarioimagen.net\/wp-content\/uploads\/2015\/11\/UAEM-2740-240x135.jpg 240w, https:\/\/www.diarioimagen.net\/wp-content\/uploads\/2015\/11\/UAEM-2740-480x270.jpg 480w, https:\/\/www.diarioimagen.net\/wp-content\/uploads\/2015\/11\/UAEM-2740-235x132.jpg 235w, https:\/\/www.diarioimagen.net\/wp-content\/uploads\/2015\/11\/UAEM-2740-202x114.jpg 202w, https:\/\/www.diarioimagen.net\/wp-content\/uploads\/2015\/11\/UAEM-2740-350x196.jpg 350w, https:\/\/www.diarioimagen.net\/wp-content\/uploads\/2015\/11\/UAEM-2740-220x123.jpg 220w, https:\/\/www.diarioimagen.net\/wp-content\/uploads\/2015\/11\/UAEM-2740-237x132.jpg 237w, https:\/\/www.diarioimagen.net\/wp-content\/uploads\/2015\/11\/UAEM-2740.jpg 1200w\" sizes=\"auto, (max-width: 420px) 100vw, 420px\" \/><\/a><\/p>\n<p>&nbsp;<\/p>\n<p>Cuando se trata de defender posturas, la comunidad de la Universidad Aut\u00f3noma del Estado de M\u00e9xico se distingue por privilegiar el conocimiento, la ciencia y la raz\u00f3n, asever\u00f3 el rector Jorge Olvera Garc\u00eda, quien abund\u00f3 que en esta casa de estudios se promueven los ejercicios donde el di\u00e1logo y el debate se ensamblan.<\/p>\n<p>Al inaugurar, en la Facultad de Derecho de la UAEM, el inicio de los trabajos del Simulador Legislativo 2015, acompa\u00f1ado por la directora de este espacio universitario, Inocenta Pe\u00f1a Ortiz, Olvera Garc\u00eda destac\u00f3 que hist\u00f3ricamente, la Aut\u00f3noma mexiquense se distingue por \u201cel fomento de espacios acad\u00e9micos donde se respetan distintas concepciones, ideolog\u00edas y colores\u201d.<\/p>\n","protected":false},"excerpt":{"rendered":"<p>Cuando se trata de defender posturas, la comunidad de la Universidad Aut\u00f3noma del Estado de M\u00e9xico se distingue por privilegiar el conocimiento, la ciencia y la raz\u00f3n, asever\u00f3 el rector Jorge Olvera Garc\u00eda, quien abund\u00f3 que en esta casa de estudios se promueven los ejercicios donde el di\u00e1logo y el debate se ensamblan.<\/p>\n","protected":false},"author":3,"featured_media":242733,"comment_status":"open","ping_status":"open","sticky":false,"template":"","format":"standard","meta":{"_monsterinsights_skip_tracking":false,"_monsterinsights_sitenote_active":false,"_monsterinsights_sitenote_note":"","_monsterinsights_sitenote_category":0,"footnotes":""},"categories":[35155],"tags":[43675,18871,27015,1491],"class_list":["post-242647","post","type-post","status-publish","format-standard","has-post-thumbnail","hentry","category-estado-de-mexico-estado-de-mexico","tag-estado-de-mexico","tag-facultad-de-derecho","tag-jorge-olvera-garcia","tag-uaem"],"_links":{"self":[{"href":"https:\/\/www.diarioimagen.net\/index.php?rest_route=\/wp\/v2\/posts\/242647","targetHints":{"allow":["GET"]}}],"collection":[{"href":"https:\/\/www.diarioimagen.net\/index.php?rest_route=\/wp\/v2\/posts"}],"about":[{"href":"https:\/\/www.diarioimagen.net\/index.php?rest_route=\/wp\/v2\/types\/post"}],"author":[{"embeddable":true,"href":"https:\/\/www.diarioimagen.net\/index.php?rest_route=\/wp\/v2\/users\/3"}],"replies":[{"embeddable":true,"href":"https:\/\/www.diarioimagen.net\/index.php?rest_route=%2Fwp%2Fv2%2Fcomments&post=242647"}],"version-history":[{"count":0,"href":"https:\/\/www.diarioimagen.net\/index.php?rest_route=\/wp\/v2\/posts\/242647\/revisions"}],"wp:featuredmedia":[{"embeddable":true,"href":"https:\/\/www.diarioimagen.net\/index.php?rest_route=\/wp\/v2\/media\/242733"}],"wp:attachment":[{"href":"https:\/\/www.diarioimagen.net\/index.php?rest_route=%2Fwp%2Fv2%2Fmedia&parent=242647"}],"wp:term":[{"taxonomy":"category","embeddable":true,"href":"https:\/\/www.diarioimagen.net\/index.php?rest_route=%2Fwp%2Fv2%2Fcategories&post=242647"},{"taxonomy":"post_tag","embeddable":true,"href":"https:\/\/www.diarioimagen.net\/index.php?rest_route=%2Fwp%2Fv2%2Ftags&post=242647"}],"curies":[{"name":"wp","href":"https:\/\/api.w.org\/{rel}","templated":true}]}}