{"id":242803,"date":"2015-11-16T00:05:45","date_gmt":"2015-11-16T06:05:45","guid":{"rendered":"http:\/\/www.diarioimagen.net\/?p=242803"},"modified":"2015-11-16T23:00:42","modified_gmt":"2015-11-17T05:00:42","slug":"confirma-trudeau-a-epn-intencion-de-eliminar-visa-a-mexicanos","status":"publish","type":"post","link":"https:\/\/www.diarioimagen.net\/?p=242803","title":{"rendered":"Confirma Trudeau intenci\u00f3n de eliminar visa a mexicanos"},"content":{"rendered":"<ul>\n<li><strong><em>Reuni\u00f3n con primer ministro canadiense<\/em><\/strong><\/li>\n<\/ul>\n<p>&nbsp;<\/p>\n<div id=\"attachment_242804\" style=\"width: 430px\" class=\"wp-caption aligncenter\"><a href=\"http:\/\/www.diarioimagen.net\/?attachment_id=242804\" rel=\"attachment wp-att-242804\"><img loading=\"lazy\" decoding=\"async\" aria-describedby=\"caption-attachment-242804\" class=\"wp-image-242804 size-large\" src=\"http:\/\/www.diarioimagen.net\/wp-content\/uploads\/2015\/11\/CANADA-PORTAL-420x245.jpg\" alt=\"Enrique Pe\u00f1a Nieto sostuvo una reuni\u00f3n con el primer ministro de Canad\u00e1, Justin Trudeau, en el marco de la Cumbre del G-20.\" width=\"420\" height=\"245\" srcset=\"https:\/\/www.diarioimagen.net\/wp-content\/uploads\/2015\/11\/CANADA-PORTAL-420x245.jpg 420w, https:\/\/www.diarioimagen.net\/wp-content\/uploads\/2015\/11\/CANADA-PORTAL-240x140.jpg 240w, https:\/\/www.diarioimagen.net\/wp-content\/uploads\/2015\/11\/CANADA-PORTAL.jpg 480w\" sizes=\"auto, (max-width: 420px) 100vw, 420px\" \/><\/a><p id=\"caption-attachment-242804\" class=\"wp-caption-text\">Enrique Pe\u00f1a Nieto sostuvo una reuni\u00f3n con el primer ministro de Canad\u00e1, Justin Trudeau, en el marco de la Cumbre del G-20.<\/p><\/div>\n<p>&nbsp;<\/p>\n<p>El presidente Enrique Pe\u00f1a Nieto sostuvo una reuni\u00f3n con el primer ministro de Canad\u00e1, Justin Trudeau, con quien convers\u00f3 sobre diversos temas de la agenda bilateral y mundial.<\/p>\n<p>En el encuentro desarrollado en el marco de la Cumbre del G-20, Trudeau confirm\u00f3 al mandatario mexicano su intenci\u00f3n de eliminar la visa que pide su gobierno a mexicanos; sin embargo, no inform\u00f3 en qu\u00e9 tiempo.<\/p>\n<p>Pe\u00f1a Nieto confi\u00f3 en el fortalecimiento de la relaci\u00f3n entre M\u00e9xico y Canad\u00e1 mediante el establecimiento de una agenda de trabajo en alcance a la que ya se hab\u00eda acordado de manera previa.<\/p>\n<p>En el encuentro, que dur\u00f3 media hora, tambi\u00e9n pactaron consolidar la relaci\u00f3n comercial, a trav\u00e9s de una alianza estrat\u00e9gica sustentada en los principios de convergencia, coincidencia y complementariedad.<\/p>\n<p>Sobre la relaci\u00f3n entre ambos pa\u00edses, dijo que hay \u201cuna gran oportunidad a partir de la llegada del nuevo primer ministro de Canad\u00e1, de fortalecer esa agenda y emprender una ruta en la construcci\u00f3n de nuevas v\u00edas para ensanchar y ampliar la relaci\u00f3n entre Canad\u00e1 y M\u00e9xico\u201d.<\/p>\n<p>En la que fue la primera reuni\u00f3n bilateral del premier franc\u00e9s desde su elecci\u00f3n en octubre pasado, Pe\u00f1a Nieto afirm\u00f3 que la seguridad es un tema que habr\u00e1 de abordar con los l\u00edderes del G20, a ra\u00edz de los atentados perpetrados el viernes pasado en Francia.<\/p>\n<p>Justin Trudeau, quien tuvo una comida con el mandatario mexicano, dijo que el asunto es prioritario para su gobierno y, para ello, ha dialogado con los distintos ministros de seguridad de su pa\u00eds.<\/p>\n<p>La Presidencia afirm\u00f3 que ambos mandatarios prometieron fortalecer su relaci\u00f3n, e incluso, acordaron realizar en un corto plazo la Cumbre de Am\u00e9rica del Norte, y que Canad\u00e1 sea sede.<\/p>\n<p>\u201cConvinieron en que esta reuni\u00f3n marca el inicio de una nueva era en la relaci\u00f3n bilateral\u201d, inform\u00f3 la dependencia.<\/p>\n<p>Pe\u00f1a Nieto es el primer gobernante con quien se re\u00fane Trudeau, tras asumir el cargo hace unos d\u00edas, por lo que \u00e9ste le revel\u00f3 que tambi\u00e9n fue el primero en felicitarlo cuando gan\u00f3 las elecciones.<\/p>\n<p>\u201cDialogaron sobre el compromiso de campa\u00f1a de Justin Trudeau, en torno a la revisi\u00f3n de una posible eliminaci\u00f3n del requisito de visa a los mexicanos para ingresar a Canad\u00e1. El primer ministro reiter\u00f3 al presidente Enrique Pe\u00f1a Nieto que ha girado instrucciones, tanto a su ministro de Migraci\u00f3n, Refugiados y Ciudadan\u00eda como al Ministro de Relaciones Exteriores, para revisar dicha pol\u00edtica\u201d, agreg\u00f3 Presidencia en un comunicado.<\/p>\n<p>Tambi\u00e9n platicaron sobre su participaci\u00f3n en diversos foros, entre ellos la asamblea especial sobre drogas que realizar\u00e1 la Organizaci\u00f3n de las Naciones Unidas en abril pr\u00f3ximo, as\u00ed como la cumbre sobre cambio clim\u00e1tico programada para principios de diciembre.<\/p>\n","protected":false},"excerpt":{"rendered":"<p>El presidente Enrique Pe\u00f1a Nieto sostuvo una reuni\u00f3n con el primer ministro de Canad\u00e1, Justin Trudeau, con quien convers\u00f3 sobre diversos temas de la agenda bilateral y mundial.<\/p>\n","protected":false},"author":5,"featured_media":242804,"comment_status":"open","ping_status":"open","sticky":false,"template":"","format":"standard","meta":{"_monsterinsights_skip_tracking":false,"_monsterinsights_sitenote_active":false,"_monsterinsights_sitenote_note":"","_monsterinsights_sitenote_category":0,"footnotes":""},"categories":[3],"tags":[431,18,46297,43673,22371,4711],"class_list":["post-242803","post","type-post","status-publish","format-standard","has-post-thumbnail","hentry","category-nacional","tag-canada","tag-enrique-pena-nieto","tag-justin-trudeau","tag-nacional","tag-reunion","tag-visa"],"_links":{"self":[{"href":"https:\/\/www.diarioimagen.net\/index.php?rest_route=\/wp\/v2\/posts\/242803","targetHints":{"allow":["GET"]}}],"collection":[{"href":"https:\/\/www.diarioimagen.net\/index.php?rest_route=\/wp\/v2\/posts"}],"about":[{"href":"https:\/\/www.diarioimagen.net\/index.php?rest_route=\/wp\/v2\/types\/post"}],"author":[{"embeddable":true,"href":"https:\/\/www.diarioimagen.net\/index.php?rest_route=\/wp\/v2\/users\/5"}],"replies":[{"embeddable":true,"href":"https:\/\/www.diarioimagen.net\/index.php?rest_route=%2Fwp%2Fv2%2Fcomments&post=242803"}],"version-history":[{"count":0,"href":"https:\/\/www.diarioimagen.net\/index.php?rest_route=\/wp\/v2\/posts\/242803\/revisions"}],"wp:featuredmedia":[{"embeddable":true,"href":"https:\/\/www.diarioimagen.net\/index.php?rest_route=\/wp\/v2\/media\/242804"}],"wp:attachment":[{"href":"https:\/\/www.diarioimagen.net\/index.php?rest_route=%2Fwp%2Fv2%2Fmedia&parent=242803"}],"wp:term":[{"taxonomy":"category","embeddable":true,"href":"https:\/\/www.diarioimagen.net\/index.php?rest_route=%2Fwp%2Fv2%2Fcategories&post=242803"},{"taxonomy":"post_tag","embeddable":true,"href":"https:\/\/www.diarioimagen.net\/index.php?rest_route=%2Fwp%2Fv2%2Ftags&post=242803"}],"curies":[{"name":"wp","href":"https:\/\/api.w.org\/{rel}","templated":true}]}}