{"id":242945,"date":"2015-11-16T00:04:12","date_gmt":"2015-11-16T06:04:12","guid":{"rendered":"http:\/\/www.diarioimagen.net\/?p=242945"},"modified":"2024-11-12T22:24:41","modified_gmt":"2024-11-13T04:24:41","slug":"dolor-y-consternacion-por-francia","status":"publish","type":"post","link":"https:\/\/www.diarioimagen.net\/?p=242945","title":{"rendered":"Dolor y consternaci\u00f3n por Francia"},"content":{"rendered":"<h2>Como veo, doy<\/h2>\n<h5>Jorg Palacios<\/h5>\n<p>&nbsp;<\/p>\n<ul>\n<li><strong><em>Dan el avi\u00f3n al NAPP <\/em><\/strong><\/li>\n<li><strong><em>Ni cuates ni cuotas, en la SCJN<\/em><\/strong><\/li>\n<\/ul>\n<p>De pena ajena, ante los sucesos de tragedia y dolor causados por la violencia en Par\u00eds, Francia, en M\u00e9xico los violentos salieron nuevamente a relucir en su af\u00e1n de protagonismo y vaya que lo han conseguido al grado de la ridiculez.<\/p>\n<p>Esta m\u00e1s que visto, los violentos mexicanos son como los terroristas isl\u00e1micos, con cualquier motivo se hacen presentes, ellos por un fanatismo llevado al extremo y los violentos nacionales tambi\u00e9n.<\/p>\n<p>Hoy la comunidad internacional se ha solidarizado con el pueblo franc\u00e9s, hoy los mensajes son en pro de la paz, la concordia, la unidad y el respeto a los derechos humanos.<\/p>\n<p>En ese marco, de solidaridad con Francia y condena a la barbarie, el Presidente de M\u00e9xico, Enrique Pe\u00f1a Nieto (EPN), a nombre del pueblo mexicano, envi\u00f3 un mensaje de adhesi\u00f3n con el pueblo de Francia y expres\u00f3 su m\u00e1s sentido p\u00e9same a los familiares de quienes lamentablemente han perdido la vida en este ataque terrorista.<\/p>\n<p>Los fan\u00e1ticos, violentos, radicales o extremistas mexicanos, no lo vieron as\u00ed y en lugar de eso salieron a buscar camorra, buscan culpables donde no los hay en el caso Ayotzinapa, a buscar pretextos para legitimar la violencia provocada por sus filias y fobias de tipo pol\u00edtico, confunden el dolor de unos y utilizan el dolor de otros. Y vean si no: \u201cPe\u00f1a Nieto se indigna por la masacre en Francia&#8230;, nada ha hecho por la masacre contra estudiantes de Ayotzinapa&#8230;\u201d y as\u00ed por el estilo sus mensajes se difundieron en las redes sociales.<\/p>\n<p>Por supuesto que el expediente del tema Ayotzinapa est\u00e1 abierto, pero los violentos no reconocen el origen de esa atrocidad e insisten en querer culpar a la administraci\u00f3n de Pe\u00f1a Nieto, o peor, al Estado, sin pruebas, pero si con visibles banderas de tipo pol\u00edtico.<\/p>\n<p>Est\u00e1 claro, quieren confundir a la ciudadan\u00eda para ganar poder, hay que utilizar el nombre de los j\u00f3venes estudiantes para ganar curules, esa es la consigna de los violentos.<\/p>\n<p>Se\u00f1ores por favor, la violencia en cualquiera de sus expresiones es reprobable y el dolor que hoy hay en Francia es tan lamentable como el dolor que hoy tienen las familias de los j\u00f3venes normalistas de Iguala.<\/p>\n<p>Entonces nadie medianamente cuerdo debe utilizar la violencia como venganza, que no es lo mismo que justicia. No hay que revivir o fomentar los c\u00f3digos de la selva, porque eso indudablemente que es como dar varios pasos hacia atr\u00e1s en el camino avanzado de nuestro sistema de democracia.<\/p>\n<p>Por supuesto que en M\u00e9xico hay varios expedientes abiertos, problemas aun no resueltos, pero eso no debe ser motivo para querer confundir, descalificar, desconocer o minimizar lo que hoy sucede en Francia.<\/p>\n<p>Hoy el pueblo franc\u00e9s est\u00e1 herido y consternado, y en ese dolor la comunidad internacional se ha solidarizado con ellos, por lo que en esos contextos todos debemos condenar y repudiar el uso de la violencia en cualquiera de sus manifestaciones. No hay que buscar apagar el fuego con gasolina, ese es el punto.<\/p>\n<p><strong>PASO SIN VER<\/strong>.- Y ya que hablamos de estrategias para ganar poder, hace unas semanas el dos veces perdedor a la candidatura presidencial, Andr\u00e9s Manuel L\u00f3pez Obrador (AMLO), anunci\u00f3 un plan alterno para la construcci\u00f3n del Nuevo Aeropuerto Internacional de la Ciudad de M\u00e9xico y dio algunas generalidades como el hecho de que habr\u00eda un ahorro considerable respecto al proyecto que ya se construye en una superficie de 4 mil 536 hect\u00e1reas\u00a0propiedad del gobierno de la Rep\u00fablica.<\/p>\n<p>Como era de esperarse, la propuesta de Nuevo Aeropuerto Patito del Peje (NAPP), como se le empezaba a conocer, result\u00f3 inviable aunque se hable de una superficie mayor y de supuestos ahorros en los costos, sino porque \u00a0\u00e9ste consiste en continuar utilizando el aeropuerto actual para vuelos nacionales y construir dos pistas adicionales para vuelos de carga internacionales en la Base A\u00e9rea Militar de Santa Luc\u00eda.<\/p>\n<p>El secretario de Comunicaciones y Transportes, Gerardo Ruiz, se\u00f1al\u00f3 a legisladores de Morena, quienes representaron a AMLO en este asunto, que tener dos\u00a0aeropuertos\u00a0 es incompatible, pr\u00e1cticamente\u00a0 imposible y dej\u00f3 claro que la decisi\u00f3n del NAICM ya est\u00e1 tomada.<\/p>\n<p>Es inviable adem\u00e1s porque la propuesta alterna requer\u00eda recursos p\u00fablicos.<\/p>\n<p>Pero en esta emulaci\u00f3n al lenguaje de la \u201cChimoltrufia\u201d, quien lo mismo dec\u00eda una cosa que otra, todo indica que la estrategia es ganar los medios a costa de los que sea.<\/p>\n<p>Lo del NAPP fue una ocurrencia, pero ya tuvieron eco en los medios y poco les importa que su proyecto haya carecido de seriedad, an\u00e1lisis, estudios y planes t\u00e9cnicos.<\/p>\n<p>Eso es lo de menos, ahora hay que esperar con que otra ocurrencia nos salen en la casa de campa\u00f1a del tabasque\u00f1o, porque por lo pronto ya les dieron el avi\u00f3n, como bien vaticin\u00f3 el senador del Partido de Acci\u00f3n Nacional (PAN), Javier Lozano, y lo del NAPP fue algo as\u00ed como un asunto de mucho ruido y pocas nueces, como ya se est\u00e1 haciendo costumbre en el equipo del peje.<\/p>\n<p><strong>VA MI RESTO<\/strong>.- El presidente EPN envi\u00f3 al Senado de la Rep\u00fablica las ternas para elegir las dos vacantes de ministros que faltan en la Suprema Corte de Justicia de la Naci\u00f3n; la primer terna la integran Norma Pi\u00f1a, Sara Patricia Orea y Ver\u00f3nica Judith S\u00e1nchez; en la segunda terna est\u00e1n Alejandro Jaime G\u00f3mez, \u00c1lvaro Castro y Javier Laynez; ambas ternas ya fueron turnadas a la Comisi\u00f3n de Justicia.<\/p>\n<p>Una lista en la que a primera vista quedaron descartados los cuates y las cuotas, y hasta ah\u00ed, porque como veo, doy.<\/p>\n<p><a href=\"mailto:%20jorgpalacios@yahoo.com.mx\" target=\"_blank\" rel=\"noopener\"><em>jorgpalacios@yahoo.com.mx<\/em><\/a><\/p>\n","protected":false},"excerpt":{"rendered":"<p><span style=\"color: #005497;\"><strong>Jorg Palacios<\/strong><\/span><\/p>\n","protected":false},"author":3,"featured_media":0,"comment_status":"open","ping_status":"open","sticky":false,"template":"","format":"standard","meta":{"_monsterinsights_skip_tracking":false,"_monsterinsights_sitenote_active":false,"_monsterinsights_sitenote_note":"","_monsterinsights_sitenote_category":0,"footnotes":""},"categories":[63916],"tags":[28722,45228,63917,43674],"class_list":["post-242945","post","type-post","status-publish","format-standard","hentry","category-jorge-luis-galicia-palacios","tag-como-veo-doy","tag-jorg-palacios","tag-jorge-luis-galicia-palacios","tag-opinion"],"_links":{"self":[{"href":"https:\/\/www.diarioimagen.net\/index.php?rest_route=\/wp\/v2\/posts\/242945","targetHints":{"allow":["GET"]}}],"collection":[{"href":"https:\/\/www.diarioimagen.net\/index.php?rest_route=\/wp\/v2\/posts"}],"about":[{"href":"https:\/\/www.diarioimagen.net\/index.php?rest_route=\/wp\/v2\/types\/post"}],"author":[{"embeddable":true,"href":"https:\/\/www.diarioimagen.net\/index.php?rest_route=\/wp\/v2\/users\/3"}],"replies":[{"embeddable":true,"href":"https:\/\/www.diarioimagen.net\/index.php?rest_route=%2Fwp%2Fv2%2Fcomments&post=242945"}],"version-history":[{"count":0,"href":"https:\/\/www.diarioimagen.net\/index.php?rest_route=\/wp\/v2\/posts\/242945\/revisions"}],"wp:attachment":[{"href":"https:\/\/www.diarioimagen.net\/index.php?rest_route=%2Fwp%2Fv2%2Fmedia&parent=242945"}],"wp:term":[{"taxonomy":"category","embeddable":true,"href":"https:\/\/www.diarioimagen.net\/index.php?rest_route=%2Fwp%2Fv2%2Fcategories&post=242945"},{"taxonomy":"post_tag","embeddable":true,"href":"https:\/\/www.diarioimagen.net\/index.php?rest_route=%2Fwp%2Fv2%2Ftags&post=242945"}],"curies":[{"name":"wp","href":"https:\/\/api.w.org\/{rel}","templated":true}]}}