{"id":243460,"date":"2015-11-19T00:04:19","date_gmt":"2015-11-19T06:04:19","guid":{"rendered":"http:\/\/www.diarioimagen.net\/?p=243460"},"modified":"2015-11-19T22:45:30","modified_gmt":"2015-11-20T04:45:30","slug":"es-momento-propicio-para-la-inversion-en-mexico-moodys","status":"publish","type":"post","link":"https:\/\/www.diarioimagen.net\/?p=243460","title":{"rendered":"Es momento propicio para la inversi\u00f3n en M\u00e9xico: Moody\u2019s"},"content":{"rendered":"<p><a href=\"http:\/\/www.diarioimagen.net\/?attachment_id=243566\" rel=\"attachment wp-att-243566\"><img loading=\"lazy\" decoding=\"async\" class=\"aligncenter size-large wp-image-243566\" src=\"http:\/\/www.diarioimagen.net\/wp-content\/uploads\/2015\/11\/moodys-2744-420x236.jpg\" alt=\"moodys-2744\" width=\"420\" height=\"236\" srcset=\"https:\/\/www.diarioimagen.net\/wp-content\/uploads\/2015\/11\/moodys-2744-420x236.jpg 420w, https:\/\/www.diarioimagen.net\/wp-content\/uploads\/2015\/11\/moodys-2744-240x135.jpg 240w, https:\/\/www.diarioimagen.net\/wp-content\/uploads\/2015\/11\/moodys-2744-480x270.jpg 480w, https:\/\/www.diarioimagen.net\/wp-content\/uploads\/2015\/11\/moodys-2744-235x132.jpg 235w, https:\/\/www.diarioimagen.net\/wp-content\/uploads\/2015\/11\/moodys-2744-202x114.jpg 202w, https:\/\/www.diarioimagen.net\/wp-content\/uploads\/2015\/11\/moodys-2744-350x196.jpg 350w, https:\/\/www.diarioimagen.net\/wp-content\/uploads\/2015\/11\/moodys-2744-220x123.jpg 220w, https:\/\/www.diarioimagen.net\/wp-content\/uploads\/2015\/11\/moodys-2744-237x132.jpg 237w, https:\/\/www.diarioimagen.net\/wp-content\/uploads\/2015\/11\/moodys-2744.jpg 610w\" sizes=\"auto, (max-width: 420px) 100vw, 420px\" \/><\/a><\/p>\n<p>&nbsp;<\/p>\n<p>Este es un momento propicio para la inversi\u00f3n en M\u00e9xico, debido a que las condiciones son predecibles para los inversionistas, pues la estabilidad es real y el pa\u00eds se compara de manera favorable con el entorno actual, considera la calificadora Moody\u2019s.<\/p>\n<p>El director general de Moody\u2019s M\u00e9xico, Alberto Jones Tamayo, resalt\u00f3 que tanto los inversionistas de portafolio como los de capital privado \u201csiguen mirando a M\u00e9xico\u201d, a diferencia de Brasil, al cual nadie voltea a ver porque \u201c\u00e9ste no es el momento para ese pa\u00eds hasta que se haya puesto la casa en orden\u201d.<\/p>\n<p>En entrevista, en el marco de la XLIII Convenci\u00f3n Nacional 2015 del Instituto Mexicano de Ejecutivos de Finanzas (IMEF), mencion\u00f3 que grandes fondos de pensiones de Canad\u00e1 entran en M\u00e9xico para invertir en carreteras y empresas de energ\u00eda alternativa.<\/p>\n<p>\u201cS\u00ed es un momento propicio para la inversi\u00f3n en M\u00e9xico, primero porque la condiciones son mucho m\u00e1s predecibles para quienes invierten aqu\u00ed, porque el ambiente de estabilidad es real y, por otro lado, porque el entorno comparable, pues se ve bastante mal en comparaci\u00f3n con M\u00e9xico\u201d.<\/p>\n<p>No obstante, resalt\u00f3, es remoto pensar que en el corto plazo Moody\u2019s pueda llevar a cabo una acci\u00f3n de calificaci\u00f3n a la alza o a la baja sobre la nota soberana de M\u00e9xico, o quiz\u00e1s un cambio de perspectiva, ya sea positiva o negativa.<\/p>\n<p>La raz\u00f3n de ello, explic\u00f3, es que el plazo que anticip\u00f3 la evaluadora internacional de riesgo crediticio para que den frutos las reformas estructurales aprobadas en M\u00e9xico, en especial la energ\u00e9tica, es de mediano tiempo.<\/p>\n<p>\u201cEstamos mirando que eso ser\u00e1 hasta niveles de 2018, de 2019, cercanos al 2020 y estamos seguros que ser\u00e1n transformacionales las reformas, entonces no estamos esperando ning\u00fan dato que nos pudiera sorprender positiva o negativamente\u201d.<\/p>\n<p>Si bien el presupuesto de egresos para 2016 que se acaba de aprobar es prudente y congruente, \u201cno hay ahorita nada que pudi\u00e9ramos pensar ocurra en los pr\u00f3ximos tres a\u00f1os que pudiera modificar alg\u00fan aspecto de la calificaci\u00f3n, honradamente\u201d.<\/p>\n<p>Jones Tamayo apunt\u00f3 que si bien el crecimiento econ\u00f3mico de M\u00e9xico es modesto, la transformaci\u00f3n del pa\u00eds ya se dio mediante las reformas estructurales, en particular por la energ\u00e9tica, aunado a que el gobierno est\u00e1 recaudando m\u00e1s, lo cual era una de sus debilidades.<\/p>\n<p>\u201cEs dif\u00edcil pensar qu\u00e9 pudiera deteriorarse como para un cambio de perspectiva en la calificaci\u00f3n en M\u00e9xico, no anticipamos nada por lo menos en dos a\u00f1os\u201d.<\/p>\n<p>&nbsp;<\/p>\n","protected":false},"excerpt":{"rendered":"<p>Este es un momento propicio para la inversi\u00f3n en M\u00e9xico, debido a que las condiciones son predecibles para los inversionistas, pues la estabilidad es real y el pa\u00eds se compara de manera favorable con el entorno actual, considera la calificadora Moody\u2019s.<\/p>\n","protected":false},"author":3,"featured_media":243566,"comment_status":"open","ping_status":"open","sticky":false,"template":"","format":"standard","meta":{"_monsterinsights_skip_tracking":false,"_monsterinsights_sitenote_active":false,"_monsterinsights_sitenote_note":"","_monsterinsights_sitenote_category":0,"footnotes":""},"categories":[3],"tags":[43678,5247,4874],"class_list":["post-243460","post","type-post","status-publish","format-standard","has-post-thumbnail","hentry","category-nacional","tag-finanzas","tag-inversion","tag-ncional"],"_links":{"self":[{"href":"https:\/\/www.diarioimagen.net\/index.php?rest_route=\/wp\/v2\/posts\/243460","targetHints":{"allow":["GET"]}}],"collection":[{"href":"https:\/\/www.diarioimagen.net\/index.php?rest_route=\/wp\/v2\/posts"}],"about":[{"href":"https:\/\/www.diarioimagen.net\/index.php?rest_route=\/wp\/v2\/types\/post"}],"author":[{"embeddable":true,"href":"https:\/\/www.diarioimagen.net\/index.php?rest_route=\/wp\/v2\/users\/3"}],"replies":[{"embeddable":true,"href":"https:\/\/www.diarioimagen.net\/index.php?rest_route=%2Fwp%2Fv2%2Fcomments&post=243460"}],"version-history":[{"count":0,"href":"https:\/\/www.diarioimagen.net\/index.php?rest_route=\/wp\/v2\/posts\/243460\/revisions"}],"wp:featuredmedia":[{"embeddable":true,"href":"https:\/\/www.diarioimagen.net\/index.php?rest_route=\/wp\/v2\/media\/243566"}],"wp:attachment":[{"href":"https:\/\/www.diarioimagen.net\/index.php?rest_route=%2Fwp%2Fv2%2Fmedia&parent=243460"}],"wp:term":[{"taxonomy":"category","embeddable":true,"href":"https:\/\/www.diarioimagen.net\/index.php?rest_route=%2Fwp%2Fv2%2Fcategories&post=243460"},{"taxonomy":"post_tag","embeddable":true,"href":"https:\/\/www.diarioimagen.net\/index.php?rest_route=%2Fwp%2Fv2%2Ftags&post=243460"}],"curies":[{"name":"wp","href":"https:\/\/api.w.org\/{rel}","templated":true}]}}