{"id":243464,"date":"2015-11-19T00:09:46","date_gmt":"2015-11-19T06:09:46","guid":{"rendered":"http:\/\/www.diarioimagen.net\/?p=243464"},"modified":"2015-11-19T04:09:59","modified_gmt":"2015-11-19T10:09:59","slug":"reemplazan-camiones-de-basura-con-mas-de-30-anos-de-antiguedad","status":"publish","type":"post","link":"https:\/\/www.diarioimagen.net\/?p=243464","title":{"rendered":"Reemplazan camiones de basura con m\u00e1s de 30 a\u00f1os de antig\u00fcedad"},"content":{"rendered":"<ul>\n<li><em><strong>Inversi\u00f3n del GDF de 550 mdp<\/strong><\/em><\/li>\n<\/ul>\n<p>&nbsp;<\/p>\n<div id=\"attachment_243576\" style=\"width: 430px\" class=\"wp-caption aligncenter\"><a href=\"http:\/\/www.diarioimagen.net\/?attachment_id=243576\" rel=\"attachment wp-att-243576\"><img loading=\"lazy\" decoding=\"async\" aria-describedby=\"caption-attachment-243576\" class=\"size-large wp-image-243576\" src=\"http:\/\/www.diarioimagen.net\/wp-content\/uploads\/2015\/11\/mancera-2744-420x175.jpg\" alt=\"Miguel \u00c1ngel Mancera Espinosa encabez\u00f3 la entrega a las delegaciones de 76 nuevos camiones recolectores de residuos, que cuentan con los m\u00e1s altos est\u00e1ndares de seguridad y operaci\u00f3n.\" width=\"420\" height=\"175\" srcset=\"https:\/\/www.diarioimagen.net\/wp-content\/uploads\/2015\/11\/mancera-2744-420x175.jpg 420w, https:\/\/www.diarioimagen.net\/wp-content\/uploads\/2015\/11\/mancera-2744-240x100.jpg 240w, https:\/\/www.diarioimagen.net\/wp-content\/uploads\/2015\/11\/mancera-2744.jpg 1200w\" sizes=\"auto, (max-width: 420px) 100vw, 420px\" \/><\/a><p id=\"caption-attachment-243576\" class=\"wp-caption-text\">Miguel \u00c1ngel Mancera Espinosa encabez\u00f3 la entrega a las delegaciones de 76 nuevos camiones recolectores de residuos, que cuentan con los m\u00e1s altos est\u00e1ndares de seguridad y operaci\u00f3n.<\/p><\/div>\n<p>&nbsp;<\/p>\n<p>El jefe del gobierno capitalino, Miguel Angel Mancera, dio el banderazo de salida a los primeros 76 de 195 camiones recolectores de basura con doble caja para separaci\u00f3n de residuos que sustituir\u00e1n a los que tienen m\u00e1s de 30 a\u00f1os de antig\u00fcedad.<\/p>\n<p>Luego de felicitar y reconocer al personal de limpia por su labor en la ciudad de M\u00e9xico, el funcionario destac\u00f3 que las unidades entregadas cumplen con altos est\u00e1ndares de seguridad y operaci\u00f3n a fin de evitar riesgos a los trabajadores o p\u00e9rdida de vidas.<\/p>\n<p>En la explanada del Z\u00f3calo, destac\u00f3 que los 195 camiones se adquirieron con una inversi\u00f3n de 550 millones de pesos, recursos que ofreci\u00f3 mantener en 2016 para el reemplazo necesario de ese parque vehicular, que en algunos casos tiene m\u00e1s de 30 a\u00f1os de antig\u00fcedad.<\/p>\n<p>\u201cMuchos de ellos pues los vemos desde las pel\u00edculas y para darnos una idea de cu\u00e1ndo, siempre hago referencia, algunas de <em>Cantinflas<\/em>, y otras un poco m\u00e1s atr\u00e1s. Por ah\u00ed aparecen los camiones que hoy est\u00e1n circulando en una capital como \u00e9sta, no pod\u00eda ser as\u00ed\u201d, coment\u00f3.<\/p>\n<p>Miguel \u00c1ngel Mancera subray\u00f3 que \u201ctampoco me voy a quedar como ha sucedido, y como se ha hecho, solamente en esta compra: ya cumpl\u00ed, ya les entregamos camiones nuevos, ah\u00ed nos vemos. No, vamos a seguir en la sustituci\u00f3n, vamos a continuar hasta que la flota quede verdaderamente equilibrada en la modernidad\u201d.<\/p>\n<p>Agreg\u00f3 que la inversi\u00f3n que se hizo para el reemplazo de las unidades fue para adquirir camiones con \u201cla caja europea m\u00e1s avanzada que hay hoy por hoy en el mundo\u201d.<\/p>\n<p>Coment\u00f3 que unidades de ese tipo \u201cest\u00e1n circulando en \u00c1msterdam, en Par\u00eds, en las grandes capitales del mundo. Es m\u00e1s, \u00e9sta es la \u00faltima generaci\u00f3n de estas cajas de recolecci\u00f3n de basura. \u00bfPor qu\u00e9? Porque estamos apostando a la tecnolog\u00eda\u201d.<\/p>\n<p>El jefe de gobierno hizo \u00e9nfasis en las acciones de su gobierno para cumplir con el proyecto de Basura Cero en una ciudad donde se mueven 12 mil toneladas de residuos al d\u00eda.<\/p>\n<p>Para ello, dijo, se va a marcar la modernidad y el trabajo con las jefaturas delegacionales sin distinciones, con todas las fuerzas pol\u00edticas.<\/p>\n<p style=\"text-align: center;\"><strong>Caso Gordillo<\/strong><\/p>\n<p>En relaci\u00f3n al caso de Elba Esther Gordillo Morales, el jefe de gobierno del Distrito Federal, Miguel \u00c1ngel Mancera, se\u00f1al\u00f3 que la estancia hospitalaria de la ex dirigente magisterial en el reclusorio femenil de Tepepan depender\u00e1 de su estado de salud.<\/p>\n<p>Entrevistado en el Z\u00f3calo capitalino luego de dar el banderazo de salida a los nuevos camiones de recolecci\u00f3n de basura, se\u00f1al\u00f3 que la permanencia de Gordillo Morales en el hospital \u201cdepende del reporte m\u00e9dico\u201d.<\/p>\n<p>\u201cEntiendo que ya se realiz\u00f3 este traslado, es la informaci\u00f3n que tenemos y todo lo dem\u00e1s depender\u00e1 del tratamiento m\u00e9dico, es decir de lo que se establezca\u201d.<\/p>\n<p>Asimismo, aclar\u00f3 que al gobierno local s\u00f3lo le corresponde la responsabilidad de custodia de la ex dirigente del Sindicato Nacional de Trabajadores de la Educaci\u00f3n (SNTE), quien enfrenta un proceso por<em> lavado<\/em> de dinero, delincuencia organizada y defraudaci\u00f3n fiscal.<\/p>\n<p>&nbsp;<\/p>\n","protected":false},"excerpt":{"rendered":"<p>El jefe del gobierno capitalino, Miguel Angel Mancera, dio el banderazo de salida a los primeros 76 de 195 camiones recolectores de basura con doble caja para separaci\u00f3n de residuos que sustituir\u00e1n a los que tienen m\u00e1s de 30 a\u00f1os de antig\u00fcedad.<\/p>\n","protected":false},"author":3,"featured_media":243576,"comment_status":"open","ping_status":"open","sticky":false,"template":"","format":"standard","meta":{"_monsterinsights_skip_tracking":false,"_monsterinsights_sitenote_active":false,"_monsterinsights_sitenote_note":"","_monsterinsights_sitenote_category":0,"footnotes":""},"categories":[6],"tags":[40463,5314],"class_list":["post-243464","post","type-post","status-publish","format-standard","has-post-thumbnail","hentry","category-cd-de-mexico","tag-antiguedad","tag-miguel-angel-mancera-espinosa"],"_links":{"self":[{"href":"https:\/\/www.diarioimagen.net\/index.php?rest_route=\/wp\/v2\/posts\/243464","targetHints":{"allow":["GET"]}}],"collection":[{"href":"https:\/\/www.diarioimagen.net\/index.php?rest_route=\/wp\/v2\/posts"}],"about":[{"href":"https:\/\/www.diarioimagen.net\/index.php?rest_route=\/wp\/v2\/types\/post"}],"author":[{"embeddable":true,"href":"https:\/\/www.diarioimagen.net\/index.php?rest_route=\/wp\/v2\/users\/3"}],"replies":[{"embeddable":true,"href":"https:\/\/www.diarioimagen.net\/index.php?rest_route=%2Fwp%2Fv2%2Fcomments&post=243464"}],"version-history":[{"count":0,"href":"https:\/\/www.diarioimagen.net\/index.php?rest_route=\/wp\/v2\/posts\/243464\/revisions"}],"wp:featuredmedia":[{"embeddable":true,"href":"https:\/\/www.diarioimagen.net\/index.php?rest_route=\/wp\/v2\/media\/243576"}],"wp:attachment":[{"href":"https:\/\/www.diarioimagen.net\/index.php?rest_route=%2Fwp%2Fv2%2Fmedia&parent=243464"}],"wp:term":[{"taxonomy":"category","embeddable":true,"href":"https:\/\/www.diarioimagen.net\/index.php?rest_route=%2Fwp%2Fv2%2Fcategories&post=243464"},{"taxonomy":"post_tag","embeddable":true,"href":"https:\/\/www.diarioimagen.net\/index.php?rest_route=%2Fwp%2Fv2%2Ftags&post=243464"}],"curies":[{"name":"wp","href":"https:\/\/api.w.org\/{rel}","templated":true}]}}