{"id":243466,"date":"2015-11-19T00:07:05","date_gmt":"2015-11-19T06:07:05","guid":{"rendered":"http:\/\/www.diarioimagen.net\/?p=243466"},"modified":"2015-11-19T02:36:48","modified_gmt":"2015-11-19T08:36:48","slug":"fomentan-participacion-democratica-de-jovenes","status":"publish","type":"post","link":"https:\/\/www.diarioimagen.net\/?p=243466","title":{"rendered":"Fomentan participaci\u00f3n democr\u00e1tica de j\u00f3venes"},"content":{"rendered":"<ul>\n<li><strong><em>Simulador parlamentario en Edomex<\/em><\/strong><\/li>\n<\/ul>\n<p>&nbsp;<\/p>\n<div id=\"attachment_243553\" style=\"width: 430px\" class=\"wp-caption aligncenter\"><a href=\"http:\/\/www.diarioimagen.net\/?attachment_id=243553\" rel=\"attachment wp-att-243553\"><img loading=\"lazy\" decoding=\"async\" aria-describedby=\"caption-attachment-243553\" class=\"size-large wp-image-243553\" src=\"http:\/\/www.diarioimagen.net\/wp-content\/uploads\/2015\/11\/LEGISLATURA-2744-420x236.jpg\" alt=\"Estudiantes de Univer Milenium, Universidad \u201cOlimpo\u201d, Campus Universitario \u201cSiglo XXI\u201d, Universidad \u201cTres Culturas\u201d y la Facultad de Ciencias de la Conducta de la UAEM, participaron en el simulador \u201cJ\u00f3venes Legisladores 2015\u201d.\" width=\"420\" height=\"236\" srcset=\"https:\/\/www.diarioimagen.net\/wp-content\/uploads\/2015\/11\/LEGISLATURA-2744-420x236.jpg 420w, https:\/\/www.diarioimagen.net\/wp-content\/uploads\/2015\/11\/LEGISLATURA-2744-240x135.jpg 240w, https:\/\/www.diarioimagen.net\/wp-content\/uploads\/2015\/11\/LEGISLATURA-2744-480x270.jpg 480w, https:\/\/www.diarioimagen.net\/wp-content\/uploads\/2015\/11\/LEGISLATURA-2744-235x132.jpg 235w, https:\/\/www.diarioimagen.net\/wp-content\/uploads\/2015\/11\/LEGISLATURA-2744-202x114.jpg 202w, https:\/\/www.diarioimagen.net\/wp-content\/uploads\/2015\/11\/LEGISLATURA-2744-350x196.jpg 350w, https:\/\/www.diarioimagen.net\/wp-content\/uploads\/2015\/11\/LEGISLATURA-2744-220x123.jpg 220w, https:\/\/www.diarioimagen.net\/wp-content\/uploads\/2015\/11\/LEGISLATURA-2744-237x132.jpg 237w, https:\/\/www.diarioimagen.net\/wp-content\/uploads\/2015\/11\/LEGISLATURA-2744.jpg 1200w\" sizes=\"auto, (max-width: 420px) 100vw, 420px\" \/><\/a><p id=\"caption-attachment-243553\" class=\"wp-caption-text\">Estudiantes de Univer Milenium, Universidad \u201cOlimpo\u201d, Campus Universitario \u201cSiglo XXI\u201d, Universidad \u201cTres Culturas\u201d y la Facultad de Ciencias de la Conducta de la UAEM, participaron en el simulador \u201cJ\u00f3venes Legisladores 2015\u201d.<\/p><\/div>\n<p>&nbsp;<\/p>\n<p>Fomentar el deporte, la protecci\u00f3n del medio ambiente a trav\u00e9s de la conservaci\u00f3n y uso racional de recursos como agua, suelo y aire, as\u00ed como garantizar la igualdad de oportunidades laborales para j\u00f3venes, son objetivos de las reformas aprobadas en el simulador parlamentario \u201cJ\u00f3venes Legisladores 2015\u201d, cuyo organizador, diputado Gerardo Pliego Santana (PAN), consider\u00f3 un ejercicio que fortalece la participaci\u00f3n democr\u00e1tica de las nuevas generaciones.<\/p>\n<p>En compa\u00f1\u00eda de las legisladoras Areli Hern\u00e1ndez Mart\u00ednez y Mar\u00eda Fernanda Rivera S\u00e1nchez, del PAN, el diputado se\u00f1al\u00f3 que el simulador busca que los j\u00f3venes conozcan y aprecien la tarea de los representantes populares, \u201cque requiere el di\u00e1logo y el consenso de las diferentes fuerzas pol\u00edticas que representan a cerca de 16 millones de mexiquenses\u201d.<\/p>\n<p>Durante la inauguraci\u00f3n de este ejercicio que se desarroll\u00f3 en el Sal\u00f3n de Plenos del Poder Legislativo con la participaci\u00f3n de estudiantes de Univer Milenium, Universidad \u201cOlimpo\u201d, Campus Universitario \u201cSiglo XXI\u201d, Universidad \u201cTres Culturas\u201d y la Facultad de Ciencias de la Conducta de la Universidad Aut\u00f3noma del Estado de M\u00e9xico (UAEM), indic\u00f3 que las iniciativas presentadas por los j\u00f3venes responden a las inquietudes de una nueva \u00e9poca.<\/p>\n<p>Una vez concluidos los trabajos de este simulador, el diputado Tassio Ram\u00edrez Hern\u00e1ndez (Verde Ecologista) convoc\u00f3 a los participantes a \u201cque no dejen de decir su sentir y no dejen de expresar sus ideas para fortalecer la democracia en el Estado de M\u00e9xico\u201d.<\/p>\n<p>Los invit\u00f3 a que \u201csigan siendo originales y sigan luchando por sus ideales\u201d, toda vez que \u201cnecesitamos gente valiente que pueda transformar al Estado de M\u00e9xico\u201d.<\/p>\n<p>La Asamblea plenaria del simulador, presidido por el joven C\u00e9sar Augusto Mart\u00ednez L\u00f3pez, aval\u00f3 la modificaci\u00f3n a la Ley de Cultura F\u00edsica y Deporte, presentada por Diego Armando Valencia Reyes, a fin de establecer como obligatoria la promoci\u00f3n del deporte por parte de los ayuntamientos e instituciones educativas.<\/p>\n<p>Tambi\u00e9n se aprob\u00f3 la adici\u00f3n de un p\u00e1rrafo al art\u00edculo 4.86 del C\u00f3digo para la Biodiversidad del Estado de M\u00e9xico, propuesta por la diputada juvenil Martha Bonilla Hern\u00e1ndez, con la finalidad de regular la utilizaci\u00f3n de composta en parques y jardines en la entidad.<\/p>\n<p>Asimismo, se vot\u00f3 favorablemente adicionar un p\u00e1rrafo al cap\u00edtulo 16 de la Ley de Protecci\u00f3n al Ambiente, a propuesta de la joven legisladora Yadira Nava Carmona, para que se impulse en los diferentes niveles educativos la cultura de la protecci\u00f3n del medio ambiente, as\u00ed como la conservaci\u00f3n y uso racional de recursos como agua, suelo y aire.<\/p>\n<p>Finalmente, se aprob\u00f3 la iniciativa para modificar el art\u00edculo 8 de la Ley de la Juventud del Estado de M\u00e9xico, para garantizar, a este sector de la poblaci\u00f3n, la igualdad de oportunidades laborales, presentada por la diputada Cynthia L\u00f3pez Castillo.<\/p>\n<p>En la sesi\u00f3n fue votada en contra la propuesta del joven Fabi\u00e1n Salgado Garc\u00eda para reformar el C\u00f3digo Penal del Estado de M\u00e9xico, a fin de que el testigo de un delito cometido en territorio mexiquense recibiera protecci\u00f3n de las instancias correspondientes.<\/p>\n<p>&nbsp;<\/p>\n","protected":false},"excerpt":{"rendered":"<p>Fomentar el deporte, la protecci\u00f3n del medio ambiente a trav\u00e9s de la conservaci\u00f3n y uso racional de recursos como agua, suelo y aire, as\u00ed como garantizar la igualdad de oportunidades laborales para j\u00f3venes, son objetivos de las reformas aprobadas en el simulador parlamentario \u201cJ\u00f3venes Legisladores 2015\u201d, cuyo organizador, diputado Gerardo Pliego Santana (PAN), consider\u00f3 un ejercicio que fortalece la participaci\u00f3n democr\u00e1tica de las nuevas generaciones.<\/p>\n","protected":false},"author":3,"featured_media":243553,"comment_status":"open","ping_status":"open","sticky":false,"template":"","format":"standard","meta":{"_monsterinsights_skip_tracking":false,"_monsterinsights_sitenote_active":false,"_monsterinsights_sitenote_note":"","_monsterinsights_sitenote_category":0,"footnotes":""},"categories":[35155],"tags":[43675,91,46374],"class_list":["post-243466","post","type-post","status-publish","format-standard","has-post-thumbnail","hentry","category-estado-de-mexico-estado-de-mexico","tag-estado-de-mexico","tag-pan","tag-participacion"],"_links":{"self":[{"href":"https:\/\/www.diarioimagen.net\/index.php?rest_route=\/wp\/v2\/posts\/243466","targetHints":{"allow":["GET"]}}],"collection":[{"href":"https:\/\/www.diarioimagen.net\/index.php?rest_route=\/wp\/v2\/posts"}],"about":[{"href":"https:\/\/www.diarioimagen.net\/index.php?rest_route=\/wp\/v2\/types\/post"}],"author":[{"embeddable":true,"href":"https:\/\/www.diarioimagen.net\/index.php?rest_route=\/wp\/v2\/users\/3"}],"replies":[{"embeddable":true,"href":"https:\/\/www.diarioimagen.net\/index.php?rest_route=%2Fwp%2Fv2%2Fcomments&post=243466"}],"version-history":[{"count":0,"href":"https:\/\/www.diarioimagen.net\/index.php?rest_route=\/wp\/v2\/posts\/243466\/revisions"}],"wp:featuredmedia":[{"embeddable":true,"href":"https:\/\/www.diarioimagen.net\/index.php?rest_route=\/wp\/v2\/media\/243553"}],"wp:attachment":[{"href":"https:\/\/www.diarioimagen.net\/index.php?rest_route=%2Fwp%2Fv2%2Fmedia&parent=243466"}],"wp:term":[{"taxonomy":"category","embeddable":true,"href":"https:\/\/www.diarioimagen.net\/index.php?rest_route=%2Fwp%2Fv2%2Fcategories&post=243466"},{"taxonomy":"post_tag","embeddable":true,"href":"https:\/\/www.diarioimagen.net\/index.php?rest_route=%2Fwp%2Fv2%2Ftags&post=243466"}],"curies":[{"name":"wp","href":"https:\/\/api.w.org\/{rel}","templated":true}]}}