{"id":243606,"date":"2015-11-20T00:09:39","date_gmt":"2015-11-20T06:09:39","guid":{"rendered":"http:\/\/www.diarioimagen.net\/?p=243606"},"modified":"2015-11-19T23:10:00","modified_gmt":"2015-11-20T05:10:00","slug":"bajaran-el-proximo-ano-comisiones-que-cobran-afores","status":"publish","type":"post","link":"https:\/\/www.diarioimagen.net\/?p=243606","title":{"rendered":"Bajar\u00e1n el pr\u00f3ximo a\u00f1o comisiones que cobran Afores"},"content":{"rendered":"<ul>\n<li><em><strong>Pide Consar mayores facultades<\/strong><\/em><\/li>\n<\/ul>\n<p>&nbsp;<\/p>\n<div id=\"attachment_243607\" style=\"width: 430px\" class=\"wp-caption aligncenter\"><a href=\"http:\/\/www.diarioimagen.net\/?attachment_id=243607\" rel=\"attachment wp-att-243607\"><img loading=\"lazy\" decoding=\"async\" aria-describedby=\"caption-attachment-243607\" class=\"size-large wp-image-243607\" src=\"http:\/\/www.diarioimagen.net\/wp-content\/uploads\/2015\/11\/AFORES-portal-420x245.jpg\" alt=\"La Consar adelant\u00f3 que en 2016 las comisiones que cobran las Afores s\u00ed ser\u00e1n menores a las que se aplicaron en este a\u00f1o.\" width=\"420\" height=\"245\" srcset=\"https:\/\/www.diarioimagen.net\/wp-content\/uploads\/2015\/11\/AFORES-portal-420x245.jpg 420w, https:\/\/www.diarioimagen.net\/wp-content\/uploads\/2015\/11\/AFORES-portal-240x140.jpg 240w, https:\/\/www.diarioimagen.net\/wp-content\/uploads\/2015\/11\/AFORES-portal.jpg 480w\" sizes=\"auto, (max-width: 420px) 100vw, 420px\" \/><\/a><p id=\"caption-attachment-243607\" class=\"wp-caption-text\">La Consar adelant\u00f3 que en 2016 las comisiones que cobran las Afores s\u00ed ser\u00e1n menores a las que se aplicaron en este a\u00f1o.<\/p><\/div>\n<p>&nbsp;<\/p>\n<p>Las comisiones que cobrar\u00e1n las Afores por el manejo del ahorro para el retiro de los mexicanos continuar\u00e1n su tendencia a la baja el pr\u00f3ximo a\u00f1o y ser\u00e1n menores a las cobradas en 2015, que son de 1.11 por ciento el promedio del sistema.<\/p>\n<p>Carlos Ram\u00edrez, presidente la Comisi\u00f3n Nacional del Sistema de Ahorro para el Retiro (Consar) asegur\u00f3 que \u201cclaramente hay espacio todav\u00eda para que, sin afectar el negocio de fondo y sin afectar el desarrollo sano de la industria, las comisiones puedan seguir bajando\u201d.<\/p>\n<p>Este mes las Administradoras de Fondos para el Retiro (Afores) deben presentar al \u00f3rgano regulador sus propuestas de comisi\u00f3n que aplicar\u00e1n para el siguiente a\u00f1o y la Consar las revisa para su aceptaci\u00f3n o sugerencias a las Afores<\/p>\n<p>El presidente de la Consar adelant\u00f3 que las comisiones de 2016 s\u00ed ser\u00e1n menores a las que se aplicaron en este a\u00f1o, de 1.11 por ciento del promedio del sistema, y expuso que \u201cla tendencia de comisiones debe seguir a la baja\u201d, de forma razonable y aceptable.<\/p>\n<p>En el XXV Seminario Internacional de Seguros y Fianzas, subray\u00f3 el funcionario que \u201clas comisiones de todas las Afores tienen que seguir bajando\u201d.<\/p>\n<p>Consider\u00f3 no obstante que para lograr tal objetivo se requiere dar mayores facultades de a la Consar para presionar sobre todo a las Administradoras que se colocan por debajo del promedio del mercado.<\/p>\n<p>En el foro organizado por la Comisi\u00f3n Nacional de Seguros u Fianzas (CNSF), explic\u00f3 que la regulaci\u00f3n establece que si una Afore presenta una comisi\u00f3n por arriba del promedio del mercado y no es aceptada por la Consar, entonces deber\u00e1 cobrar la comisi\u00f3n promedio.<\/p>\n<p>Sin embargo, para las Afores que se sit\u00faan por debajo del promedio del sistema, no se aplica ninguna regulaci\u00f3n y cada vez son menores las reducciones que aplica, lo que genera que cada vez sean m\u00e1s cercanas las tasas que cobran las Administradoras y se corre el riesgo de que se frene la tendencia de baja.<\/p>\n<p>\u201cLas facultades de la Consar en materia de comisiones est\u00e1n acotadas y si el pa\u00eds quiere que las comisiones sigan bajando razonablemente y sin perder de vista la solvencia y la fortaleza del sector, necesitamos m\u00e1s facultades\u201d, expuso.<\/p>\n<p>Carlos Ram\u00edrez afirm\u00f3 que \u201clas comisiones en esta industria no bajan por s\u00ed solas ni bajar\u00e1n porque el consumidor no responde al tema de rendimientos y de precios.<\/p>\n","protected":false},"excerpt":{"rendered":"<p>Las comisiones que cobrar\u00e1n las Afores por el manejo del ahorro para el retiro de los mexicanos continuar\u00e1n su tendencia a la baja el pr\u00f3ximo a\u00f1o y ser\u00e1n menores a las cobradas en 2015, que son de 1.11 por ciento el promedio del sistema.<\/p>\n","protected":false},"author":5,"featured_media":243607,"comment_status":"open","ping_status":"open","sticky":false,"template":"","format":"standard","meta":{"_monsterinsights_skip_tracking":false,"_monsterinsights_sitenote_active":false,"_monsterinsights_sitenote_note":"","_monsterinsights_sitenote_category":0,"footnotes":""},"categories":[3],"tags":[5390,29539,43673],"class_list":["post-243606","post","type-post","status-publish","format-standard","has-post-thumbnail","hentry","category-nacional","tag-afore","tag-consar","tag-nacional"],"_links":{"self":[{"href":"https:\/\/www.diarioimagen.net\/index.php?rest_route=\/wp\/v2\/posts\/243606","targetHints":{"allow":["GET"]}}],"collection":[{"href":"https:\/\/www.diarioimagen.net\/index.php?rest_route=\/wp\/v2\/posts"}],"about":[{"href":"https:\/\/www.diarioimagen.net\/index.php?rest_route=\/wp\/v2\/types\/post"}],"author":[{"embeddable":true,"href":"https:\/\/www.diarioimagen.net\/index.php?rest_route=\/wp\/v2\/users\/5"}],"replies":[{"embeddable":true,"href":"https:\/\/www.diarioimagen.net\/index.php?rest_route=%2Fwp%2Fv2%2Fcomments&post=243606"}],"version-history":[{"count":0,"href":"https:\/\/www.diarioimagen.net\/index.php?rest_route=\/wp\/v2\/posts\/243606\/revisions"}],"wp:featuredmedia":[{"embeddable":true,"href":"https:\/\/www.diarioimagen.net\/index.php?rest_route=\/wp\/v2\/media\/243607"}],"wp:attachment":[{"href":"https:\/\/www.diarioimagen.net\/index.php?rest_route=%2Fwp%2Fv2%2Fmedia&parent=243606"}],"wp:term":[{"taxonomy":"category","embeddable":true,"href":"https:\/\/www.diarioimagen.net\/index.php?rest_route=%2Fwp%2Fv2%2Fcategories&post=243606"},{"taxonomy":"post_tag","embeddable":true,"href":"https:\/\/www.diarioimagen.net\/index.php?rest_route=%2Fwp%2Fv2%2Ftags&post=243606"}],"curies":[{"name":"wp","href":"https:\/\/api.w.org\/{rel}","templated":true}]}}