{"id":243644,"date":"2015-11-20T00:05:50","date_gmt":"2015-11-20T06:05:50","guid":{"rendered":"http:\/\/www.diarioimagen.net\/?p=243644"},"modified":"2015-11-22T22:29:38","modified_gmt":"2015-11-23T04:29:38","slug":"destacan-creacion-de-empleos","status":"publish","type":"post","link":"https:\/\/www.diarioimagen.net\/?p=243644","title":{"rendered":"Destacan creaci\u00f3n de empleos"},"content":{"rendered":"<h2>Arco Norte<\/h2>\n<h5>Jos\u00e9 Luis Monta\u00f1ez Aguilar<\/h5>\n<p>&nbsp;<\/p>\n<div id=\"attachment_243723\" style=\"width: 430px\" class=\"wp-caption aligncenter\"><a href=\"http:\/\/www.diarioimagen.net\/?attachment_id=243723\" rel=\"attachment wp-att-243723\"><img loading=\"lazy\" decoding=\"async\" aria-describedby=\"caption-attachment-243723\" class=\"size-large wp-image-243723\" src=\"http:\/\/www.diarioimagen.net\/wp-content\/uploads\/2015\/11\/arco-2745-420x236.jpg\" alt=\"Eruviel \u00c1vila - Asistiendo a la Segunda Sesi\u00f3n Ordinaria de la CONASETRA.\" width=\"420\" height=\"236\" srcset=\"https:\/\/www.diarioimagen.net\/wp-content\/uploads\/2015\/11\/arco-2745-420x236.jpg 420w, https:\/\/www.diarioimagen.net\/wp-content\/uploads\/2015\/11\/arco-2745-240x135.jpg 240w, https:\/\/www.diarioimagen.net\/wp-content\/uploads\/2015\/11\/arco-2745-480x270.jpg 480w, https:\/\/www.diarioimagen.net\/wp-content\/uploads\/2015\/11\/arco-2745-235x132.jpg 235w, https:\/\/www.diarioimagen.net\/wp-content\/uploads\/2015\/11\/arco-2745-202x114.jpg 202w, https:\/\/www.diarioimagen.net\/wp-content\/uploads\/2015\/11\/arco-2745-350x196.jpg 350w, https:\/\/www.diarioimagen.net\/wp-content\/uploads\/2015\/11\/arco-2745-220x123.jpg 220w, https:\/\/www.diarioimagen.net\/wp-content\/uploads\/2015\/11\/arco-2745-237x132.jpg 237w, https:\/\/www.diarioimagen.net\/wp-content\/uploads\/2015\/11\/arco-2745.jpg 1200w\" sizes=\"auto, (max-width: 420px) 100vw, 420px\" \/><\/a><p id=\"caption-attachment-243723\" class=\"wp-caption-text\">Eruviel \u00c1vila &#8211; Asistiendo a la Segunda Sesi\u00f3n Ordinaria de la CONASETRA.<\/p><\/div>\n<p>&nbsp;<\/p>\n<p>El gobernador Eruviel \u00c1vila Villegas, reconoci\u00f3 a la administraci\u00f3n del presidente Enrique Pe\u00f1a Nieto por la generaci\u00f3n de m\u00e1s de 1.7 millones de empleos en lo que va de su sexenio, adem\u00e1s por el crecimiento de 1.4 por ciento de la productividad en 2014, con lo que se revirti\u00f3 la ca\u00edda constante que ten\u00eda desde hace 20 a\u00f1os.<\/p>\n<p>Durante la inauguraci\u00f3n de la Conferencia Nacional de Secretarios de Trabajo (Conasetra) se\u00f1al\u00f3: \u201cYo quiero expresar mi reconocimiento al presidente, Enrique Pe\u00f1a Nieto; al se\u00f1or secretario del Trabajo y Previsi\u00f3n Social, por los logros y resultados concretos que se han tenido para bien de nuestro pa\u00eds en materia y en pol\u00edtica laboral.<\/p>\n<p>Para empezar, en 2014 la productividad laboral se increment\u00f3, aument\u00f3 1.4 por ciento, pero hay que recordar que desde hace 20 a\u00f1os esta productividad estaba cayendo un punto porcentual, esto fue permanente, fue constante y por primera vez tuvimos este crecimiento\u201d, expres\u00f3.<\/p>\n<p>En su calidad de presidente de la Conferencia Nacional de Gobernadores (Conago), Eruviel \u00c1vila dio a conocer que plantear\u00e1 ante este organismo, fomentar el empleo juvenil a trav\u00e9s de est\u00edmulos fiscales a empresas que los contraten, como ya se realiza en el Estado de M\u00e9xico; fijar \u00a0como meta que todas las dependencias estatales de los poderes Ejecutivo, Legislativo y Judicial, as\u00ed como de ayuntamientos, est\u00e9n certificadas con el distintivo\u00a0M\u00e9xico\u00a0Sin Trabajo Infantil, que otorga la Secretar\u00eda del Trabajo y Previsi\u00f3n Social, as\u00ed como la promoci\u00f3n de la inclusi\u00f3n al mercado laboral formal de personas con discapacidad.<\/p>\n<p><em><a href=\"mailto:montanezaguilar@gmail.com\" target=\"_blank\">montanezaguilar@gmail.com<\/a><\/em><\/p>\n","protected":false},"excerpt":{"rendered":"<p><span style=\"color: #005497;\">Jos\u00e9 Luis Monta\u00f1ez Aguilar<\/span><br \/>\n<br \/>\nEl gobernador Eruviel \u00c1vila Villegas, reconoci\u00f3 a la administraci\u00f3n del presidente Enrique Pe\u00f1a Nieto por la generaci\u00f3n de m\u00e1s de 1.7 millones de empleos en lo que va de su sexenio, adem\u00e1s por el crecimiento de 1.4 por ciento de la productividad en 2014, con lo que se revirti\u00f3 la ca\u00edda constante que ten\u00eda desde hace 20 a\u00f1os.<\/p>\n","protected":false},"author":3,"featured_media":243723,"comment_status":"open","ping_status":"open","sticky":false,"template":"","format":"standard","meta":{"_monsterinsights_skip_tracking":false,"_monsterinsights_sitenote_active":false,"_monsterinsights_sitenote_note":"","_monsterinsights_sitenote_category":0,"footnotes":""},"categories":[5],"tags":[13284,43704,43674],"class_list":["post-243644","post","type-post","status-publish","format-standard","has-post-thumbnail","hentry","category-estado-de-mexico","tag-arco-norte","tag-jose-luis-montanez-aguilar","tag-opinion"],"_links":{"self":[{"href":"https:\/\/www.diarioimagen.net\/index.php?rest_route=\/wp\/v2\/posts\/243644","targetHints":{"allow":["GET"]}}],"collection":[{"href":"https:\/\/www.diarioimagen.net\/index.php?rest_route=\/wp\/v2\/posts"}],"about":[{"href":"https:\/\/www.diarioimagen.net\/index.php?rest_route=\/wp\/v2\/types\/post"}],"author":[{"embeddable":true,"href":"https:\/\/www.diarioimagen.net\/index.php?rest_route=\/wp\/v2\/users\/3"}],"replies":[{"embeddable":true,"href":"https:\/\/www.diarioimagen.net\/index.php?rest_route=%2Fwp%2Fv2%2Fcomments&post=243644"}],"version-history":[{"count":0,"href":"https:\/\/www.diarioimagen.net\/index.php?rest_route=\/wp\/v2\/posts\/243644\/revisions"}],"wp:featuredmedia":[{"embeddable":true,"href":"https:\/\/www.diarioimagen.net\/index.php?rest_route=\/wp\/v2\/media\/243723"}],"wp:attachment":[{"href":"https:\/\/www.diarioimagen.net\/index.php?rest_route=%2Fwp%2Fv2%2Fmedia&parent=243644"}],"wp:term":[{"taxonomy":"category","embeddable":true,"href":"https:\/\/www.diarioimagen.net\/index.php?rest_route=%2Fwp%2Fv2%2Fcategories&post=243644"},{"taxonomy":"post_tag","embeddable":true,"href":"https:\/\/www.diarioimagen.net\/index.php?rest_route=%2Fwp%2Fv2%2Ftags&post=243644"}],"curies":[{"name":"wp","href":"https:\/\/api.w.org\/{rel}","templated":true}]}}