{"id":243649,"date":"2015-11-20T00:08:08","date_gmt":"2015-11-20T06:08:08","guid":{"rendered":"http:\/\/www.diarioimagen.net\/?p=243649"},"modified":"2015-11-20T02:41:48","modified_gmt":"2015-11-20T08:41:48","slug":"rescatan-variedades-de-maiz-criollo-en-la-entidad","status":"publish","type":"post","link":"https:\/\/www.diarioimagen.net\/?p=243649","title":{"rendered":"Rescatan variedades de ma\u00edz criollo en la entidad"},"content":{"rendered":"<ul>\n<li><strong><em>Semillas, a disposici\u00f3n de productores<\/em><\/strong><\/li>\n<\/ul>\n<p>&nbsp;<\/p>\n<p><a href=\"http:\/\/www.diarioimagen.net\/?attachment_id=243731\" rel=\"attachment wp-att-243731\"><img loading=\"lazy\" decoding=\"async\" class=\"aligncenter size-large wp-image-243731\" src=\"http:\/\/www.diarioimagen.net\/wp-content\/uploads\/2015\/11\/maiz-2745-420x262.jpg\" alt=\"maiz-2745\" width=\"420\" height=\"262\" srcset=\"https:\/\/www.diarioimagen.net\/wp-content\/uploads\/2015\/11\/maiz-2745-420x262.jpg 420w, https:\/\/www.diarioimagen.net\/wp-content\/uploads\/2015\/11\/maiz-2745-240x149.jpg 240w, https:\/\/www.diarioimagen.net\/wp-content\/uploads\/2015\/11\/maiz-2745.jpg 700w\" sizes=\"auto, (max-width: 420px) 100vw, 420px\" \/><\/a><\/p>\n<p>&nbsp;<\/p>\n<p><strong>Metepec, Estado de M\u00e9xico<\/strong>.- El Instituto de Investigaci\u00f3n y Capacitaci\u00f3n Agropecuaria, Acu\u00edcola y Forestal del Estado de M\u00e9xico (Icamex) y el Centro Internacional de Mejoramiento de Ma\u00edz y Trigo (Cimmyt), han rescatado, preservado y puesto a disposici\u00f3n de los productores del campo de la entidad, 72 variedades de ma\u00edces criollos, inform\u00f3 el secretario de Desarrollo Agropecuario, Heriberto Ortega Ram\u00edrez, durante la Segunda Demostraci\u00f3n de Campo que llevaron a cabo estos centros de investigaci\u00f3n.<\/p>\n<p>El secretario estatal indic\u00f3 que esta acci\u00f3n se ha logrado gracias a la firma de un convenio de colaboraci\u00f3n entre el Icamex y el Cimmyt, y destac\u00f3 que durante la primera Demostraci\u00f3n de Campo que realizaron el a\u00f1o pasado, de las 72 variedades criollas, los productores seleccionaron 12, para generar m\u00e1s semilla que podr\u00e1n cultivar en el pr\u00f3ximo ciclo agr\u00edcola.<\/p>\n<p>Durante la demostraci\u00f3n, Heriberto Ortega tambi\u00e9n conoci\u00f3 la preservaci\u00f3n de semillas de ma\u00edz amarillo con alto contenido de almid\u00f3n y que generan mayor rendimiento en las cosechas, as\u00ed como de ma\u00edz palomero; cuyo centro de origen es el Estado de M\u00e9xico.<\/p>\n<p>Precis\u00f3 que el Icamex tambi\u00e9n tiene otro convenio con el Cimmyt para semilla de trigo, que tras tres a\u00f1os de evaluaci\u00f3n, en 2016 est\u00e1n en posibilidad de liberar una nueva semilla de este cereal, cuya caracter\u00edstica principal es ser tolerante a la roya que ataca este cultivo.<\/p>\n<p>El titular de la Secretar\u00eda de Desarrollo Agropecuario (Sedagro), se\u00f1al\u00f3 que el gobernador Eruviel \u00c1vila Villegas tiene especial inter\u00e9s en apoyar la investigaci\u00f3n que gener\u00e9 tecnolog\u00eda que permita hacer m\u00e1s productivo el campo mexiquense, por lo que reconoci\u00f3 el trabajo de los investigadores, por rescatar ma\u00edces criollos nativos de la entidad y el trabajo que realizan para liberar variedades precoces para enfrentar el cambio clim\u00e1tico.<\/p>\n<p>Por su parte, Denise Costich, directora del Banco de Germoplasma del Cimmyt, puntualiz\u00f3 que a la fecha cuentan con 900 accesiones de semillas criollas que se han colectado en el Estado de M\u00e9xico, las cuales dijo, pueden sacar de la c\u00e1mara fr\u00eda de ma\u00edces de altura y ponerlos en manos de quienes lo necesiten, pues el objetivo de este banco es proporcionar semilla sana, viable e informaci\u00f3n confiable de sus recursos gen\u00e9ticos.<\/p>\n","protected":false},"excerpt":{"rendered":"<p>El Instituto de Investigaci\u00f3n y Capacitaci\u00f3n Agropecuaria, Acu\u00edcola y Forestal del Estado de M\u00e9xico (Icamex) y el Centro Internacional de Mejoramiento de Ma\u00edz y Trigo (Cimmyt), han rescatado, preservado y puesto a disposici\u00f3n de los productores del campo de la entidad, 72 variedades de ma\u00edces criollos, inform\u00f3 el secretario de Desarrollo Agropecuario, Heriberto Ortega Ram\u00edrez, durante la Segunda Demostraci\u00f3n de Campo que llevaron a cabo estos centros de investigaci\u00f3n.<\/p>\n","protected":false},"author":3,"featured_media":243731,"comment_status":"open","ping_status":"open","sticky":false,"template":"","format":"standard","meta":{"_monsterinsights_skip_tracking":false,"_monsterinsights_sitenote_active":false,"_monsterinsights_sitenote_note":"","_monsterinsights_sitenote_category":0,"footnotes":""},"categories":[5],"tags":[43675,15946,876,728],"class_list":["post-243649","post","type-post","status-publish","format-standard","has-post-thumbnail","hentry","category-estado-de-mexico","tag-estado-de-mexico","tag-maiz","tag-metepec","tag-rescate"],"_links":{"self":[{"href":"https:\/\/www.diarioimagen.net\/index.php?rest_route=\/wp\/v2\/posts\/243649","targetHints":{"allow":["GET"]}}],"collection":[{"href":"https:\/\/www.diarioimagen.net\/index.php?rest_route=\/wp\/v2\/posts"}],"about":[{"href":"https:\/\/www.diarioimagen.net\/index.php?rest_route=\/wp\/v2\/types\/post"}],"author":[{"embeddable":true,"href":"https:\/\/www.diarioimagen.net\/index.php?rest_route=\/wp\/v2\/users\/3"}],"replies":[{"embeddable":true,"href":"https:\/\/www.diarioimagen.net\/index.php?rest_route=%2Fwp%2Fv2%2Fcomments&post=243649"}],"version-history":[{"count":0,"href":"https:\/\/www.diarioimagen.net\/index.php?rest_route=\/wp\/v2\/posts\/243649\/revisions"}],"wp:featuredmedia":[{"embeddable":true,"href":"https:\/\/www.diarioimagen.net\/index.php?rest_route=\/wp\/v2\/media\/243731"}],"wp:attachment":[{"href":"https:\/\/www.diarioimagen.net\/index.php?rest_route=%2Fwp%2Fv2%2Fmedia&parent=243649"}],"wp:term":[{"taxonomy":"category","embeddable":true,"href":"https:\/\/www.diarioimagen.net\/index.php?rest_route=%2Fwp%2Fv2%2Fcategories&post=243649"},{"taxonomy":"post_tag","embeddable":true,"href":"https:\/\/www.diarioimagen.net\/index.php?rest_route=%2Fwp%2Fv2%2Ftags&post=243649"}],"curies":[{"name":"wp","href":"https:\/\/api.w.org\/{rel}","templated":true}]}}