{"id":243670,"date":"2015-11-20T00:06:05","date_gmt":"2015-11-20T06:06:05","guid":{"rendered":"http:\/\/www.diarioimagen.net\/?p=243670"},"modified":"2015-11-20T02:58:24","modified_gmt":"2015-11-20T08:58:24","slug":"priistas-de-naucalpan-piden-unos-comicios-limpios","status":"publish","type":"post","link":"https:\/\/www.diarioimagen.net\/?p=243670","title":{"rendered":"Pri\u00edstas de Naucalpan piden unos comicios limpios"},"content":{"rendered":"<ul>\n<li><strong><em>Rechazo a imposiciones<\/em><\/strong><\/li>\n<\/ul>\n<p>&nbsp;<\/p>\n<p><a href=\"http:\/\/www.diarioimagen.net\/?attachment_id=243744\" rel=\"attachment wp-att-243744\"><img loading=\"lazy\" decoding=\"async\" class=\"aligncenter size-large wp-image-243744\" src=\"http:\/\/www.diarioimagen.net\/wp-content\/uploads\/2015\/11\/naucalpan-2745-420x237.jpg\" alt=\"naucalpan-2745\" width=\"420\" height=\"237\" srcset=\"https:\/\/www.diarioimagen.net\/wp-content\/uploads\/2015\/11\/naucalpan-2745-420x237.jpg 420w, https:\/\/www.diarioimagen.net\/wp-content\/uploads\/2015\/11\/naucalpan-2745-240x135.jpg 240w, https:\/\/www.diarioimagen.net\/wp-content\/uploads\/2015\/11\/naucalpan-2745-480x270.jpg 480w, https:\/\/www.diarioimagen.net\/wp-content\/uploads\/2015\/11\/naucalpan-2745-235x132.jpg 235w, https:\/\/www.diarioimagen.net\/wp-content\/uploads\/2015\/11\/naucalpan-2745-202x114.jpg 202w, https:\/\/www.diarioimagen.net\/wp-content\/uploads\/2015\/11\/naucalpan-2745-220x123.jpg 220w, https:\/\/www.diarioimagen.net\/wp-content\/uploads\/2015\/11\/naucalpan-2745.jpg 623w\" sizes=\"auto, (max-width: 420px) 100vw, 420px\" \/><\/a><\/p>\n<p>&nbsp;<\/p>\n<p><strong>Naucalpan, Estado de M\u00e9xico<\/strong>.- El Comit\u00e9 Municipal del Partido Revolucionario Institucional debe de recaer en manos de un naucalpense y no \u201cfuere\u00f1os\u201d. De ninguna manera y bajo ning\u00fan concepto permitiremos imposiciones de personas que s\u00f3lo da\u00f1an a nuestro instituto pol\u00edtico.<\/p>\n<p>Aseguraron en entrevista, l\u00edderes seccionales, militantes y simpatizantes del tricolor en esta localidad, luego de demandar del dirigente estatal Carlos Iriarte Mercado una elecci\u00f3n \u201climpia y transparente\u201d, toda vez que existen interesados que han traicionado no s\u00f3lo los estatutos del partido, sino que han respaldado a candidatos de otros partidos pol\u00edticos, comentaron.<\/p>\n<p>\u201cNo es posible que los mandam\u00e1s del Revolucionario Institucional sigan permitiendo que gente sin experiencia, que no viven en Naucalpan y aparte traicioneros, \u00a0sigan manejando a su antojo a nuestro partido. Queremos a un naucalpense al frente del Comit\u00e9 Municipal\u201d, dijeron.<\/p>\n<p>Fidel Castro, miembro del Frente Juvenil Revolucionario (FJR), fue tajante al se\u00f1alar que \u201cse debe de analizar detalladamente a los interesados en dirigir al PRI en Naucalpan. De ninguna manera\u00a0 queremos m\u00e1s sorpresas que s\u00f3lo da\u00f1an en el presente y futuro al PRI\u201d.<\/p>\n<p>Y continu\u00f3 manifestando que hay muchos actores pol\u00edticos interesados en dirigir al PRI en Naucalpan como son Jos\u00e9 Juan Vergara Mill\u00e1n, Rafael Ranero Berrera, Rogelio Hern\u00e1ndez Molina, Francisco Guzm\u00e1n Lazo, Carlos Islas Neri, Jorge Mart\u00ednez Contreras, Miguel \u00c1ngel Rub\u00edn Su\u00e1rez y otros m\u00e1s que no tiene caso ni mencionar, pero en quien recaiga esta responsabilidad.<\/p>\n","protected":false},"excerpt":{"rendered":"<p>El Comit\u00e9 Municipal del Partido Revolucionario Institucional debe de recaer en manos de un naucalpense y no \u201cfuere\u00f1os\u201d. De ninguna manera y bajo ning\u00fan concepto permitiremos imposiciones de personas que s\u00f3lo da\u00f1an a nuestro instituto pol\u00edtico.<\/p>\n","protected":false},"author":3,"featured_media":243744,"comment_status":"open","ping_status":"open","sticky":false,"template":"","format":"standard","meta":{"_monsterinsights_skip_tracking":false,"_monsterinsights_sitenote_active":false,"_monsterinsights_sitenote_note":"","_monsterinsights_sitenote_category":0,"footnotes":""},"categories":[35155],"tags":[5550,43675,970],"class_list":["post-243670","post","type-post","status-publish","format-standard","has-post-thumbnail","hentry","category-estado-de-mexico-estado-de-mexico","tag-comicios","tag-estado-de-mexico","tag-naucalpan"],"_links":{"self":[{"href":"https:\/\/www.diarioimagen.net\/index.php?rest_route=\/wp\/v2\/posts\/243670","targetHints":{"allow":["GET"]}}],"collection":[{"href":"https:\/\/www.diarioimagen.net\/index.php?rest_route=\/wp\/v2\/posts"}],"about":[{"href":"https:\/\/www.diarioimagen.net\/index.php?rest_route=\/wp\/v2\/types\/post"}],"author":[{"embeddable":true,"href":"https:\/\/www.diarioimagen.net\/index.php?rest_route=\/wp\/v2\/users\/3"}],"replies":[{"embeddable":true,"href":"https:\/\/www.diarioimagen.net\/index.php?rest_route=%2Fwp%2Fv2%2Fcomments&post=243670"}],"version-history":[{"count":0,"href":"https:\/\/www.diarioimagen.net\/index.php?rest_route=\/wp\/v2\/posts\/243670\/revisions"}],"wp:featuredmedia":[{"embeddable":true,"href":"https:\/\/www.diarioimagen.net\/index.php?rest_route=\/wp\/v2\/media\/243744"}],"wp:attachment":[{"href":"https:\/\/www.diarioimagen.net\/index.php?rest_route=%2Fwp%2Fv2%2Fmedia&parent=243670"}],"wp:term":[{"taxonomy":"category","embeddable":true,"href":"https:\/\/www.diarioimagen.net\/index.php?rest_route=%2Fwp%2Fv2%2Fcategories&post=243670"},{"taxonomy":"post_tag","embeddable":true,"href":"https:\/\/www.diarioimagen.net\/index.php?rest_route=%2Fwp%2Fv2%2Ftags&post=243670"}],"curies":[{"name":"wp","href":"https:\/\/api.w.org\/{rel}","templated":true}]}}