{"id":243787,"date":"2015-11-20T12:30:44","date_gmt":"2015-11-20T18:30:44","guid":{"rendered":"http:\/\/www.diarioimagen.net\/?p=243787"},"modified":"2015-11-22T22:30:33","modified_gmt":"2015-11-23T04:30:33","slug":"reformas-impulsadas-por-epn-son-una-revolucion-pacifica-por-el-bienestar-de-mexico-eav","status":"publish","type":"post","link":"https:\/\/www.diarioimagen.net\/?p=243787","title":{"rendered":"Reformas impulsadas por EPN son una revoluci\u00f3n pac\u00edfica por el bienestar de M\u00e9xico: EAV"},"content":{"rendered":"<div id=\"attachment_243788\" style=\"width: 430px\" class=\"wp-caption aligncenter\"><a href=\"http:\/\/www.diarioimagen.net\/?attachment_id=243788\" rel=\"attachment wp-att-243788\"><img loading=\"lazy\" decoding=\"async\" aria-describedby=\"caption-attachment-243788\" class=\"size-large wp-image-243788\" src=\"http:\/\/www.diarioimagen.net\/wp-content\/uploads\/2015\/11\/eruviel-420x236.jpg\" alt=\"Eruviel \u00c1vila - Ceremonia por el CV Aniversario de la Revoluci\u00f3n Mexicana.\" width=\"420\" height=\"236\" srcset=\"https:\/\/www.diarioimagen.net\/wp-content\/uploads\/2015\/11\/eruviel-420x236.jpg 420w, https:\/\/www.diarioimagen.net\/wp-content\/uploads\/2015\/11\/eruviel-240x135.jpg 240w, https:\/\/www.diarioimagen.net\/wp-content\/uploads\/2015\/11\/eruviel-480x270.jpg 480w, https:\/\/www.diarioimagen.net\/wp-content\/uploads\/2015\/11\/eruviel-235x132.jpg 235w, https:\/\/www.diarioimagen.net\/wp-content\/uploads\/2015\/11\/eruviel-202x114.jpg 202w, https:\/\/www.diarioimagen.net\/wp-content\/uploads\/2015\/11\/eruviel-350x196.jpg 350w, https:\/\/www.diarioimagen.net\/wp-content\/uploads\/2015\/11\/eruviel-220x123.jpg 220w, https:\/\/www.diarioimagen.net\/wp-content\/uploads\/2015\/11\/eruviel-237x132.jpg 237w, https:\/\/www.diarioimagen.net\/wp-content\/uploads\/2015\/11\/eruviel.jpg 1200w\" sizes=\"auto, (max-width: 420px) 100vw, 420px\" \/><\/a><p id=\"caption-attachment-243788\" class=\"wp-caption-text\">Eruviel \u00c1vila &#8211; Ceremonia por el CV Aniversario de la Revoluci\u00f3n Mexicana.<\/p><\/div>\n<p>&nbsp;<\/p>\n<p><strong>Toluca, Estado de M\u00e9xico.-\u00a0<\/strong>Al encabezar la ceremonia por el 105 aniversario del inicio de la Revoluci\u00f3n Mexicana, el gobernador del Estado de M\u00e9xico, Eruviel \u00c1vila Villegas, asegur\u00f3 que como en 1910 comenz\u00f3 la lucha para mejorar las condiciones de vida de los mexicanos, en la actualidad el presidente de la Rep\u00fablica, Enrique Pe\u00f1a Nieto, impulsa una revoluci\u00f3n pac\u00edfica en el pa\u00eds, a trav\u00e9s de la implementaci\u00f3n de las reformas estructurales, que conjugan causas comunes para el bienestar de la sociedad, como la seguridad, la educaci\u00f3n, el desarrollo econ\u00f3mico, la transparencia gubernamental, entre otros \u00e1mbitos.<\/p>\n<p>\u201cDebemos recordar que en 1910 propusieron un cambio radical y hoy vemos sus efectos positivos. As\u00ed como entonces, hoy, el presidente Enrique Pe\u00f1a nieto est\u00e1 encabezando un\u00a0 movimiento transformador, de ideas y de propuestas, de acuerdo y con di\u00e1logo. Las reformas transformadoras del presidente Pe\u00f1a Nieto, que ha impulsado el presidente Pe\u00f1a Nieto, con el apoyo de todas las fuerzas pol\u00edticas es la revoluci\u00f3n pac\u00edfica del siglo veintiuno\u201d, expres\u00f3.<\/p>\n<p>En la Plaza de los M\u00e1rtires de la capital mexiquense, donde tambi\u00e9n entreg\u00f3 el Premio Estatal del Deporte 2015 a cinco atletas del Edom\u00e9x, el gobernador se\u00f1al\u00f3 que la historia nacional demuestra que los mexicanos saben unirse en torno a las causas sociales que significan progreso\u00a0 y bienestar, por lo que exhort\u00f3 a todos los sectores de la sociedad a trabajar y hacer equipo, con el objetivo de que las reformas estructurales se traduzcan en mejores condiciones de vida para todos los mexicanos.<\/p>\n<p>En esta ceremonia, durante la que\u00a0 480 alumnas de nueve escuelas de educaci\u00f3n b\u00e1sica realizaron una tabla gimn\u00e1stica monumental, Eruviel \u00c1vila destac\u00f3 que hoy en d\u00eda se viven mejores condiciones en el pa\u00eds, gracias a los preceptos fruto de la lucha revolucionaria, y por el posterior fortalecimiento de las instituciones.<\/p>\n","protected":false},"excerpt":{"rendered":"<p>Al encabezar la ceremonia por el 105 aniversario del inicio de la Revoluci\u00f3n Mexicana, el gobernador del Estado de M\u00e9xico, Eruviel \u00c1vila Villegas, asegur\u00f3 que como en 1910 comenz\u00f3 la lucha para mejorar las condiciones de vida de los mexicanos, en la actualidad el presidente de la Rep\u00fablica, Enrique Pe\u00f1a Nieto, impulsa una revoluci\u00f3n pac\u00edfica en el pa\u00eds, a trav\u00e9s de la implementaci\u00f3n de las reformas estructurales, que conjugan causas comunes para el bienestar de la sociedad, como la seguridad, la educaci\u00f3n, el desarrollo econ\u00f3mico, la transparencia gubernamental, entre otros \u00e1mbitos. <\/p>\n","protected":false},"author":1,"featured_media":243788,"comment_status":"open","ping_status":"open","sticky":false,"template":"","format":"standard","meta":{"_monsterinsights_skip_tracking":false,"_monsterinsights_sitenote_active":false,"_monsterinsights_sitenote_note":"","_monsterinsights_sitenote_category":0,"footnotes":""},"categories":[5],"tags":[23589,1716,5828,43673],"class_list":["post-243787","post","type-post","status-publish","format-standard","has-post-thumbnail","hentry","category-estado-de-mexico","tag-comprometidos-por-el-estado-de-mexico","tag-epn","tag-eruviel-avila-villegas","tag-nacional"],"_links":{"self":[{"href":"https:\/\/www.diarioimagen.net\/index.php?rest_route=\/wp\/v2\/posts\/243787","targetHints":{"allow":["GET"]}}],"collection":[{"href":"https:\/\/www.diarioimagen.net\/index.php?rest_route=\/wp\/v2\/posts"}],"about":[{"href":"https:\/\/www.diarioimagen.net\/index.php?rest_route=\/wp\/v2\/types\/post"}],"author":[{"embeddable":true,"href":"https:\/\/www.diarioimagen.net\/index.php?rest_route=\/wp\/v2\/users\/1"}],"replies":[{"embeddable":true,"href":"https:\/\/www.diarioimagen.net\/index.php?rest_route=%2Fwp%2Fv2%2Fcomments&post=243787"}],"version-history":[{"count":0,"href":"https:\/\/www.diarioimagen.net\/index.php?rest_route=\/wp\/v2\/posts\/243787\/revisions"}],"wp:featuredmedia":[{"embeddable":true,"href":"https:\/\/www.diarioimagen.net\/index.php?rest_route=\/wp\/v2\/media\/243788"}],"wp:attachment":[{"href":"https:\/\/www.diarioimagen.net\/index.php?rest_route=%2Fwp%2Fv2%2Fmedia&parent=243787"}],"wp:term":[{"taxonomy":"category","embeddable":true,"href":"https:\/\/www.diarioimagen.net\/index.php?rest_route=%2Fwp%2Fv2%2Fcategories&post=243787"},{"taxonomy":"post_tag","embeddable":true,"href":"https:\/\/www.diarioimagen.net\/index.php?rest_route=%2Fwp%2Fv2%2Ftags&post=243787"}],"curies":[{"name":"wp","href":"https:\/\/api.w.org\/{rel}","templated":true}]}}