{"id":243865,"date":"2015-11-23T00:05:14","date_gmt":"2015-11-23T06:05:14","guid":{"rendered":"http:\/\/www.diarioimagen.net\/?p=243865"},"modified":"2015-11-23T04:23:29","modified_gmt":"2015-11-23T10:23:29","slug":"universidades-semillero-de-creacion-visual","status":"publish","type":"post","link":"https:\/\/www.diarioimagen.net\/?p=243865","title":{"rendered":"Universidades, semillero de creaci\u00f3n visual"},"content":{"rendered":"<div id=\"attachment_243958\" style=\"width: 250px\" class=\"wp-caption alignleft\"><a href=\"http:\/\/www.diarioimagen.net\/?attachment_id=243958\" rel=\"attachment wp-att-243958\"><img loading=\"lazy\" decoding=\"async\" aria-describedby=\"caption-attachment-243958\" class=\"size-medium wp-image-243958\" src=\"http:\/\/www.diarioimagen.net\/wp-content\/uploads\/2015\/11\/UAEM-2746-240x135.jpg\" alt=\"Lino Monanegi, coordinador de la revista La palabra y el hombre.\" width=\"240\" height=\"135\" srcset=\"https:\/\/www.diarioimagen.net\/wp-content\/uploads\/2015\/11\/UAEM-2746-240x135.jpg 240w, https:\/\/www.diarioimagen.net\/wp-content\/uploads\/2015\/11\/UAEM-2746-420x236.jpg 420w, https:\/\/www.diarioimagen.net\/wp-content\/uploads\/2015\/11\/UAEM-2746-480x270.jpg 480w, https:\/\/www.diarioimagen.net\/wp-content\/uploads\/2015\/11\/UAEM-2746-235x132.jpg 235w, https:\/\/www.diarioimagen.net\/wp-content\/uploads\/2015\/11\/UAEM-2746-202x114.jpg 202w, https:\/\/www.diarioimagen.net\/wp-content\/uploads\/2015\/11\/UAEM-2746-350x196.jpg 350w, https:\/\/www.diarioimagen.net\/wp-content\/uploads\/2015\/11\/UAEM-2746-220x123.jpg 220w, https:\/\/www.diarioimagen.net\/wp-content\/uploads\/2015\/11\/UAEM-2746-237x132.jpg 237w, https:\/\/www.diarioimagen.net\/wp-content\/uploads\/2015\/11\/UAEM-2746.jpg 700w\" sizes=\"auto, (max-width: 240px) 100vw, 240px\" \/><\/a><p id=\"caption-attachment-243958\" class=\"wp-caption-text\">Lino Monanegi, coordinador de la revista <em>La palabra y el hombre<\/em>.<\/p><\/div>\n<p>Las universidades son semillero de la creaci\u00f3n visual, pero tambi\u00e9n de contenidos editoriales, destac\u00f3 en la Universidad Aut\u00f3noma del Estado de M\u00e9xico, Lino Monanegi, coordinador de la revista <em>La palabra y el hombre<\/em>, editada por la Universidad Veracruzana, al participar en la Mesa Redonda \u201cPresentaciones editoriales de Xalapa\u201d.<\/p>\n<p>En la Facultad de Artes de la Aut\u00f3noma mexiquense, el editor universitario afirm\u00f3 que la edici\u00f3n de revistas transita por un momento importante, principalmente en el \u00e1mbito de las publicaciones independientes de j\u00f3venes universitarios.<\/p>\n","protected":false},"excerpt":{"rendered":"<p>Las universidades son semillero de la creaci\u00f3n visual, pero tambi\u00e9n de contenidos editoriales, destac\u00f3 en la Universidad Aut\u00f3noma del Estado de M\u00e9xico, Lino Monanegi, coordinador de la revista <em>La palabra y el hombre<\/em>, editada por la Universidad Veracruzana, al participar en la Mesa Redonda \u201cPresentaciones editoriales de Xalapa\u201d.<\/p>\n","protected":false},"author":3,"featured_media":243958,"comment_status":"open","ping_status":"open","sticky":false,"template":"","format":"standard","meta":{"_monsterinsights_skip_tracking":false,"_monsterinsights_sitenote_active":false,"_monsterinsights_sitenote_note":"","_monsterinsights_sitenote_category":0,"footnotes":""},"categories":[35155],"tags":[1490],"class_list":["post-243865","post","type-post","status-publish","format-standard","has-post-thumbnail","hentry","category-estado-de-mexico-estado-de-mexico","tag-universidad-autonoma-del-estado-de-mexico"],"_links":{"self":[{"href":"https:\/\/www.diarioimagen.net\/index.php?rest_route=\/wp\/v2\/posts\/243865","targetHints":{"allow":["GET"]}}],"collection":[{"href":"https:\/\/www.diarioimagen.net\/index.php?rest_route=\/wp\/v2\/posts"}],"about":[{"href":"https:\/\/www.diarioimagen.net\/index.php?rest_route=\/wp\/v2\/types\/post"}],"author":[{"embeddable":true,"href":"https:\/\/www.diarioimagen.net\/index.php?rest_route=\/wp\/v2\/users\/3"}],"replies":[{"embeddable":true,"href":"https:\/\/www.diarioimagen.net\/index.php?rest_route=%2Fwp%2Fv2%2Fcomments&post=243865"}],"version-history":[{"count":0,"href":"https:\/\/www.diarioimagen.net\/index.php?rest_route=\/wp\/v2\/posts\/243865\/revisions"}],"wp:featuredmedia":[{"embeddable":true,"href":"https:\/\/www.diarioimagen.net\/index.php?rest_route=\/wp\/v2\/media\/243958"}],"wp:attachment":[{"href":"https:\/\/www.diarioimagen.net\/index.php?rest_route=%2Fwp%2Fv2%2Fmedia&parent=243865"}],"wp:term":[{"taxonomy":"category","embeddable":true,"href":"https:\/\/www.diarioimagen.net\/index.php?rest_route=%2Fwp%2Fv2%2Fcategories&post=243865"},{"taxonomy":"post_tag","embeddable":true,"href":"https:\/\/www.diarioimagen.net\/index.php?rest_route=%2Fwp%2Fv2%2Ftags&post=243865"}],"curies":[{"name":"wp","href":"https:\/\/api.w.org\/{rel}","templated":true}]}}