{"id":244073,"date":"2015-11-24T00:09:01","date_gmt":"2015-11-24T06:09:01","guid":{"rendered":"http:\/\/www.diarioimagen.net\/?p=244073"},"modified":"2015-11-25T01:38:51","modified_gmt":"2015-11-25T07:38:51","slug":"coordinacion-con-el-gobierno-federal-para-preservar-bosques","status":"publish","type":"post","link":"https:\/\/www.diarioimagen.net\/?p=244073","title":{"rendered":"Coordinaci\u00f3n con el gobierno federal para preservar bosques"},"content":{"rendered":"<ul>\n<li><strong><em>Acciones contra el cambio clim\u00e1tico<\/em><\/strong><\/li>\n<\/ul>\n<p>&nbsp;<\/p>\n<div id=\"attachment_244211\" style=\"width: 430px\" class=\"wp-caption aligncenter\"><a href=\"http:\/\/www.diarioimagen.net\/?attachment_id=244211\" rel=\"attachment wp-att-244211\"><img loading=\"lazy\" decoding=\"async\" aria-describedby=\"caption-attachment-244211\" class=\"size-large wp-image-244211\" src=\"http:\/\/www.diarioimagen.net\/wp-content\/uploads\/2015\/11\/gem-bosques-2747-420x236.jpg\" alt=\"El secretario del Medio Ambiente, Miguel \u00c1ngel Contreras Nieto, explic\u00f3 que la administraci\u00f3n estatal continuar\u00e1 trabajando en coordinaci\u00f3n con el gobierno federal para seguir procurando los recursos forestales.\" width=\"420\" height=\"236\" srcset=\"https:\/\/www.diarioimagen.net\/wp-content\/uploads\/2015\/11\/gem-bosques-2747-420x236.jpg 420w, https:\/\/www.diarioimagen.net\/wp-content\/uploads\/2015\/11\/gem-bosques-2747-240x135.jpg 240w, https:\/\/www.diarioimagen.net\/wp-content\/uploads\/2015\/11\/gem-bosques-2747-480x270.jpg 480w, https:\/\/www.diarioimagen.net\/wp-content\/uploads\/2015\/11\/gem-bosques-2747-235x132.jpg 235w, https:\/\/www.diarioimagen.net\/wp-content\/uploads\/2015\/11\/gem-bosques-2747-202x114.jpg 202w, https:\/\/www.diarioimagen.net\/wp-content\/uploads\/2015\/11\/gem-bosques-2747-350x196.jpg 350w, https:\/\/www.diarioimagen.net\/wp-content\/uploads\/2015\/11\/gem-bosques-2747-220x123.jpg 220w, https:\/\/www.diarioimagen.net\/wp-content\/uploads\/2015\/11\/gem-bosques-2747-237x132.jpg 237w, https:\/\/www.diarioimagen.net\/wp-content\/uploads\/2015\/11\/gem-bosques-2747.jpg 680w\" sizes=\"auto, (max-width: 420px) 100vw, 420px\" \/><\/a><p id=\"caption-attachment-244211\" class=\"wp-caption-text\">El secretario del Medio Ambiente, Miguel \u00c1ngel Contreras Nieto, explic\u00f3 que la administraci\u00f3n estatal continuar\u00e1 trabajando en coordinaci\u00f3n con el gobierno federal para seguir procurando los recursos forestales.<\/p><\/div>\n<p>&nbsp;<\/p>\n<p><strong>Ixtapan de la Sal, Estado de M\u00e9xico<\/strong>.- Con la finalidad de preservar los bosques mexiquenses y con ello generar desarrollo sustentable, proveer de servicios ambientales, conservar la biodiversidad y mitigar los efectos del cambio clim\u00e1tico, dio inicio el Congreso Internacional Sobre Recursos Forestales, acto que encabez\u00f3 el secretario del Medio Ambiente, Miguel \u00c1ngel Contreras Nieto, quien explic\u00f3 que la administraci\u00f3n estatal continuar\u00e1 trabajando en coordinaci\u00f3n con el gobierno federal para seguir procurando los recursos forestales.<\/p>\n<p>Acompa\u00f1ado por Jorge Rescala P\u00e9rez, director general de la Comisi\u00f3n Nacional Forestal (Conafor), y el embajador de Suecia en M\u00e9xico, J\u00f6rgen Persson, Miguel \u00c1ngel Contreras destac\u00f3 los lazos de cooperaci\u00f3n que existen con este pa\u00eds europeo, que brinda apoyo para la conservaci\u00f3n de los bosques mexicanos a trav\u00e9s de transferencia de tecnolog\u00eda forestal, producci\u00f3n de planta, germoplasma e inventarios, as\u00ed como a mitigar el cambio clim\u00e1tico.<\/p>\n<p>Se\u00f1al\u00f3 que la administraci\u00f3n estatal tiene el reto de conservar m\u00e1s de un mill\u00f3n 87 mil hect\u00e1reas de bosque, lo que representa el 48 por ciento de la superficie total del Estado de M\u00e9xico, motivo por el cual se han emprendido diferentes acciones, entre ellas la producci\u00f3n de m\u00e1s de 49 millones de plantas, a trav\u00e9s de los 21 viveros de Probosque; y se han plantado m\u00e1s de 100 millones de \u00e1rboles en m\u00e1s de 100 mil hect\u00e1reas.<\/p>\n<p>Adem\u00e1s, mediante los programas de reforestaci\u00f3n y restauraci\u00f3n integral de microcuencas y pago por servicios ambientales hidrol\u00f3gicos, se han destinado 530 millones de pesos para proteger y conservar una superficie mayor a 102 mil hect\u00e1reas de bosque, lo que equivale a 520 veces la extensi\u00f3n del bosque de Chapultepec.<\/p>\n<p>Agreg\u00f3 que tambi\u00e9n se han realizado 4 mil 743 acciones de inspecci\u00f3n y vigilancia forestal; adem\u00e1s se han compactado m\u00e1s de 85 mil 900 veh\u00edculos chatarra y se han realizado 16 reciclatones donde se recabaron m\u00e1s de 146 toneladas de llantas y electrodom\u00e9sticos que se donan a la industria cementera, de suelas para zapatos, pisos de caucho, asfalto e impermeabilizantes.<\/p>\n<p>Por su parte, J\u00f6rgen Persson agradeci\u00f3 el que Suecia sea el pa\u00eds invitado al Congreso Internacional Sobre Recursos Forestales, manifest\u00f3 que para su naci\u00f3n el cuidado de los bosques es un tema primordial, al contar con 28 millones de hect\u00e1reas forestales, lo que representa el 70 por ciento del territorio.<\/p>\n<p>Afirm\u00f3 que Suecia es uno de los principales exportadores de materiales forestales, al mismo tiempo que han logrado el crecimiento de los bosques, a trav\u00e9s de la reforestaci\u00f3n y conservaci\u00f3n, y destac\u00f3 que en M\u00e9xico trabajan coordinadamente con los estados de Oaxaca, Chiapas, Durango, Tamaulipas y Edom\u00e9x, lo que ha permitido la transferencia de tecnolog\u00eda en esta materia.<\/p>\n<p>A trav\u00e9s de este Congreso, se fomentar\u00e1 el intercambio de experiencias entre instituciones de investigaci\u00f3n que contribuyen al desarrollo sustentable del sector forestal, adem\u00e1s est\u00e1 alineado al Programa Nacional de Investigaci\u00f3n y Desarrollo Tecnol\u00f3gico Forestal, que impulsa el gobierno federal. Asimismo, se realizar\u00e1 el XVIII Simposio Nacional de Parasitolog\u00eda Forestal.<\/p>\n<p>En este acto se entregaron reconocimientos de la Sociedad Mexicana de Recursos Forestales, por trayectoria de innovaci\u00f3n y transferencia de tecnolog\u00eda; trayectoria acad\u00e9mica; trayectoria de investigaci\u00f3n; 30 a\u00f1os de investigaci\u00f3n forestal; as\u00ed como el premio al joven talento forestal.<\/p>\n","protected":false},"excerpt":{"rendered":"<p>Con la finalidad de preservar los bosques mexiquenses y con ello generar desarrollo sustentable, proveer de servicios ambientales, conservar la biodiversidad y mitigar los efectos del cambio clim\u00e1tico, dio inicio el Congreso Internacional Sobre Recursos Forestales, acto que encabez\u00f3 el secretario del Medio Ambiente, Miguel \u00c1ngel Contreras Nieto, quien explic\u00f3 que la administraci\u00f3n estatal continuar\u00e1 trabajando en coordinaci\u00f3n con el gobierno federal para seguir procurando los recursos forestales.<\/p>\n","protected":false},"author":3,"featured_media":244211,"comment_status":"open","ping_status":"open","sticky":false,"template":"","format":"standard","meta":{"_monsterinsights_skip_tracking":false,"_monsterinsights_sitenote_active":false,"_monsterinsights_sitenote_note":"","_monsterinsights_sitenote_category":0,"footnotes":""},"categories":[5],"tags":[43675,1894,250,45368],"class_list":["post-244073","post","type-post","status-publish","format-standard","has-post-thumbnail","hentry","category-estado-de-mexico","tag-estado-de-mexico","tag-gobierno-federal","tag-ixtapan-de-la-sal","tag-reforestacion"],"_links":{"self":[{"href":"https:\/\/www.diarioimagen.net\/index.php?rest_route=\/wp\/v2\/posts\/244073","targetHints":{"allow":["GET"]}}],"collection":[{"href":"https:\/\/www.diarioimagen.net\/index.php?rest_route=\/wp\/v2\/posts"}],"about":[{"href":"https:\/\/www.diarioimagen.net\/index.php?rest_route=\/wp\/v2\/types\/post"}],"author":[{"embeddable":true,"href":"https:\/\/www.diarioimagen.net\/index.php?rest_route=\/wp\/v2\/users\/3"}],"replies":[{"embeddable":true,"href":"https:\/\/www.diarioimagen.net\/index.php?rest_route=%2Fwp%2Fv2%2Fcomments&post=244073"}],"version-history":[{"count":0,"href":"https:\/\/www.diarioimagen.net\/index.php?rest_route=\/wp\/v2\/posts\/244073\/revisions"}],"wp:featuredmedia":[{"embeddable":true,"href":"https:\/\/www.diarioimagen.net\/index.php?rest_route=\/wp\/v2\/media\/244211"}],"wp:attachment":[{"href":"https:\/\/www.diarioimagen.net\/index.php?rest_route=%2Fwp%2Fv2%2Fmedia&parent=244073"}],"wp:term":[{"taxonomy":"category","embeddable":true,"href":"https:\/\/www.diarioimagen.net\/index.php?rest_route=%2Fwp%2Fv2%2Fcategories&post=244073"},{"taxonomy":"post_tag","embeddable":true,"href":"https:\/\/www.diarioimagen.net\/index.php?rest_route=%2Fwp%2Fv2%2Ftags&post=244073"}],"curies":[{"name":"wp","href":"https:\/\/api.w.org\/{rel}","templated":true}]}}