{"id":244075,"date":"2015-11-24T00:08:29","date_gmt":"2015-11-24T06:08:29","guid":{"rendered":"http:\/\/www.diarioimagen.net\/?p=244075"},"modified":"2015-11-24T04:22:16","modified_gmt":"2015-11-24T10:22:16","slug":"edifican-conservatorio-de-musica-en-toluca","status":"publish","type":"post","link":"https:\/\/www.diarioimagen.net\/?p=244075","title":{"rendered":"Edifican Conservatorio de M\u00fasica en Toluca"},"content":{"rendered":"<ul>\n<li><strong><em>Inversi\u00f3n de 36 mdp<\/em><\/strong><\/li>\n<\/ul>\n<p>&nbsp;<\/p>\n<div id=\"attachment_244214\" style=\"width: 430px\" class=\"wp-caption aligncenter\"><a href=\"http:\/\/www.diarioimagen.net\/?attachment_id=244214\" rel=\"attachment wp-att-244214\"><img loading=\"lazy\" decoding=\"async\" aria-describedby=\"caption-attachment-244214\" class=\"size-large wp-image-244214\" src=\"http:\/\/www.diarioimagen.net\/wp-content\/uploads\/2015\/11\/gem-conservatorio-2747-420x236.jpg\" alt=\"El conservatorio tendr\u00e1 14 aulas, fonoteca, biblioteca y dos escenarios, que tendr\u00e1n una inversi\u00f3n de m\u00e1s de 36 millones de pesos.\" width=\"420\" height=\"236\" srcset=\"https:\/\/www.diarioimagen.net\/wp-content\/uploads\/2015\/11\/gem-conservatorio-2747-420x236.jpg 420w, https:\/\/www.diarioimagen.net\/wp-content\/uploads\/2015\/11\/gem-conservatorio-2747-240x135.jpg 240w, https:\/\/www.diarioimagen.net\/wp-content\/uploads\/2015\/11\/gem-conservatorio-2747-480x270.jpg 480w, https:\/\/www.diarioimagen.net\/wp-content\/uploads\/2015\/11\/gem-conservatorio-2747-235x132.jpg 235w, https:\/\/www.diarioimagen.net\/wp-content\/uploads\/2015\/11\/gem-conservatorio-2747-202x114.jpg 202w, https:\/\/www.diarioimagen.net\/wp-content\/uploads\/2015\/11\/gem-conservatorio-2747-350x196.jpg 350w, https:\/\/www.diarioimagen.net\/wp-content\/uploads\/2015\/11\/gem-conservatorio-2747-220x123.jpg 220w, https:\/\/www.diarioimagen.net\/wp-content\/uploads\/2015\/11\/gem-conservatorio-2747-237x132.jpg 237w, https:\/\/www.diarioimagen.net\/wp-content\/uploads\/2015\/11\/gem-conservatorio-2747.jpg 680w\" sizes=\"auto, (max-width: 420px) 100vw, 420px\" \/><\/a><p id=\"caption-attachment-244214\" class=\"wp-caption-text\">El conservatorio tendr\u00e1 14 aulas, fonoteca, biblioteca y dos escenarios, que tendr\u00e1n una inversi\u00f3n de m\u00e1s de 36 millones de pesos.<\/p><\/div>\n<p>&nbsp;<\/p>\n<p><strong>Toluca, Estado de M\u00e9xico<\/strong>.- Con el prop\u00f3sito de promover las expresiones art\u00edsticas, as\u00ed como espect\u00e1culos nacionales e internacionales que lleguen a esta ciudad y fortalecer la tradici\u00f3n musical y cultural, el Gobierno del Estado de M\u00e9xico construye en Toluca el Conservatorio de M\u00fasica en el Centro Cultural Mexiquense, que contar\u00e1 con dos salas de conciertos, una para 870 personas y otra para 312.<\/p>\n<p>Este proyecto que est\u00e1 a cargo de la Secretar\u00eda de Infraestructura, y que tendr\u00e1 una inversi\u00f3n de m\u00e1s de 36 millones de pesos, permitir\u00e1 promover y fomentar la ense\u00f1anza musical entre j\u00f3venes talentos del estado, con 14 aulas para 716 personas, dos aulas dobles y una sala de proyecciones para 30 personas cada una, biblioteca, tres salas de ensamble y una fonoteca.<\/p>\n<p>Bajo la premisa de que las actividades culturales refuerzan la cohesi\u00f3n social, el conservatorio atraer\u00e1 talentos estatales y regionales para que, adem\u00e1s de aprovechar la infraestructura educativa para su desarrollo, podr\u00e1n hacer uso de una bodega de instrumentos, plaza, patio y acceso principal, cafeter\u00eda, un \u00e1rea administrativa, \u00e1rea de servicios y m\u00f3dulos sanitarios.<\/p>\n<p>La Secretar\u00eda de Infraestructura inform\u00f3 que el complejo art\u00edstico estar\u00e1 lista para el segundo semestre del 2016, convirti\u00e9ndose en un foro que por la calidad de sus instalaciones, ser\u00e1 la sede de espect\u00e1culos musicales nacionales e internacionales que sin duda aspira a atraer no s\u00f3lo a espectadores del Estado de M\u00e9xico, sino de otras regiones del pa\u00eds.<\/p>\n<p>&nbsp;<\/p>\n","protected":false},"excerpt":{"rendered":"<p>Con el prop\u00f3sito de promover las expresiones art\u00edsticas, as\u00ed como espect\u00e1culos nacionales e internacionales que lleguen a esta ciudad y fortalecer la tradici\u00f3n musical y cultural, el Gobierno del Estado de M\u00e9xico construye en Toluca el Conservatorio de M\u00fasica en el Centro Cultural Mexiquense, que contar\u00e1 con dos salas de conciertos, una para 870 personas y otra para 312.<\/p>\n","protected":false},"author":3,"featured_media":244214,"comment_status":"open","ping_status":"open","sticky":false,"template":"","format":"standard","meta":{"_monsterinsights_skip_tracking":false,"_monsterinsights_sitenote_active":false,"_monsterinsights_sitenote_note":"","_monsterinsights_sitenote_category":0,"footnotes":""},"categories":[5],"tags":[43675,452],"class_list":["post-244075","post","type-post","status-publish","format-standard","has-post-thumbnail","hentry","category-estado-de-mexico","tag-estado-de-mexico","tag-toluca"],"_links":{"self":[{"href":"https:\/\/www.diarioimagen.net\/index.php?rest_route=\/wp\/v2\/posts\/244075","targetHints":{"allow":["GET"]}}],"collection":[{"href":"https:\/\/www.diarioimagen.net\/index.php?rest_route=\/wp\/v2\/posts"}],"about":[{"href":"https:\/\/www.diarioimagen.net\/index.php?rest_route=\/wp\/v2\/types\/post"}],"author":[{"embeddable":true,"href":"https:\/\/www.diarioimagen.net\/index.php?rest_route=\/wp\/v2\/users\/3"}],"replies":[{"embeddable":true,"href":"https:\/\/www.diarioimagen.net\/index.php?rest_route=%2Fwp%2Fv2%2Fcomments&post=244075"}],"version-history":[{"count":0,"href":"https:\/\/www.diarioimagen.net\/index.php?rest_route=\/wp\/v2\/posts\/244075\/revisions"}],"wp:featuredmedia":[{"embeddable":true,"href":"https:\/\/www.diarioimagen.net\/index.php?rest_route=\/wp\/v2\/media\/244214"}],"wp:attachment":[{"href":"https:\/\/www.diarioimagen.net\/index.php?rest_route=%2Fwp%2Fv2%2Fmedia&parent=244075"}],"wp:term":[{"taxonomy":"category","embeddable":true,"href":"https:\/\/www.diarioimagen.net\/index.php?rest_route=%2Fwp%2Fv2%2Fcategories&post=244075"},{"taxonomy":"post_tag","embeddable":true,"href":"https:\/\/www.diarioimagen.net\/index.php?rest_route=%2Fwp%2Fv2%2Ftags&post=244075"}],"curies":[{"name":"wp","href":"https:\/\/api.w.org\/{rel}","templated":true}]}}