{"id":244096,"date":"2015-11-24T00:05:38","date_gmt":"2015-11-24T06:05:38","guid":{"rendered":"http:\/\/www.diarioimagen.net\/?p=244096"},"modified":"2015-11-24T04:36:42","modified_gmt":"2015-11-24T10:36:42","slug":"uaem-puso-en-marcha-plan-universitario-para-prevencion-y-atencion-de-la-violencia-de-genero","status":"publish","type":"post","link":"https:\/\/www.diarioimagen.net\/?p=244096","title":{"rendered":"UAEM puso en marcha Plan Universitario para Prevenci\u00f3n y Atenci\u00f3n de la Violencia de G\u00e9nero"},"content":{"rendered":"<p>&nbsp;<\/p>\n<p><a href=\"http:\/\/www.diarioimagen.net\/?attachment_id=244227\" rel=\"attachment wp-att-244227\"><img loading=\"lazy\" decoding=\"async\" class=\"aligncenter size-large wp-image-244227\" src=\"http:\/\/www.diarioimagen.net\/wp-content\/uploads\/2015\/11\/UAEM-2747-420x236.jpg\" alt=\"UAEM-2747\" width=\"420\" height=\"236\" srcset=\"https:\/\/www.diarioimagen.net\/wp-content\/uploads\/2015\/11\/UAEM-2747-420x236.jpg 420w, https:\/\/www.diarioimagen.net\/wp-content\/uploads\/2015\/11\/UAEM-2747-240x135.jpg 240w, https:\/\/www.diarioimagen.net\/wp-content\/uploads\/2015\/11\/UAEM-2747-480x270.jpg 480w, https:\/\/www.diarioimagen.net\/wp-content\/uploads\/2015\/11\/UAEM-2747-235x132.jpg 235w, https:\/\/www.diarioimagen.net\/wp-content\/uploads\/2015\/11\/UAEM-2747-202x114.jpg 202w, https:\/\/www.diarioimagen.net\/wp-content\/uploads\/2015\/11\/UAEM-2747-350x196.jpg 350w, https:\/\/www.diarioimagen.net\/wp-content\/uploads\/2015\/11\/UAEM-2747-220x123.jpg 220w, https:\/\/www.diarioimagen.net\/wp-content\/uploads\/2015\/11\/UAEM-2747-237x132.jpg 237w, https:\/\/www.diarioimagen.net\/wp-content\/uploads\/2015\/11\/UAEM-2747.jpg 700w\" sizes=\"auto, (max-width: 420px) 100vw, 420px\" \/><\/a><\/p>\n<p>A trav\u00e9s de 10 acciones se busca enriquecer las pol\u00edticas p\u00fablicas orientadas a la prevenci\u00f3n y combate de la violencia de g\u00e9nero y al fomento de una cultura de respeto a los derechos de las ni\u00f1as y las mujeres.<\/p>\n<p>As\u00ed lo anunci\u00f3 el secretario de Docencia de esta casa de estudios, Alfredo Barrera Baca, durante la inauguraci\u00f3n del Segundo Encuentro Universitario en Estudios de G\u00e9nero, Prevenci\u00f3n y Atenci\u00f3n de la Violencia Contra las Ni\u00f1as y las Mujeres.<\/p>\n<p>&nbsp;<\/p>\n","protected":false},"excerpt":{"rendered":"<p>A trav\u00e9s de 10 acciones se busca enriquecer las pol\u00edticas p\u00fablicas orientadas a la prevenci\u00f3n y combate de la violencia de g\u00e9nero y al fomento de una cultura de respeto a los derechos de las ni\u00f1as y las mujeres.<\/p>\n","protected":false},"author":3,"featured_media":244227,"comment_status":"open","ping_status":"open","sticky":false,"template":"","format":"standard","meta":{"_monsterinsights_skip_tracking":false,"_monsterinsights_sitenote_active":false,"_monsterinsights_sitenote_note":"","_monsterinsights_sitenote_category":0,"footnotes":""},"categories":[35155],"tags":[43675,1491],"class_list":["post-244096","post","type-post","status-publish","format-standard","has-post-thumbnail","hentry","category-estado-de-mexico-estado-de-mexico","tag-estado-de-mexico","tag-uaem"],"_links":{"self":[{"href":"https:\/\/www.diarioimagen.net\/index.php?rest_route=\/wp\/v2\/posts\/244096","targetHints":{"allow":["GET"]}}],"collection":[{"href":"https:\/\/www.diarioimagen.net\/index.php?rest_route=\/wp\/v2\/posts"}],"about":[{"href":"https:\/\/www.diarioimagen.net\/index.php?rest_route=\/wp\/v2\/types\/post"}],"author":[{"embeddable":true,"href":"https:\/\/www.diarioimagen.net\/index.php?rest_route=\/wp\/v2\/users\/3"}],"replies":[{"embeddable":true,"href":"https:\/\/www.diarioimagen.net\/index.php?rest_route=%2Fwp%2Fv2%2Fcomments&post=244096"}],"version-history":[{"count":0,"href":"https:\/\/www.diarioimagen.net\/index.php?rest_route=\/wp\/v2\/posts\/244096\/revisions"}],"wp:featuredmedia":[{"embeddable":true,"href":"https:\/\/www.diarioimagen.net\/index.php?rest_route=\/wp\/v2\/media\/244227"}],"wp:attachment":[{"href":"https:\/\/www.diarioimagen.net\/index.php?rest_route=%2Fwp%2Fv2%2Fmedia&parent=244096"}],"wp:term":[{"taxonomy":"category","embeddable":true,"href":"https:\/\/www.diarioimagen.net\/index.php?rest_route=%2Fwp%2Fv2%2Fcategories&post=244096"},{"taxonomy":"post_tag","embeddable":true,"href":"https:\/\/www.diarioimagen.net\/index.php?rest_route=%2Fwp%2Fv2%2Ftags&post=244096"}],"curies":[{"name":"wp","href":"https:\/\/api.w.org\/{rel}","templated":true}]}}