{"id":244118,"date":"2015-11-24T00:06:16","date_gmt":"2015-11-24T06:06:16","guid":{"rendered":"http:\/\/www.diarioimagen.net\/?p=244118"},"modified":"2015-11-24T23:42:12","modified_gmt":"2015-11-25T05:42:12","slug":"la-presencia-militar-para-respaldar-a-las-familias-pena-nieto","status":"publish","type":"post","link":"https:\/\/www.diarioimagen.net\/?p=244118","title":{"rendered":"La presencia militar, para respaldar a las familias: Pe\u00f1a Nieto"},"content":{"rendered":"<ul>\n<li><strong><em>Marina y Ej\u00e9rcito generan confianza, resalta<\/em><\/strong><\/li>\n<\/ul>\n<p>&nbsp;<\/p>\n<div id=\"attachment_244235\" style=\"width: 430px\" class=\"wp-caption aligncenter\"><a href=\"http:\/\/www.diarioimagen.net\/?attachment_id=244235\" rel=\"attachment wp-att-244235\"><img loading=\"lazy\" decoding=\"async\" aria-describedby=\"caption-attachment-244235\" class=\"size-large wp-image-244235\" src=\"http:\/\/www.diarioimagen.net\/wp-content\/uploads\/2015\/11\/epn-2747-420x236.jpg\" alt=\"El presidente Enrique Pe\u00f1a Nieto realiz\u00f3 una gira de trabajo por Veracruz, donde encabez\u00f3 la ceremonia conmemorativa del D\u00eda de la Armada de M\u00e9xico.\" width=\"420\" height=\"236\" srcset=\"https:\/\/www.diarioimagen.net\/wp-content\/uploads\/2015\/11\/epn-2747-420x236.jpg 420w, https:\/\/www.diarioimagen.net\/wp-content\/uploads\/2015\/11\/epn-2747-240x135.jpg 240w, https:\/\/www.diarioimagen.net\/wp-content\/uploads\/2015\/11\/epn-2747-480x270.jpg 480w, https:\/\/www.diarioimagen.net\/wp-content\/uploads\/2015\/11\/epn-2747-235x132.jpg 235w, https:\/\/www.diarioimagen.net\/wp-content\/uploads\/2015\/11\/epn-2747-202x114.jpg 202w, https:\/\/www.diarioimagen.net\/wp-content\/uploads\/2015\/11\/epn-2747-350x196.jpg 350w, https:\/\/www.diarioimagen.net\/wp-content\/uploads\/2015\/11\/epn-2747-220x123.jpg 220w, https:\/\/www.diarioimagen.net\/wp-content\/uploads\/2015\/11\/epn-2747-237x132.jpg 237w, https:\/\/www.diarioimagen.net\/wp-content\/uploads\/2015\/11\/epn-2747.jpg 1200w\" sizes=\"auto, (max-width: 420px) 100vw, 420px\" \/><\/a><p id=\"caption-attachment-244235\" class=\"wp-caption-text\">El presidente Enrique Pe\u00f1a Nieto realiz\u00f3 una gira de trabajo por Veracruz, donde encabez\u00f3 la ceremonia conmemorativa del D\u00eda de la Armada de M\u00e9xico.<\/p><\/div>\n<p>&nbsp;<\/p>\n<p>El \u00fanico prop\u00f3sito de la presencia de las fuerzas armadas en el territorio nacional, es para que las familias mexicanas tengan paz y seguridad, subray\u00f3 el presidente Enrique Pe\u00f1a Nieto.<\/p>\n<p>Destac\u00f3 que los integrantes de las fuerzas armadas realizan una invaluable labor social en auxilio a la poblaci\u00f3n, y su presencia en algunos puntos del pa\u00eds es sin\u00f3nimo de seguridad y tranquilidad para los mexicanos.<\/p>\n<p>\u201cLa Marina y el Ej\u00e9rcito son las instituciones de seguridad que m\u00e1s confianza generan entre la poblaci\u00f3n\u201d, destac\u00f3 el presidente Pe\u00f1a Nieto al refrendar que su gobierno respalda a los integrantes de las fuerzas armadas, que con su trabajo comprometido se han ganado el respeto y admiraci\u00f3n de todos los mexicanos.<\/p>\n<p>Indic\u00f3 que por ello, como comandante supremo, orden\u00f3 poner al d\u00eda a las instituciones militares para que reciban una mejor educaci\u00f3n y preparaci\u00f3n, que cuenten con mejores herramientas para desempe\u00f1ar sus funciones.<\/p>\n<p>Durante la ceremonia de conmemoraci\u00f3n del 190 Aniversario de la Armada de M\u00e9xico, detall\u00f3 que entre las acciones a desarrollar est\u00e1 el fortalecimiento de los planes educativos y la rehabilitaci\u00f3n de las instalaciones de los planteles educativos militares.<\/p>\n<p>Adem\u00e1s de estas obras, la ampliaci\u00f3n de la flota naval para asegurar la protecci\u00f3n y resguardo de las zonas marinas, destac\u00f3 este d\u00eda en que el primer mandatario del pa\u00eds abander\u00f3 la Patrulla Costera ARM \u201cTaj\u00edn\u201d y la Patrulla Interceptora ARM \u201cGienah\u201d.<\/p>\n<p>Acompa\u00f1ado de los secretarios de Marina, Vidal Francisco Sober\u00f3n: de la Defensa, Salvador Cienfuegos; de Educaci\u00f3n, Aurelio Nu\u00f1o, y la procuradora general de la Rep\u00fablica, Arely G\u00f3mez, el jefe del Ejecutivo federal reiter\u00f3 el respaldo a las fuerzas armadas.<\/p>\n<p>En las instalaciones de la reci\u00e9n rehabilitada sede de la Primera Regi\u00f3n Naval Militar, que ayer inaugur\u00f3, sostuvo que la Armada es \u201cs\u00edmbolo del M\u00e9xico de leyes e instituciones\u201d, que se han construido a lo largo de varias generaciones.<\/p>\n<p>Los integrantes de las instituciones militares \u201cson aliados incondicionales del pa\u00eds, (&#8230;) son personas de bien que merecen nuestra gratitud y alta estima\u201d, dijo el presidente Pe\u00f1a Nieto durante su mensaje en este puerto.<\/p>\n<p>Hizo \u00e9nfasis en que la voluntad de los marinos y soldados, no s\u00f3lo se limita a acontecimientos del pasado, sino que diariamente custodian la integridad e independencia del territorio nacional, adem\u00e1s de que prestan labores de auxilio y labor social en casos de desastre, como en el reciente paso del hurac\u00e1n \u201cPatricia\u201d.<\/p>\n<p>Al t\u00e9rmino de su gira por Veracruz, el mandatario viaj\u00f3 a Quer\u00e9taro, donde por la noche inaugur\u00f3 la XXV Asamblea General Ordinaria de la Organizaci\u00f3n Latinoamericana y del Caribe de Entidades Fiscalizadoras Superiores (Olacefs).<\/p>\n<p>Esta asamblea tiene como objetivo promover la fiscalizaci\u00f3n y el control gubernamental como mecanismos fundamentales para la rendici\u00f3n de cuentas y el combate la corrupci\u00f3n en en todos los \u00e1mbitos.<\/p>\n<p>&nbsp;<\/p>\n","protected":false},"excerpt":{"rendered":"<p>El \u00fanico prop\u00f3sito de la presencia de las fuerzas armadas en el territorio nacional, es para que las familias mexicanas tengan paz y seguridad, subray\u00f3 el presidente Enrique Pe\u00f1a Nieto. Destac\u00f3 que los integrantes de las fuerzas armadas realizan una invaluable labor social en auxilio a la poblaci\u00f3n, y su presencia en algunos puntos del pa\u00eds es sin\u00f3nimo de seguridad y tranquilidad para los mexicanos.<\/p>\n","protected":false},"author":3,"featured_media":244235,"comment_status":"open","ping_status":"open","sticky":false,"template":"","format":"standard","meta":{"_monsterinsights_skip_tracking":false,"_monsterinsights_sitenote_active":false,"_monsterinsights_sitenote_note":"","_monsterinsights_sitenote_category":0,"footnotes":""},"categories":[3],"tags":[3573,18,4310,46610,43673],"class_list":["post-244118","post","type-post","status-publish","format-standard","has-post-thumbnail","hentry","category-nacional","tag-ejercito-mexicano","tag-enrique-pena-nieto","tag-marina-armada-de-mexico","tag-militar","tag-nacional"],"_links":{"self":[{"href":"https:\/\/www.diarioimagen.net\/index.php?rest_route=\/wp\/v2\/posts\/244118","targetHints":{"allow":["GET"]}}],"collection":[{"href":"https:\/\/www.diarioimagen.net\/index.php?rest_route=\/wp\/v2\/posts"}],"about":[{"href":"https:\/\/www.diarioimagen.net\/index.php?rest_route=\/wp\/v2\/types\/post"}],"author":[{"embeddable":true,"href":"https:\/\/www.diarioimagen.net\/index.php?rest_route=\/wp\/v2\/users\/3"}],"replies":[{"embeddable":true,"href":"https:\/\/www.diarioimagen.net\/index.php?rest_route=%2Fwp%2Fv2%2Fcomments&post=244118"}],"version-history":[{"count":0,"href":"https:\/\/www.diarioimagen.net\/index.php?rest_route=\/wp\/v2\/posts\/244118\/revisions"}],"wp:featuredmedia":[{"embeddable":true,"href":"https:\/\/www.diarioimagen.net\/index.php?rest_route=\/wp\/v2\/media\/244235"}],"wp:attachment":[{"href":"https:\/\/www.diarioimagen.net\/index.php?rest_route=%2Fwp%2Fv2%2Fmedia&parent=244118"}],"wp:term":[{"taxonomy":"category","embeddable":true,"href":"https:\/\/www.diarioimagen.net\/index.php?rest_route=%2Fwp%2Fv2%2Fcategories&post=244118"},{"taxonomy":"post_tag","embeddable":true,"href":"https:\/\/www.diarioimagen.net\/index.php?rest_route=%2Fwp%2Fv2%2Ftags&post=244118"}],"curies":[{"name":"wp","href":"https:\/\/api.w.org\/{rel}","templated":true}]}}