{"id":244126,"date":"2015-11-24T00:06:48","date_gmt":"2015-11-24T06:06:48","guid":{"rendered":"http:\/\/www.diarioimagen.net\/?p=244126"},"modified":"2015-11-25T04:38:07","modified_gmt":"2015-11-25T10:38:07","slug":"inauguran-en-tlalnepantla-la-exposicion-trazando-el-vuelo","status":"publish","type":"post","link":"https:\/\/www.diarioimagen.net\/?p=244126","title":{"rendered":"Inauguran en Tlalnepantla la exposici\u00f3n \u201cTrazando el Vuelo\u201d"},"content":{"rendered":"<ul>\n<li><strong><em>Muestra de Alberto \u00c1ngel \u201cEl Cuervo\u201d<\/em><\/strong><\/li>\n<\/ul>\n<p>&nbsp;<\/p>\n<div id=\"attachment_244223\" style=\"width: 430px\" class=\"wp-caption aligncenter\"><a href=\"http:\/\/www.diarioimagen.net\/?attachment_id=244223\" rel=\"attachment wp-att-244223\"><img loading=\"lazy\" decoding=\"async\" aria-describedby=\"caption-attachment-244223\" class=\"size-large wp-image-244223\" src=\"http:\/\/www.diarioimagen.net\/wp-content\/uploads\/2015\/11\/TLALNEPANTLA-2747-420x236.jpg\" alt=\"Las 27 pinturas estar\u00e1n expuestas en el Centro Municipal de las Artes (CEMUART) del 20 de noviembre hasta el 13 de diciembre pr\u00f3ximo.\" width=\"420\" height=\"236\" srcset=\"https:\/\/www.diarioimagen.net\/wp-content\/uploads\/2015\/11\/TLALNEPANTLA-2747-420x236.jpg 420w, https:\/\/www.diarioimagen.net\/wp-content\/uploads\/2015\/11\/TLALNEPANTLA-2747-240x135.jpg 240w, https:\/\/www.diarioimagen.net\/wp-content\/uploads\/2015\/11\/TLALNEPANTLA-2747-480x270.jpg 480w, https:\/\/www.diarioimagen.net\/wp-content\/uploads\/2015\/11\/TLALNEPANTLA-2747-235x132.jpg 235w, https:\/\/www.diarioimagen.net\/wp-content\/uploads\/2015\/11\/TLALNEPANTLA-2747-202x114.jpg 202w, https:\/\/www.diarioimagen.net\/wp-content\/uploads\/2015\/11\/TLALNEPANTLA-2747-350x196.jpg 350w, https:\/\/www.diarioimagen.net\/wp-content\/uploads\/2015\/11\/TLALNEPANTLA-2747-220x123.jpg 220w, https:\/\/www.diarioimagen.net\/wp-content\/uploads\/2015\/11\/TLALNEPANTLA-2747-237x132.jpg 237w, https:\/\/www.diarioimagen.net\/wp-content\/uploads\/2015\/11\/TLALNEPANTLA-2747.jpg 1200w\" sizes=\"auto, (max-width: 420px) 100vw, 420px\" \/><\/a><p id=\"caption-attachment-244223\" class=\"wp-caption-text\">Las 27 pinturas estar\u00e1n expuestas en el Centro Municipal de las Artes (CEMUART) del 20 de noviembre hasta el 13 de diciembre pr\u00f3ximo.<\/p><\/div>\n<p>&nbsp;<\/p>\n<p><strong>Tlalnepantla, Estado de M\u00e9xico<\/strong>.- La exposici\u00f3n \u201cTrazando el Vuelo\u201d, una muestra de la obra pl\u00e1stica de Alberto \u00c1ngel \u201cEl Cuervo\u201d, quien tambi\u00e9n es uno de los principales exponentes de la m\u00fasica mexicana, fue inaugurada por Heriberto Rubio Ortiz, director general de Educaci\u00f3n y Cultura, en representaci\u00f3n del presidente municipal, Alfredo Mart\u00ednez Gonz\u00e1lez.<\/p>\n<p>Se trata de una serie \u00a0de 27 pinturas que estar\u00e1n expuestas en el Centro Municipal de las Artes (CEMUART) del 20 de noviembre hasta el 13 de diciembre pr\u00f3ximo, con un horario de 9:00 a 18:00 horas.<\/p>\n<p>Rubio Ortiz destac\u00f3 el trabajo realizado por la administraci\u00f3n actual para promover \u00a0la \u00a0cultura y el arte \u00a0en municipio, principalmente entre los ni\u00f1os y j\u00f3venes.<\/p>\n<p>Para ello, Tlalnepantla cuenta con 34 Casas de la Cultura, estrat\u00e9gicamente ubicadas en cada una de las comunidades. Adem\u00e1s se cuenta con una orquesta de c\u00e1mara, una sinf\u00f3nica y una filarm\u00f3nica.<\/p>\n<p>&nbsp;<\/p>\n","protected":false},"excerpt":{"rendered":"<p>La exposici\u00f3n \u201cTrazando el Vuelo\u201d, una muestra de la obra pl\u00e1stica de Alberto \u00c1ngel \u201cEl Cuervo\u201d, quien tambi\u00e9n es uno de los principales exponentes de la m\u00fasica mexicana, fue inaugurada por Heriberto Rubio Ortiz, director general de Educaci\u00f3n y Cultura, en representaci\u00f3n del presidente municipal, Alfredo Mart\u00ednez Gonz\u00e1lez.<\/p>\n","protected":false},"author":3,"featured_media":244223,"comment_status":"open","ping_status":"open","sticky":false,"template":"","format":"standard","meta":{"_monsterinsights_skip_tracking":false,"_monsterinsights_sitenote_active":false,"_monsterinsights_sitenote_note":"","_monsterinsights_sitenote_category":0,"footnotes":""},"categories":[35155],"tags":[43675,169],"class_list":["post-244126","post","type-post","status-publish","format-standard","has-post-thumbnail","hentry","category-estado-de-mexico-estado-de-mexico","tag-estado-de-mexico","tag-tlalnepantla"],"_links":{"self":[{"href":"https:\/\/www.diarioimagen.net\/index.php?rest_route=\/wp\/v2\/posts\/244126","targetHints":{"allow":["GET"]}}],"collection":[{"href":"https:\/\/www.diarioimagen.net\/index.php?rest_route=\/wp\/v2\/posts"}],"about":[{"href":"https:\/\/www.diarioimagen.net\/index.php?rest_route=\/wp\/v2\/types\/post"}],"author":[{"embeddable":true,"href":"https:\/\/www.diarioimagen.net\/index.php?rest_route=\/wp\/v2\/users\/3"}],"replies":[{"embeddable":true,"href":"https:\/\/www.diarioimagen.net\/index.php?rest_route=%2Fwp%2Fv2%2Fcomments&post=244126"}],"version-history":[{"count":0,"href":"https:\/\/www.diarioimagen.net\/index.php?rest_route=\/wp\/v2\/posts\/244126\/revisions"}],"wp:featuredmedia":[{"embeddable":true,"href":"https:\/\/www.diarioimagen.net\/index.php?rest_route=\/wp\/v2\/media\/244223"}],"wp:attachment":[{"href":"https:\/\/www.diarioimagen.net\/index.php?rest_route=%2Fwp%2Fv2%2Fmedia&parent=244126"}],"wp:term":[{"taxonomy":"category","embeddable":true,"href":"https:\/\/www.diarioimagen.net\/index.php?rest_route=%2Fwp%2Fv2%2Fcategories&post=244126"},{"taxonomy":"post_tag","embeddable":true,"href":"https:\/\/www.diarioimagen.net\/index.php?rest_route=%2Fwp%2Fv2%2Ftags&post=244126"}],"curies":[{"name":"wp","href":"https:\/\/api.w.org\/{rel}","templated":true}]}}