{"id":244187,"date":"2015-11-24T00:01:10","date_gmt":"2015-11-24T06:01:10","guid":{"rendered":"http:\/\/www.diarioimagen.net\/?p=244187"},"modified":"2015-11-24T03:31:54","modified_gmt":"2015-11-24T09:31:54","slug":"revolucion-educativa","status":"publish","type":"post","link":"https:\/\/www.diarioimagen.net\/?p=244187","title":{"rendered":"Revoluci\u00f3n educativa"},"content":{"rendered":"<h2>Folclor urbano<\/h2>\n<h5>Salvador Estrada<\/h5>\n<p>&nbsp;<\/p>\n<p>La Revoluci\u00f3n Mexicana, despu\u00e9s de cien a\u00f1os de iniciada, ya est\u00e1 RIP y ya no se festeja el Desfile Deportivo del 20 de Noviembre, con el cual se recordaba esa gesta heroica de la historia de M\u00e9xico.<\/p>\n<p>El PRI dej\u00f3 de ser revolucionario y su lema maderista \u201cSufragio Efectivo. No Reelecci\u00f3n\u201d lo desaparecieron y pugnaron en la C\u00e1mara de Diputados por la reelecci\u00f3n, la cual se ver\u00e1 en el 2018 cuando diputados, senadores, asamble\u00edstas, presidentes municipales y delegados se lancen a la reelecci\u00f3n del cargo.<\/p>\n<p>Ante la ambici\u00f3n de los partidos y de sus pol\u00edticos los ciudadanos hablan mal de nuestro pa\u00eds y de sus gobernantes, pero no act\u00faan para mejorar la situaci\u00f3n.<\/p>\n<p>Ya est\u00e1n hartos, dicen, de que este pa\u00eds no cambie.<\/p>\n<p>Pero M\u00e9xico puede cambiar si vamos todos a la Revoluci\u00f3n, pero no a la lucha armada, sino a vivir la Revoluci\u00f3n de la Cultura.<\/p>\n<p>Los mexicanos necesitamos ser educados. La gran Revoluci\u00f3n, por la que debemos luchar todos, es la Revoluci\u00f3n educativa.<\/p>\n<p>Como carecemos de \u201cbuenos modales, conforme a ciertas normas y costumbres de la sociedad, somos personas sin educaci\u00f3n\u201d, seg\u00fan dice el diccionario.<\/p>\n<p>Sin educaci\u00f3n, cada ciudadano hace lo que su libre albedr\u00edo le dicte o en otras palabras lo que le d\u00e9 su regalada gana, para no hablar \u201cde la hinchaz\u00f3n de sus blanquillos\u201d.<\/p>\n<p>Entonces, vemos que los chavos no est\u00e1n educados y ya no respetan a los mayores ni a sus padres.<\/p>\n<p>Y en las escuelas los maestros tampoco educan por andar de mitoteros, \u201caviadores\u201d y \u201cgrillos\u201d.<\/p>\n<p>Los ciudadanos no fueron educados para poner la basura en su lugar y la tiran, igual que los chicles, en la calle.<\/p>\n<p>En el Centro Hist\u00f3rico las autoridades no han colocado grandes cestos, s\u00f3lo peque\u00f1os recipientes, que no se ven.<\/p>\n<p>En la calle peatonal de Madero se aprecian diversas manchas negras, que antes eran chicles, y que quitarlos del suelo es muy caro y complicado.<\/p>\n<p>Y si tenemos el problema del sobrepeso y obesidad en adolescentes y adultos tambi\u00e9n se debe a que no fuimos educados para comer sanamente. Le hacemos \u201cfuchi\u201d a las verduras y al pescado.<\/p>\n<p>Y la comida \u201cchatarra\u201d y los tacos que escurren de grasa y los refrescos y las aguas con altas cantidades de az\u00facar es el alimento de todos los d\u00edas. Por ese men\u00fa y el carecer de educaci\u00f3n deportiva, hacer ejercicio, aumenta el n\u00famero de diab\u00e9ticos. Ya son nueve millones de mexicanos y miles que todav\u00eda no saben que est\u00e1n \u201cazucarados\u201d.<\/p>\n<p>No sabemos atravesar las calles. No cruzamos en las esquinas, sino a media calle y <em>toreamos<\/em> a los autom\u00f3viles y camiones.<\/p>\n<p>Los conductores siempre tienen prisa y no respetan los sem\u00e1foros y rebasan por la derecha, se atraviesan a los autos para dar vuelta y as\u00ed ocurren muchos accidentes por no tener educaci\u00f3n vial.<\/p>\n<p>Y como no tenemos disciplina ni educaci\u00f3n, urge que todos le entremos a la Revoluci\u00f3n educativa y solamente as\u00ed podemos ser mejores ciudadanos y ya no hablar por hablar mal de nuestro pa\u00eds y de sus gobernantes. \u00bfY usted qu\u00e9 opina?<\/p>\n<p><em><a href=\"mailto:chavasec@yahoo.com.mx\" target=\"_blank\">chavasec@yahoo.com.mx<\/a><\/em><\/p>\n","protected":false},"excerpt":{"rendered":"<p><span style=\"color: #005497;\"><strong>Salvador Estrada<\/strong><\/span><\/p>\n","protected":false},"author":3,"featured_media":0,"comment_status":"open","ping_status":"open","sticky":false,"template":"","format":"standard","meta":{"_monsterinsights_skip_tracking":false,"_monsterinsights_sitenote_active":false,"_monsterinsights_sitenote_note":"","_monsterinsights_sitenote_category":0,"footnotes":""},"categories":[41601],"tags":[41599,43674,41600],"class_list":["post-244187","post","type-post","status-publish","format-standard","hentry","category-salvador-estrada-opinion","tag-folclor-urbano","tag-opinion","tag-salvador-estrada"],"_links":{"self":[{"href":"https:\/\/www.diarioimagen.net\/index.php?rest_route=\/wp\/v2\/posts\/244187","targetHints":{"allow":["GET"]}}],"collection":[{"href":"https:\/\/www.diarioimagen.net\/index.php?rest_route=\/wp\/v2\/posts"}],"about":[{"href":"https:\/\/www.diarioimagen.net\/index.php?rest_route=\/wp\/v2\/types\/post"}],"author":[{"embeddable":true,"href":"https:\/\/www.diarioimagen.net\/index.php?rest_route=\/wp\/v2\/users\/3"}],"replies":[{"embeddable":true,"href":"https:\/\/www.diarioimagen.net\/index.php?rest_route=%2Fwp%2Fv2%2Fcomments&post=244187"}],"version-history":[{"count":0,"href":"https:\/\/www.diarioimagen.net\/index.php?rest_route=\/wp\/v2\/posts\/244187\/revisions"}],"wp:attachment":[{"href":"https:\/\/www.diarioimagen.net\/index.php?rest_route=%2Fwp%2Fv2%2Fmedia&parent=244187"}],"wp:term":[{"taxonomy":"category","embeddable":true,"href":"https:\/\/www.diarioimagen.net\/index.php?rest_route=%2Fwp%2Fv2%2Fcategories&post=244187"},{"taxonomy":"post_tag","embeddable":true,"href":"https:\/\/www.diarioimagen.net\/index.php?rest_route=%2Fwp%2Fv2%2Ftags&post=244187"}],"curies":[{"name":"wp","href":"https:\/\/api.w.org\/{rel}","templated":true}]}}