{"id":244608,"date":"2015-11-26T00:02:50","date_gmt":"2015-11-26T06:02:50","guid":{"rendered":"http:\/\/www.diarioimagen.net\/?p=244608"},"modified":"2015-11-27T01:54:53","modified_gmt":"2015-11-27T07:54:53","slug":"inicia-mayor-feriado-de-eu-en-medio-de-alertas","status":"publish","type":"post","link":"https:\/\/www.diarioimagen.net\/?p=244608","title":{"rendered":"Inicia mayor feriado de EU en medio de alertas"},"content":{"rendered":"<ul>\n<li><strong><em>D\u00eda de Acci\u00f3n de Gracias<\/em><\/strong><\/li>\n<\/ul>\n<p>&nbsp;<\/p>\n<div id=\"attachment_244656\" style=\"width: 430px\" class=\"wp-caption aligncenter\"><a href=\"http:\/\/www.diarioimagen.net\/?attachment_id=244656\" rel=\"attachment wp-att-244656\"><img loading=\"lazy\" decoding=\"async\" aria-describedby=\"caption-attachment-244656\" class=\"size-large wp-image-244656\" src=\"http:\/\/www.diarioimagen.net\/wp-content\/uploads\/2015\/11\/FERIADO-2749-420x310.jpg\" alt=\"Estados Unidos refuerza la seguridad en terminales de transporte a\u00e9reo y terrestre ante las amenazas de actos terroristas.\" width=\"420\" height=\"310\" srcset=\"https:\/\/www.diarioimagen.net\/wp-content\/uploads\/2015\/11\/FERIADO-2749-420x310.jpg 420w, https:\/\/www.diarioimagen.net\/wp-content\/uploads\/2015\/11\/FERIADO-2749-240x177.jpg 240w, https:\/\/www.diarioimagen.net\/wp-content\/uploads\/2015\/11\/FERIADO-2749-90x65.jpg 90w, https:\/\/www.diarioimagen.net\/wp-content\/uploads\/2015\/11\/FERIADO-2749.jpg 700w\" sizes=\"auto, (max-width: 420px) 100vw, 420px\" \/><\/a><p id=\"caption-attachment-244656\" class=\"wp-caption-text\">Estados Unidos refuerza la seguridad en terminales de transporte a\u00e9reo y terrestre ante las amenazas de actos terroristas.<\/p><\/div>\n<p>&nbsp;<\/p>\n<p>M\u00e1s de 46 millones de estadunidenses se alistaban a viajar por carretera, tren, autob\u00fas y avi\u00f3n para celebrar el mayor feriado en Estados Unidos, el D\u00eda de Acci\u00f3n de Gracias, en medio de estrictas medidas de seguridad.<\/p>\n<p>La celebraci\u00f3n no religiosa m\u00e1s importante del pa\u00eds se vio marcada este a\u00f1o por un refuerzo en la seguridad en terminales de transporte a\u00e9reo y terrestre, a pesar de que las autoridades federales reiteraron que no hay amenazas cre\u00edbles y espec\u00edficas contra Estados Unidos.<\/p>\n<p>La Asociaci\u00f3n de Automovilistas de Am\u00e9rica (AAA) pronostic\u00f3 que 46.9 millones de personas viajar\u00e1n m\u00e1s de 80 kil\u00f3metros durante el feriado de Acci\u00f3n de Gracias, que abarca desde ayer mi\u00e9rcoles hasta el pr\u00f3ximo domingo, e incluye el banderazo de salida a las compras navide\u00f1as, el Viernes Negro.<\/p>\n<p>Aunque autoridades federales reconocieron la existencia de un estado de ansiedad entre la poblaci\u00f3n ante la posibilidad de un ataque similar a los ocurridos el pasado 13 de noviembre en Par\u00eds, Francia, el ambiente de tensi\u00f3n no pareci\u00f3 desanimar a los estadunidenses.<\/p>\n<p>El Departamento de Estado emiti\u00f3 est\u00e1 semana una alerta mundial de viaje a sus ciudadanos vigente hasta el 24 de febrero del 2016, debido al riesgo que representa el incremento de las amenazas terroristas, mientras que el de Seguridad Nacional pidi\u00f3 a la poblaci\u00f3n mantenerse \u201cvigilantes\u201d.<\/p>\n<p>Los ciudadanos de Estados Unidos deben ejercer vigilancia cuando est\u00e9n en lugares p\u00fablicos o utilizando el transporte. \u201cEst\u00e9 pendiente de sus alrededores y evite las grandes multitudes o los lugares llenos de gente\u201d, pidieron las autoridades.<\/p>\n<p>Pero las cifras r\u00e9cords de viajeros mostraron que si bien los estadunidenses est\u00e1n atemorizados, no cayeron en un estado de inmovilidad.<\/p>\n<p>\u201cEste a\u00f1o m\u00e1s estadunidenses se dar\u00e1n tiempo para visitar a amigos y familiares desde 2007\u201d, se\u00f1al\u00f3 el presidente de AAA, Marshall Doney. Las proyecciones de viaje en el D\u00eda de Acci\u00f3n de Gracias de este a\u00f1o, representan un incremento de 0.6 por ciento en relaci\u00f3n con 2014.<\/p>\n<p>Un recorrido por terminales de transporte y centros comerciales en el \u00e1rea metropolitana de Washington no muestra un incremento significativo de la seguridad policial. S\u00f3lo unas cuantas estaciones del metro cuentan por ejemplo con la vigilancia de la polic\u00eda uniformada.<\/p>\n<p>El mayor porcentaje de los estadunidense viajar\u00e1 por tierra en su propio autom\u00f3vil, gracias al incentivo adicional de bajos precios en la gasolina a nivel nacional, que se encuentra en su menor nivel desde 2008, en alrededor de 2.07 d\u00f3lares por gal\u00f3n.<\/p>\n<p>Pero m\u00e1s de la mitad de las gasolineras del pa\u00eds est\u00e1n vendiendo el gal\u00f3n en menos de dos d\u00f3lares, casi 75 centavos de d\u00f3lar menos que en el D\u00eda de Acci\u00f3n de Gracias del a\u00f1o pasado.<\/p>\n<p>Pero a\u00fan en temporadas de precios altos, los estadunidenses no han dejado de celebrar la festividad.<\/p>\n<p>Y es que el D\u00eda de Acci\u00f3n de Gracias simboliza el relato de la comida que celebraron los primeros colonos en Plymouth, Massachusetts, con miembros de la tribu ind\u00edgena local Wampanoag en 1621.<\/p>\n<p>M\u00e1s de un siglo despu\u00e9s, el primer presidente de Estados Unidos de Am\u00e9rica, George Washington, lo estableci\u00f3 como un d\u00eda feriado nacional desde 1789. La ceremonia del perd\u00f3n del pavo se ha realizado en los \u00faltimos 60 a\u00f1os.<\/p>\n<p>Como platillo nacional por excelencia durante el festejo, Estados Unidos cr\u00eda unos 260 millones de pavos al a\u00f1o. El peso promedio de cada una de las aves es de siete kilogramos. El consumo anual per c\u00e1pita del pavo en el pa\u00eds es de unos ocho kilogramos.<\/p>\n<p>T\u00edpicamente el pavo al horno se acompa\u00f1a con una salsa de ar\u00e1ndano, papas dulces, cebollas fritas y pastel de calabaza, aunque comunidades como la hispana, enriquecen la festividad con la incorporaci\u00f3n de tamales, pernil y lech\u00f3n al horno.<\/p>\n<p>&nbsp;<\/p>\n","protected":false},"excerpt":{"rendered":"<p>M\u00e1s de 46 millones de estadunidenses se alistaban a viajar por carretera, tren, autob\u00fas y avi\u00f3n para celebrar el mayor feriado en Estados Unidos, el D\u00eda de Acci\u00f3n de Gracias, en medio de estrictas medidas de seguridad.<\/p>\n","protected":false},"author":3,"featured_media":244656,"comment_status":"open","ping_status":"open","sticky":false,"template":"","format":"standard","meta":{"_monsterinsights_skip_tracking":false,"_monsterinsights_sitenote_active":false,"_monsterinsights_sitenote_note":"","_monsterinsights_sitenote_category":0,"footnotes":""},"categories":[9],"tags":[18679,177,43679],"class_list":["post-244608","post","type-post","status-publish","format-standard","has-post-thumbnail","hentry","category-mundo","tag-alerta","tag-estados-unidos","tag-mundo"],"_links":{"self":[{"href":"https:\/\/www.diarioimagen.net\/index.php?rest_route=\/wp\/v2\/posts\/244608","targetHints":{"allow":["GET"]}}],"collection":[{"href":"https:\/\/www.diarioimagen.net\/index.php?rest_route=\/wp\/v2\/posts"}],"about":[{"href":"https:\/\/www.diarioimagen.net\/index.php?rest_route=\/wp\/v2\/types\/post"}],"author":[{"embeddable":true,"href":"https:\/\/www.diarioimagen.net\/index.php?rest_route=\/wp\/v2\/users\/3"}],"replies":[{"embeddable":true,"href":"https:\/\/www.diarioimagen.net\/index.php?rest_route=%2Fwp%2Fv2%2Fcomments&post=244608"}],"version-history":[{"count":0,"href":"https:\/\/www.diarioimagen.net\/index.php?rest_route=\/wp\/v2\/posts\/244608\/revisions"}],"wp:featuredmedia":[{"embeddable":true,"href":"https:\/\/www.diarioimagen.net\/index.php?rest_route=\/wp\/v2\/media\/244656"}],"wp:attachment":[{"href":"https:\/\/www.diarioimagen.net\/index.php?rest_route=%2Fwp%2Fv2%2Fmedia&parent=244608"}],"wp:term":[{"taxonomy":"category","embeddable":true,"href":"https:\/\/www.diarioimagen.net\/index.php?rest_route=%2Fwp%2Fv2%2Fcategories&post=244608"},{"taxonomy":"post_tag","embeddable":true,"href":"https:\/\/www.diarioimagen.net\/index.php?rest_route=%2Fwp%2Fv2%2Ftags&post=244608"}],"curies":[{"name":"wp","href":"https:\/\/api.w.org\/{rel}","templated":true}]}}