{"id":244636,"date":"2015-11-26T00:09:31","date_gmt":"2015-11-26T06:09:31","guid":{"rendered":"http:\/\/www.diarioimagen.net\/?p=244636"},"modified":"2015-11-26T02:41:45","modified_gmt":"2015-11-26T08:41:45","slug":"rey-de-la-victimizacion-amlo-acusa-ya-un-nuevo-complo","status":"publish","type":"post","link":"https:\/\/www.diarioimagen.net\/?p=244636","title":{"rendered":"Rey de la victimizaci\u00f3n, AMLO acusa ya un nuevo compl\u00f3"},"content":{"rendered":"<h2>Tras la puerta del poder<\/h2>\n<h5>Roberto Vizca\u00edno<\/h5>\n<p>&nbsp;<\/p>\n<ul>\n<li><strong><em>Afirma que los de la mafia en el poder est\u00e1n apanicados, porque \u00e9l va arriba en las preferencias \u00a0<\/em><\/strong><\/li>\n<li><strong><em>Acusa que le preparan una tercera celada electoral, para impedirle llegar a la Presidencia<\/em><\/strong><\/li>\n<li><strong><em>Evidentemente cansado, envejecido, encorvado, AMLO muestra p\u00e1nico de no poder alcanzar su objetivo<\/em><\/strong><\/li>\n<\/ul>\n<p>&nbsp;<\/p>\n<div id=\"attachment_244674\" style=\"width: 430px\" class=\"wp-caption aligncenter\"><a href=\"http:\/\/www.diarioimagen.net\/?attachment_id=244674\" rel=\"attachment wp-att-244674\"><img loading=\"lazy\" decoding=\"async\" aria-describedby=\"caption-attachment-244674\" class=\"size-large wp-image-244674\" src=\"http:\/\/www.diarioimagen.net\/wp-content\/uploads\/2015\/11\/consejo-directivo-de-morena-MARAL-2749-420x268.jpg\" alt=\"Consejo directivo de Morena... | Maral\" width=\"420\" height=\"268\" srcset=\"https:\/\/www.diarioimagen.net\/wp-content\/uploads\/2015\/11\/consejo-directivo-de-morena-MARAL-2749-420x268.jpg 420w, https:\/\/www.diarioimagen.net\/wp-content\/uploads\/2015\/11\/consejo-directivo-de-morena-MARAL-2749-240x153.jpg 240w, https:\/\/www.diarioimagen.net\/wp-content\/uploads\/2015\/11\/consejo-directivo-de-morena-MARAL-2749.jpg 1200w\" sizes=\"auto, (max-width: 420px) 100vw, 420px\" \/><\/a><p id=\"caption-attachment-244674\" class=\"wp-caption-text\">Consejo directivo de Morena&#8230; | Maral<\/p><\/div>\n<p>&nbsp;<\/p>\n<p>La sola respuesta refleja el grado de angustia de Andr\u00e9s Manuel L\u00f3pez Obrador:<\/p>\n<p>\u201c\u2026 la tercera es la vencida\u201d.<\/p>\n<p>S\u00ed, claro que \u2013como si tuvi\u00e9semos la obligaci\u00f3n de saberlo- se refiere a las 2 elecciones presidenciales en que ha participado y ha fracasado, y en la que espera finalmente alcanzar en 2018 su sue\u00f1o de vida: ser Presidente de M\u00e9xico.<\/p>\n<p>\u201c\u2026 la tercera es la vencida\u201d, una frase que lo consume y mueve a vivir la contienda electoral presidencial m\u00e1s adelantada que se haya dado por alg\u00fan aspirante en M\u00e9xico.<\/p>\n<p>Con 62 a\u00f1os bien cumplidos apenas el pasado viernes 13 de este noviembre en curso, y a 7 d\u00edas de que se cumplan 2 a\u00f1os de que le dio un infarto al miocardio, hechos que le dan hoy la imagen de un venerable abuelo, encorvado, lleno de canas y arrugas, AMLO no var\u00eda ni un mil\u00edmetro en su discurso y advierte que \u2013ya sabe usted- la <em>mafia en el poder<\/em> le prepara un nuevo <em>compl\u00f3<\/em> para impedirle llegar a la Presidencia.<\/p>\n<p>Para consolidarse como el m\u00e1s probado de los pol\u00edticos en el uso de toda clase de argucias y artima\u00f1as, L\u00f3pez Obrador arremete contra el presidente del PRI, el sonorense Manlio Fabio Beltrones y las dirigencias de PAN y PRD, por negociar una nueva reforma pol\u00edtica que buscar\u00eda evitar que \u00e9l y otros, como el l\u00edder blanquiazul Ricardo Anaya, usen los tiempos oficiales en radio y TV administrados por el INE y destinados a los partidos, para promocionarse y posicionarse como aspirantes a la contienda presidencial del 2018.<\/p>\n<p>Anaya ha dicho que el PAN ir\u00eda a una nueva reforma pol\u00edtica, si el PRI acepta incluir en ella la segunda vuelta electoral.<\/p>\n<p>Ambas cosas -precisar el uso de tiempos oficiales y la segunda vuelta-, han sido asumidas por L\u00f3pez Obrador como parte del <em>compl\u00f3 <\/em>en contra de \u00e9l en esta su tercera b\u00fasqueda de la Presidencia de la Rep\u00fablica.<\/p>\n<p>\u201cLa segunda vuelta significa ir a otra elecci\u00f3n donde se enfrenta el primero y el segundo lugar, y ellos apuestan a unirse en contra de nosotros. La <em>mafia del poder<\/em> armoniza a los dirigentes de los dos partidos (PRI y PAN), y otros m\u00e1s en contra nuestra, una especie de <em>Tucom<\/em>\u2026 Todos Unidos Contra Morena\u201d.<\/p>\n<p>Antes, el tabasque\u00f1o hab\u00eda dicho que el acuerdo para establecer candados para el uso de spots en tiempos oficiales, era en realidad un segundo desa\u00adfuero en su contra.<\/p>\n<p>L\u00f3pez Obrador indic\u00f3 que dentro de toda esa estrategia, se encuentra tambi\u00e9n la encuesta realizada y publicada hace unos d\u00edas por <em>El Universal<\/em> en la que se afirma que el secretario de Gobernaci\u00f3n, Miguel \u00c1ngel Osorio Chong, Margarita Zavala -esposa del ex presidente Felipe Calder\u00f3n- y \u00e9l son quienes puntean en sus respectivos partidos: el PRI, PAN y Morena.<\/p>\n<p>El ahora presidente de Morena dijo que le dan risa estas encuestas. Y la risa seg\u00fan \u00e9l le gana porque la encuesta de <em>El Universal<\/em> indica que en algunas \u00e1reas Osorio Chong supera a AMLO.<\/p>\n<p>\u201c\u00a1Imag\u00ednense\u2026 el que dej\u00f3 que se fuera <em>El Chapo<\/em> Guzm\u00e1n me gana\u2026 eso est\u00e1 de risa\u201d, explic\u00f3.<\/p>\n<p>Y adelant\u00f3: \u201c\u2026 est\u00e1n apanicados\u2026 tienen mucho miedo\u201d, y eso ocurre, razon\u00f3, porque su movimiento (el de la b\u00fasqueda de una tercera oportunidad por la Presidencia) est\u00e1 creciendo cada vez m\u00e1s y entonces seg\u00fan \u00e9l los de <em>la mafia en el poder<\/em> han comenzado a publicar estas encuestas.<\/p>\n<p>\u201cNosotros tenemos que seguir adelante&#8230; lo cierto, la verdad es que estamos bien posicionados, estamos arriba\u2026 pero no podemos confiarnos, no podemos echar las campanas al vuelo porque estamos enfrentando a una mafia\u201d, indic\u00f3.<\/p>\n<p>Su soliloquio advierte que quien est\u00e1 apanicado es \u00e9l. Lo que deja en claro es que lo que dice, es m\u00e1s bien para reiterarse a s\u00ed mismo que va bien, pero que a lo mejor no tan bien, y que quiz\u00e1 lo que le espera es un nuevo fracaso.<\/p>\n<p>Vale la pena detenernos en esto: en su primera parte habla de que tiene una gran confianza en que lo que est\u00e1 haciendo es lo correcto para ahora s\u00ed ganar\u2026<\/p>\n<p>Pero en su segunda parte deja al descubierto la inseguridad y angustia de no poder lograrlo.<\/p>\n<p>\u201c\u2026 lo cierto, la verdad es que estamos bien posicionados, estamos arriba\u201d, dice exaltado, intimidante en esa primera parte&#8230;<\/p>\n<p>Pero de inmediato agrega: \u201c\u2026pero no podemos confiarnos, no podemos echar las campanas al vuelo porque estamos enfrentando a una mafia\u201d.<\/p>\n<p>Este p\u00e1nico e inseguridad lo transmite al pedirles a sus seguidores y simpatizantes \u201cno confiar\u2026 no bajar la guardia\u2026 porque las elecciones del 2018 no ser\u00e1n nada f\u00e1ciles\u201d.<\/p>\n<p>Bromea indicarles que esos comicios \u201cno van a ser tamalitos de chipil\u00edn\u2026 van a ser dif\u00edciles y a depender muchos de nuestra organizaci\u00f3n, de lo que hagamos entre todos (reparte la responsabilidad y su angustia), tenemos que hacer mucho trabajo para lograr un cambio verdadero\u201d, dice.<\/p>\n<p>La reflexi\u00f3n la hizo L\u00f3pez Obrador en un encuentro con un pu\u00f1ado de simpatizantes durante una abierta gira de proselitismo como precandidato presidencial de Morena, en un patio de una casa de la rancher\u00eda Gonz\u00e1lez, Tercera Secci\u00f3n, en Tabasco.<\/p>\n<p>Luego, en una conferencia de prensa, reacio a responder algunas interrogantes, L\u00f3pez Obrador acepta que su ascenso a la dirigencia de Morena es parte de su estrategia para realizar recorridos de proselitismo por todo el pa\u00eds financiado con los recursos que el INE le da a su partido y sin caer en violaciones al marco electoral.<\/p>\n<p>\u201c\u00a1Qu\u00e9!\u2026 \u00bfno tengo derecho?&#8230; estoy en estado de indefensi\u00f3n, no hay equidad, es la \u00fanica posici\u00f3n que hay\u201d, comenta molesto sobre las preguntas de si es inmoral o no \u00e9tico lo que hace.<\/p>\n<p>Y reta:<\/p>\n<p>\u201c\u00a1Yo no voy a dejar de luchar por un cambio en nuestro pa\u00eds mientras viva!&#8230; Vamos a transformar al pa\u00eds\u2026 s\u00ed, ya estuve en el 2006 y 2012 y nos robaron\u2026 y la tercera es la vencida, y si se puede vamos, si la gente quiere\u2026\u201d, indica.<\/p>\n<p>Finalmente, dice conocer las encuestas que encarga la Presidencia de la Rep\u00fablica.<\/p>\n<p>\u201cLas que tiene Pe\u00f1a Nieto yo las leo (y) estoy como 15 puntos arriba\u2026 la pregunta que hacen es que si hoy fueran las elecciones presidenciales por qu\u00e9 partido votar\u00edan, bueno, Morena est\u00e1 en primer lugar\u2026 voy arriba y ese es el nerviosismo que tienen\u201d, concluye.<\/p>\n<p>No deja espacio para ning\u00fan cuestionamiento m\u00e1s. Nada de preguntarle c\u00f3mo es posible que \u00e9l tenga acceso, vea las encuestas que le dan a Pe\u00f1a Nieto.<\/p>\n<p>Por dem\u00e1s probado en la provocaci\u00f3n, en el enga\u00f1o, Andr\u00e9s Manuel L\u00f3pez Obrador despliega ahora, de nuevo, todas sus capacidades de cooptaci\u00f3n.<\/p>\n<p>Ya a inicio de la semana apareci\u00f3 en Tabasco d\u00e1ndole el banderazo a un grupo de camionetas compradas con los recursos que el INE le da a Morena, que ser\u00e1n usadas por brigadas de miembros del SME que recorrer\u00e1n La Chontalpa y otras regiones de ese estado para reconectarles la luz a quienes se les suspendi\u00f3 por falta de pago.<\/p>\n<p>Falta de pago que \u00e9l propici\u00f3 como una maniobra de resistencia civil en contra del gobernador Arturo N\u00fa\u00f1ez, un ex condicional que dej\u00f3 de serlo.<\/p>\n<p>L\u00f3pez Obrador indic\u00f3 que las brigadas del SME se dedicar\u00edan a recabar informaci\u00f3n de los afectados con los cortes de energ\u00eda el\u00e9ctrica, a fin de promover amparos en contra de la CFE. Lo cierto es que no hay claridad de si contin\u00faa adelante la promesa de reconectar el servicio y mandar al diablo a la CFE y al gobierno del estado.<\/p>\n<p><em><a href=\"mailto:rvizcainoa@gmail.com\" target=\"_blank\">rvizcainoa@gmail.com<\/a><\/em><\/p>\n","protected":false},"excerpt":{"rendered":"<p><span style=\"color: #005497;\"><strong>Roberto Vizca\u00edno<\/strong><\/span><br \/>\n<br \/>\nLa sola respuesta refleja el grado de angustia de Andr\u00e9s Manuel L\u00f3pez Obrador: \u201c\u2026 la tercera es la vencida\u201d. S\u00ed, claro que \u2013como si tuvi\u00e9semos la obligaci\u00f3n de saberlo- se refiere a las 2 elecciones presidenciales en que ha participado y ha fracasado, y en la que espera finalmente alcanzar en 2018 su sue\u00f1o de vida: ser Presidente de M\u00e9xico.<\/p>\n","protected":false},"author":3,"featured_media":244674,"comment_status":"open","ping_status":"open","sticky":false,"template":"","format":"standard","meta":{"_monsterinsights_skip_tracking":false,"_monsterinsights_sitenote_active":false,"_monsterinsights_sitenote_note":"","_monsterinsights_sitenote_category":0,"footnotes":""},"categories":[136],"tags":[43674,93,94],"class_list":["post-244636","post","type-post","status-publish","format-standard","has-post-thumbnail","hentry","category-roberto-vizcaino-opinion","tag-opinion","tag-roberto-vizcaino","tag-tras-la-puerta-del-poder"],"_links":{"self":[{"href":"https:\/\/www.diarioimagen.net\/index.php?rest_route=\/wp\/v2\/posts\/244636","targetHints":{"allow":["GET"]}}],"collection":[{"href":"https:\/\/www.diarioimagen.net\/index.php?rest_route=\/wp\/v2\/posts"}],"about":[{"href":"https:\/\/www.diarioimagen.net\/index.php?rest_route=\/wp\/v2\/types\/post"}],"author":[{"embeddable":true,"href":"https:\/\/www.diarioimagen.net\/index.php?rest_route=\/wp\/v2\/users\/3"}],"replies":[{"embeddable":true,"href":"https:\/\/www.diarioimagen.net\/index.php?rest_route=%2Fwp%2Fv2%2Fcomments&post=244636"}],"version-history":[{"count":0,"href":"https:\/\/www.diarioimagen.net\/index.php?rest_route=\/wp\/v2\/posts\/244636\/revisions"}],"wp:featuredmedia":[{"embeddable":true,"href":"https:\/\/www.diarioimagen.net\/index.php?rest_route=\/wp\/v2\/media\/244674"}],"wp:attachment":[{"href":"https:\/\/www.diarioimagen.net\/index.php?rest_route=%2Fwp%2Fv2%2Fmedia&parent=244636"}],"wp:term":[{"taxonomy":"category","embeddable":true,"href":"https:\/\/www.diarioimagen.net\/index.php?rest_route=%2Fwp%2Fv2%2Fcategories&post=244636"},{"taxonomy":"post_tag","embeddable":true,"href":"https:\/\/www.diarioimagen.net\/index.php?rest_route=%2Fwp%2Fv2%2Ftags&post=244636"}],"curies":[{"name":"wp","href":"https:\/\/api.w.org\/{rel}","templated":true}]}}