{"id":244787,"date":"2015-11-27T00:13:33","date_gmt":"2015-11-27T06:13:33","guid":{"rendered":"http:\/\/www.diarioimagen.net\/?p=244787"},"modified":"2015-11-27T04:11:47","modified_gmt":"2015-11-27T10:11:47","slug":"presea-al-merito-municipal","status":"publish","type":"post","link":"https:\/\/www.diarioimagen.net\/?p=244787","title":{"rendered":"Presea al M\u00e9rito Municipal"},"content":{"rendered":"<h2>Arco Norte<\/h2>\n<h5>Jos\u00e9 Luis Monta\u00f1ez Aguilar<\/h5>\n<p>&nbsp;<\/p>\n<p><a href=\"http:\/\/www.diarioimagen.net\/?attachment_id=244879\" rel=\"attachment wp-att-244879\"><img loading=\"lazy\" decoding=\"async\" class=\"aligncenter size-large wp-image-244879\" src=\"http:\/\/www.diarioimagen.net\/wp-content\/uploads\/2015\/11\/arco-420x236.jpg\" alt=\"arco\" width=\"420\" height=\"236\" srcset=\"https:\/\/www.diarioimagen.net\/wp-content\/uploads\/2015\/11\/arco-420x236.jpg 420w, https:\/\/www.diarioimagen.net\/wp-content\/uploads\/2015\/11\/arco-240x135.jpg 240w, https:\/\/www.diarioimagen.net\/wp-content\/uploads\/2015\/11\/arco-235x132.jpg 235w, https:\/\/www.diarioimagen.net\/wp-content\/uploads\/2015\/11\/arco-202x114.jpg 202w, https:\/\/www.diarioimagen.net\/wp-content\/uploads\/2015\/11\/arco-350x196.jpg 350w, https:\/\/www.diarioimagen.net\/wp-content\/uploads\/2015\/11\/arco-220x123.jpg 220w, https:\/\/www.diarioimagen.net\/wp-content\/uploads\/2015\/11\/arco-237x132.jpg 237w, https:\/\/www.diarioimagen.net\/wp-content\/uploads\/2015\/11\/arco.jpg 480w\" sizes=\"auto, (max-width: 420px) 100vw, 420px\" \/><\/a><\/p>\n<p>&nbsp;<\/p>\n<p>El titular de la Secretar\u00eda de Desarrollo Urbano y Metropolitano (SEDURM) Alfredo Torres Mart\u00ednez, presidi\u00f3 la instalaci\u00f3n del jurado calificador para la presea al M\u00e9rito Municipal \u201cAlfredo del Mazo V\u00e9lez\u201d, que reconoce a aquellas personas que han contribuido para lograr bienestar en su municipio.<\/p>\n<p>\u201cLos acreedores a esta presea ser\u00e1n quienes por propia voluntad, con sacrificio personal de su tiempo o comodidad hayan realizado o realicen actos de manifiesta solidaridad que contribuyan al bienestar o propicien el desarrollo de su municipio, ya sea al cooperar para el remedio o alivio de necesidades o al prestar ayuda, asistencia a sectores sujetos socialmente marginados, oprimidos o inhabilitados\u201d, asegur\u00f3.<\/p>\n<p>En su calidad de presidente del jurado calificador, reconoci\u00f3 a los integrantes del jurado su solidaridad, por ser un factor fundamental para preservar la identidad estatal, al tiempo que los exhort\u00f3 a participar con entusiasmo en la difusi\u00f3n de este galard\u00f3n que servir\u00e1 para reconocer a hombres y mujeres cuya obra constituye un ejemplo para todos.<\/p>\n<p>Los interesados en inscribirse para participar en la selecci\u00f3n del ganador puedan obtener informes en la direcci\u00f3n electr\u00f3nica: http:\/\/edomex.\u00adgob.\u00admx\/presea_edomex o en el tel\u00e9fono 01 722 275 78 00. Los otros miembros del jurado son los titulares de las secretar\u00edas de Desarrollo Social, Arturo Osornio S\u00e1nchez; Desarrollo Econ\u00f3mico, Adri\u00e1n Fuentes Villalobos; Desarrollo Agropecuario, Heriberto Ortega Ram\u00edrez; el subsecretario general de Gobierno, H\u00e9ctor Jim\u00e9nez Baca; la directora general del DIFEM, Carolina Alan\u00eds Moreno, y el director general de Educaci\u00f3n B\u00e1sica, \u00c1ngel Jim\u00e9nez Huerta.<\/p>\n<p><em><a href=\"mailto:montanezaguilar@gmail.com\" target=\"_blank\">montanezaguilar@gmail.com<\/a><\/em><\/p>\n","protected":false},"excerpt":{"rendered":"<p><span style=\"color: #005497;\">Jos\u00e9 Luis Monta\u00f1ez Aguilar<\/span><br \/>\n<br \/>\nEl titular de la Secretar\u00eda de Desarrollo Urbano y Metropolitano (SEDURM) Alfredo Torres Mart\u00ednez, presidi\u00f3 la instalaci\u00f3n del jurado calificador para la presea al M\u00e9rito Municipal \u201cAlfredo del Mazo V\u00e9lez\u201d, que reconoce a aquellas personas que han contribuido para lograr bienestar en su municipio.<\/p>\n","protected":false},"author":3,"featured_media":244879,"comment_status":"open","ping_status":"open","sticky":false,"template":"","format":"standard","meta":{"_monsterinsights_skip_tracking":false,"_monsterinsights_sitenote_active":false,"_monsterinsights_sitenote_note":"","_monsterinsights_sitenote_category":0,"footnotes":""},"categories":[5],"tags":[13284,43704,43674],"class_list":["post-244787","post","type-post","status-publish","format-standard","has-post-thumbnail","hentry","category-estado-de-mexico","tag-arco-norte","tag-jose-luis-montanez-aguilar","tag-opinion"],"_links":{"self":[{"href":"https:\/\/www.diarioimagen.net\/index.php?rest_route=\/wp\/v2\/posts\/244787","targetHints":{"allow":["GET"]}}],"collection":[{"href":"https:\/\/www.diarioimagen.net\/index.php?rest_route=\/wp\/v2\/posts"}],"about":[{"href":"https:\/\/www.diarioimagen.net\/index.php?rest_route=\/wp\/v2\/types\/post"}],"author":[{"embeddable":true,"href":"https:\/\/www.diarioimagen.net\/index.php?rest_route=\/wp\/v2\/users\/3"}],"replies":[{"embeddable":true,"href":"https:\/\/www.diarioimagen.net\/index.php?rest_route=%2Fwp%2Fv2%2Fcomments&post=244787"}],"version-history":[{"count":0,"href":"https:\/\/www.diarioimagen.net\/index.php?rest_route=\/wp\/v2\/posts\/244787\/revisions"}],"wp:featuredmedia":[{"embeddable":true,"href":"https:\/\/www.diarioimagen.net\/index.php?rest_route=\/wp\/v2\/media\/244879"}],"wp:attachment":[{"href":"https:\/\/www.diarioimagen.net\/index.php?rest_route=%2Fwp%2Fv2%2Fmedia&parent=244787"}],"wp:term":[{"taxonomy":"category","embeddable":true,"href":"https:\/\/www.diarioimagen.net\/index.php?rest_route=%2Fwp%2Fv2%2Fcategories&post=244787"},{"taxonomy":"post_tag","embeddable":true,"href":"https:\/\/www.diarioimagen.net\/index.php?rest_route=%2Fwp%2Fv2%2Ftags&post=244787"}],"curies":[{"name":"wp","href":"https:\/\/api.w.org\/{rel}","templated":true}]}}