{"id":244789,"date":"2015-11-27T00:08:44","date_gmt":"2015-11-27T06:08:44","guid":{"rendered":"http:\/\/www.diarioimagen.net\/?p=244789"},"modified":"2015-11-27T04:22:28","modified_gmt":"2015-11-27T10:22:28","slug":"aprovechara-edomex-exitos-de-gobernanza-metropolitana","status":"publish","type":"post","link":"https:\/\/www.diarioimagen.net\/?p=244789","title":{"rendered":"Aprovechar\u00e1 Edomex \u00e9xitos de gobernanza metropolitana"},"content":{"rendered":"<ul>\n<li><strong><em>Soluciones integrales a desaf\u00edos cotidianos que demandan habitantes<\/em><\/strong><\/li>\n<\/ul>\n<p>&nbsp;<\/p>\n<p><a href=\"http:\/\/www.diarioimagen.net\/?attachment_id=244885\" rel=\"attachment wp-att-244885\"><img loading=\"lazy\" decoding=\"async\" class=\"aligncenter size-large wp-image-244885\" src=\"http:\/\/www.diarioimagen.net\/wp-content\/uploads\/2015\/11\/gobernanza-2750-420x236.jpg\" alt=\"gobernanza-2750\" width=\"420\" height=\"236\" srcset=\"https:\/\/www.diarioimagen.net\/wp-content\/uploads\/2015\/11\/gobernanza-2750-420x236.jpg 420w, https:\/\/www.diarioimagen.net\/wp-content\/uploads\/2015\/11\/gobernanza-2750-240x135.jpg 240w, https:\/\/www.diarioimagen.net\/wp-content\/uploads\/2015\/11\/gobernanza-2750-235x132.jpg 235w, https:\/\/www.diarioimagen.net\/wp-content\/uploads\/2015\/11\/gobernanza-2750-202x114.jpg 202w, https:\/\/www.diarioimagen.net\/wp-content\/uploads\/2015\/11\/gobernanza-2750-350x196.jpg 350w, https:\/\/www.diarioimagen.net\/wp-content\/uploads\/2015\/11\/gobernanza-2750-220x123.jpg 220w, https:\/\/www.diarioimagen.net\/wp-content\/uploads\/2015\/11\/gobernanza-2750-237x132.jpg 237w, https:\/\/www.diarioimagen.net\/wp-content\/uploads\/2015\/11\/gobernanza-2750.jpg 480w\" sizes=\"auto, (max-width: 420px) 100vw, 420px\" \/><\/a><\/p>\n<p>&nbsp;<\/p>\n<p><strong>Toluca, Estado de M\u00e9xico<\/strong>.- A fin de revisar las experiencias de los gobiernos metropolitanos de diferentes pa\u00edses y describir su efectividad, as\u00ed como examinar el contexto global y latinoamericano del crecimiento demogr\u00e1fico y sus proyectos adyacentes, el secretario general de Gobierno, Jos\u00e9 Manzur Quiroga, inaugur\u00f3 los trabajos del Foro de Gobernanza Metropolitana, en el que tambi\u00e9n se analizar\u00e1n los trabajos de coordinaci\u00f3n que se est\u00e1n llevando a cabo en el pa\u00eds y en la entidad mexiquense en esta materia.<\/p>\n<p>\u201cEstamos ante la gran oportunidad de presentar iniciativas e intercambiar las mejores pr\u00e1cticas, con la finalidad de aprovechar casos de \u00e9xito sobre gobernanza metropolitana, para poder aplicarlos en beneficio de los mexiquenses\u201d.<\/p>\n<p>Inform\u00f3 que de acuerdo con datos del Consejo Nacional de Poblaci\u00f3n, en M\u00e9xico, existen 59 regiones conurbadas, de las cuales el Estado de M\u00e9xico alberga dos de las m\u00e1s importantes; por un lado, la Zona Metropolitana del Valle de M\u00e9xico, que comprende 59 municipios mexiquenses, uno de Hidalgo y 16 delegaciones del Distrito Federal, que concentran una poblaci\u00f3n de m\u00e1s de 20 millones de personas, y la Zona Metropolitana del Valle de Toluca, donde se encuentran relacionados 22 municipios, incluida la capital, que ocupan la primera y la quinta a nivel nacional, respectivamente.<\/p>\n<p>Dado que ambas, enfrentan retos en materia de salud, educaci\u00f3n, seguridad, vivienda, movilidad y desarrollo sustentable, Jos\u00e9 Manzur inform\u00f3 que el gobernador Eruviel \u00c1vila present\u00f3 el a\u00f1o pasado una iniciativa a la Legislatura local para unificar dos dependencias estatales y crear la Secretar\u00eda de Desarrollo Urbano y Metropolitano, con el objetivo de dar atenci\u00f3n integral a este tema.<\/p>\n<p>\u201cDe esa manera, nuestro estado ampliar\u00e1 y fortalecer\u00e1 sus mecanismos de coordinaci\u00f3n con la Federaci\u00f3n, la ciudad de M\u00e9xico, las entidades colindantes y los municipios conurbados\u201d, refiri\u00f3 ante la senadora de la Rep\u00fablica, Mar\u00eda Elena Barrera Tapia.<\/p>\n<p>La directora general de la Comisi\u00f3n Nacional de Vivienda (CONAVI), Paloma Silva de Anzorena, asegur\u00f3 que el presidente Enrique Pe\u00f1a Nieto ha impulsado diferentes medidas para controlar las manchas urbanas y planear e implementar m\u00e1s ciudades compactas y funcionales que coadyuven al desarrollo urbano, sustentable e inteligente que permita reducir el rezago de vivienda que es de 8.9 millones de familias y que gracias a la nueva pol\u00edtica nacional de vivienda se ha reducido en 30 por ciento de la poblaci\u00f3n en 15 a\u00f1os.<\/p>\n","protected":false},"excerpt":{"rendered":"<p>A fin de revisar las experiencias de los gobiernos metropolitanos de diferentes pa\u00edses y describir su efectividad, as\u00ed como examinar el contexto global y latinoamericano del crecimiento demogr\u00e1fico y sus proyectos adyacentes, el secretario general de Gobierno, Jos\u00e9 Manzur Quiroga, inaugur\u00f3 los trabajos del Foro de Gobernanza Metropolitana, en el que tambi\u00e9n se analizar\u00e1n los trabajos de coordinaci\u00f3n que se est\u00e1n llevando a cabo en el pa\u00eds y en la entidad mexiquense en esta materia.<\/p>\n","protected":false},"author":3,"featured_media":244885,"comment_status":"open","ping_status":"open","sticky":false,"template":"","format":"standard","meta":{"_monsterinsights_skip_tracking":false,"_monsterinsights_sitenote_active":false,"_monsterinsights_sitenote_note":"","_monsterinsights_sitenote_category":0,"footnotes":""},"categories":[5],"tags":[5828,43675,452],"class_list":["post-244789","post","type-post","status-publish","format-standard","has-post-thumbnail","hentry","category-estado-de-mexico","tag-eruviel-avila-villegas","tag-estado-de-mexico","tag-toluca"],"_links":{"self":[{"href":"https:\/\/www.diarioimagen.net\/index.php?rest_route=\/wp\/v2\/posts\/244789","targetHints":{"allow":["GET"]}}],"collection":[{"href":"https:\/\/www.diarioimagen.net\/index.php?rest_route=\/wp\/v2\/posts"}],"about":[{"href":"https:\/\/www.diarioimagen.net\/index.php?rest_route=\/wp\/v2\/types\/post"}],"author":[{"embeddable":true,"href":"https:\/\/www.diarioimagen.net\/index.php?rest_route=\/wp\/v2\/users\/3"}],"replies":[{"embeddable":true,"href":"https:\/\/www.diarioimagen.net\/index.php?rest_route=%2Fwp%2Fv2%2Fcomments&post=244789"}],"version-history":[{"count":0,"href":"https:\/\/www.diarioimagen.net\/index.php?rest_route=\/wp\/v2\/posts\/244789\/revisions"}],"wp:featuredmedia":[{"embeddable":true,"href":"https:\/\/www.diarioimagen.net\/index.php?rest_route=\/wp\/v2\/media\/244885"}],"wp:attachment":[{"href":"https:\/\/www.diarioimagen.net\/index.php?rest_route=%2Fwp%2Fv2%2Fmedia&parent=244789"}],"wp:term":[{"taxonomy":"category","embeddable":true,"href":"https:\/\/www.diarioimagen.net\/index.php?rest_route=%2Fwp%2Fv2%2Fcategories&post=244789"},{"taxonomy":"post_tag","embeddable":true,"href":"https:\/\/www.diarioimagen.net\/index.php?rest_route=%2Fwp%2Fv2%2Ftags&post=244789"}],"curies":[{"name":"wp","href":"https:\/\/api.w.org\/{rel}","templated":true}]}}