{"id":244791,"date":"2015-11-27T00:07:53","date_gmt":"2015-11-27T06:07:53","guid":{"rendered":"http:\/\/www.diarioimagen.net\/?p=244791"},"modified":"2015-11-27T04:25:58","modified_gmt":"2015-11-27T10:25:58","slug":"preparan-operacion-de-planta-de-tratamiento","status":"publish","type":"post","link":"https:\/\/www.diarioimagen.net\/?p=244791","title":{"rendered":"Preparan operaci\u00f3n de planta de tratamiento"},"content":{"rendered":"<ul>\n<li><strong><em>En la presa Guadalupe<\/em><\/strong><\/li>\n<\/ul>\n<p>&nbsp;<\/p>\n<p><a href=\"http:\/\/www.diarioimagen.net\/?attachment_id=244888\" rel=\"attachment wp-att-244888\"><img loading=\"lazy\" decoding=\"async\" class=\"aligncenter size-large wp-image-244888\" src=\"http:\/\/www.diarioimagen.net\/wp-content\/uploads\/2015\/11\/presa-guadalupe-2750-420x236.jpg\" alt=\"presa-guadalupe-2750\" width=\"420\" height=\"236\" srcset=\"https:\/\/www.diarioimagen.net\/wp-content\/uploads\/2015\/11\/presa-guadalupe-2750-420x236.jpg 420w, https:\/\/www.diarioimagen.net\/wp-content\/uploads\/2015\/11\/presa-guadalupe-2750-240x135.jpg 240w, https:\/\/www.diarioimagen.net\/wp-content\/uploads\/2015\/11\/presa-guadalupe-2750-235x132.jpg 235w, https:\/\/www.diarioimagen.net\/wp-content\/uploads\/2015\/11\/presa-guadalupe-2750-202x114.jpg 202w, https:\/\/www.diarioimagen.net\/wp-content\/uploads\/2015\/11\/presa-guadalupe-2750-350x196.jpg 350w, https:\/\/www.diarioimagen.net\/wp-content\/uploads\/2015\/11\/presa-guadalupe-2750-220x123.jpg 220w, https:\/\/www.diarioimagen.net\/wp-content\/uploads\/2015\/11\/presa-guadalupe-2750-237x132.jpg 237w, https:\/\/www.diarioimagen.net\/wp-content\/uploads\/2015\/11\/presa-guadalupe-2750.jpg 480w\" sizes=\"auto, (max-width: 420px) 100vw, 420px\" \/><\/a><\/p>\n<p>&nbsp;<\/p>\n<p><strong>Cuautitl\u00e1n Izcalli, Estado de M\u00e9xico<\/strong>.- La Secretar\u00eda de Infraestructura concluy\u00f3 la planta de tratamiento de aguas residuales de la presa Guadalupe, que tendr\u00e1 una capacidad de hasta 750 litros por segundo y contribuye al saneamiento del r\u00edo Cuautitl\u00e1n, que abastese del l\u00edquido a los habitantes de los municipios de Tepotzotl\u00e1n, Cuautitl\u00e1n Izcalli, Coyotepec y Teoloyucan para uso agr\u00edcola.<\/p>\n<p>Jos\u00e9 Manuel Camacho Salm\u00f3n, vocal ejecutivo de la Comisi\u00f3n de Agua del Estado de M\u00e9xico, indic\u00f3 que con estas instalaciones, los fluidos provenientes de los desag\u00fces de los municipios de Cuautitl\u00e1n Izcalli, Atizap\u00e1n de Zaragoza y Nicol\u00e1s Romero ser\u00e1n tratados a trav\u00e9s de la planta intermunicipal Presa de Guadalupe, antes de que \u00e9stas se viertan en el r\u00edo Cuautitl\u00e1n, lo que permitir\u00e1 que cerca de 500 mil habitantes puedan hacer uso del agua en suelo agr\u00edcola, cumpliendo adem\u00e1s con las normas oficiales mexicanas NOM-003-SEMARNAT y NOM-004-SEMARNAT-2002.<\/p>\n<p>Indic\u00f3 que en unas semanas la planta iniciar\u00e1 su operaci\u00f3n transitoria, ya que actualmente se encuentra en tr\u00e1mite el resolutivo para la autorizaci\u00f3n de descarga ante la Conagua.<\/p>\n<p>Indic\u00f3 que actualmente existen en el Estado de M\u00e9xico 218 sistemas de tratamiento de aguas residuales distribuidos en las tres cuencas que conforman la entidad: Lerma, Balsas y P\u00e1nuco, mismas que tienen una capacidad instalada de tratamiento de 11 metros c\u00fabicos por segundo, es decir, 11 mil litros por segundo.<\/p>\n","protected":false},"excerpt":{"rendered":"<p>La Secretar\u00eda de Infraestructura concluy\u00f3 la planta de tratamiento de aguas residuales de la presa Guadalupe, que tendr\u00e1 una capacidad de hasta 750 litros por segundo y contribuye al saneamiento del r\u00edo Cuautitl\u00e1n, que abastese del l\u00edquido a los habitantes de los municipios de Tepotzotl\u00e1n, Cuautitl\u00e1n Izcalli, Coyotepec y Teoloyucan para uso agr\u00edcola.<\/p>\n","protected":false},"author":3,"featured_media":244888,"comment_status":"open","ping_status":"open","sticky":false,"template":"","format":"standard","meta":{"_monsterinsights_skip_tracking":false,"_monsterinsights_sitenote_active":false,"_monsterinsights_sitenote_note":"","_monsterinsights_sitenote_category":0,"footnotes":""},"categories":[35155],"tags":[971,43675,43247],"class_list":["post-244791","post","type-post","status-publish","format-standard","has-post-thumbnail","hentry","category-estado-de-mexico-estado-de-mexico","tag-cuautitlan-izcalli","tag-estado-de-mexico","tag-secretaria-de-infraestructura"],"_links":{"self":[{"href":"https:\/\/www.diarioimagen.net\/index.php?rest_route=\/wp\/v2\/posts\/244791","targetHints":{"allow":["GET"]}}],"collection":[{"href":"https:\/\/www.diarioimagen.net\/index.php?rest_route=\/wp\/v2\/posts"}],"about":[{"href":"https:\/\/www.diarioimagen.net\/index.php?rest_route=\/wp\/v2\/types\/post"}],"author":[{"embeddable":true,"href":"https:\/\/www.diarioimagen.net\/index.php?rest_route=\/wp\/v2\/users\/3"}],"replies":[{"embeddable":true,"href":"https:\/\/www.diarioimagen.net\/index.php?rest_route=%2Fwp%2Fv2%2Fcomments&post=244791"}],"version-history":[{"count":0,"href":"https:\/\/www.diarioimagen.net\/index.php?rest_route=\/wp\/v2\/posts\/244791\/revisions"}],"wp:featuredmedia":[{"embeddable":true,"href":"https:\/\/www.diarioimagen.net\/index.php?rest_route=\/wp\/v2\/media\/244888"}],"wp:attachment":[{"href":"https:\/\/www.diarioimagen.net\/index.php?rest_route=%2Fwp%2Fv2%2Fmedia&parent=244791"}],"wp:term":[{"taxonomy":"category","embeddable":true,"href":"https:\/\/www.diarioimagen.net\/index.php?rest_route=%2Fwp%2Fv2%2Fcategories&post=244791"},{"taxonomy":"post_tag","embeddable":true,"href":"https:\/\/www.diarioimagen.net\/index.php?rest_route=%2Fwp%2Fv2%2Ftags&post=244791"}],"curies":[{"name":"wp","href":"https:\/\/api.w.org\/{rel}","templated":true}]}}