{"id":244816,"date":"2015-11-27T00:06:41","date_gmt":"2015-11-27T06:06:41","guid":{"rendered":"http:\/\/www.diarioimagen.net\/?p=244816"},"modified":"2015-11-29T23:37:39","modified_gmt":"2015-11-30T05:37:39","slug":"nuevo-sistema-de-justicia-penal-recupera-confianza","status":"publish","type":"post","link":"https:\/\/www.diarioimagen.net\/?p=244816","title":{"rendered":"Nuevo Sistema de Justicia Penal recupera confianza"},"content":{"rendered":"<ul>\n<li><strong><em>Parteaguas en la vida legal: Pe\u00f1a Nieto<\/em><\/strong><\/li>\n<\/ul>\n<p>&nbsp;<\/p>\n<div id=\"attachment_244910\" style=\"width: 430px\" class=\"wp-caption aligncenter\"><a href=\"http:\/\/www.diarioimagen.net\/?attachment_id=244910\" rel=\"attachment wp-att-244910\"><img loading=\"lazy\" decoding=\"async\" aria-describedby=\"caption-attachment-244910\" class=\"size-large wp-image-244910\" src=\"http:\/\/www.diarioimagen.net\/wp-content\/uploads\/2015\/11\/epn-2750-420x236.jpg\" alt=\"El presidente Enrique Pe\u00f1a Nieto, durante la inauguraci\u00f3n del Encuentro Nacional de Procuraci\u00f3n de Justicia.\" width=\"420\" height=\"236\" srcset=\"https:\/\/www.diarioimagen.net\/wp-content\/uploads\/2015\/11\/epn-2750-420x236.jpg 420w, https:\/\/www.diarioimagen.net\/wp-content\/uploads\/2015\/11\/epn-2750-240x135.jpg 240w, https:\/\/www.diarioimagen.net\/wp-content\/uploads\/2015\/11\/epn-2750-480x270.jpg 480w, https:\/\/www.diarioimagen.net\/wp-content\/uploads\/2015\/11\/epn-2750-235x132.jpg 235w, https:\/\/www.diarioimagen.net\/wp-content\/uploads\/2015\/11\/epn-2750-202x114.jpg 202w, https:\/\/www.diarioimagen.net\/wp-content\/uploads\/2015\/11\/epn-2750-350x196.jpg 350w, https:\/\/www.diarioimagen.net\/wp-content\/uploads\/2015\/11\/epn-2750-220x123.jpg 220w, https:\/\/www.diarioimagen.net\/wp-content\/uploads\/2015\/11\/epn-2750-237x132.jpg 237w, https:\/\/www.diarioimagen.net\/wp-content\/uploads\/2015\/11\/epn-2750.jpg 1200w\" sizes=\"auto, (max-width: 420px) 100vw, 420px\" \/><\/a><p id=\"caption-attachment-244910\" class=\"wp-caption-text\">El presidente Enrique Pe\u00f1a Nieto, durante la inauguraci\u00f3n del Encuentro Nacional de Procuraci\u00f3n de Justicia.<\/p><\/div>\n<p>&nbsp;<\/p>\n<p>El presidente Enrique Pe\u00f1a Nieto afirm\u00f3 que el Nuevo Sistema de Justicia Penal, que deber\u00e1 implementarse en todo el pa\u00eds en junio del pr\u00f3ximo a\u00f1o, rompe con un paradigma de m\u00e1s de cien a\u00f1os y es un parteaguas en el avance de la vida legal del pa\u00eds.<\/p>\n<p>El primer mandatario reconoci\u00f3 a los poderes judiciales de las entidades por \u201cestar a la altura de los nuevos retos y cambios que como pa\u00eds estamos experimentando\u201d, y sostuvo que el nuevo sistema fortalecer\u00e1 la vigencia del estado de Derecho y dar\u00e1 mayor certidumbre y confianza a la naci\u00f3n.<\/p>\n<p>En la inauguraci\u00f3n del Encuentro Nacional de Procuraci\u00f3n de Justicia, que reuni\u00f3 a procuradores, impartidores de justicia, peritos, abogados y especialistas de todo el pa\u00eds, dijo que el nuevo sistema que opera pr\u00e1cticamente en todo el territorio nacional -en ocho estados de manera total- abonar\u00e1 a recuperar la confianza ciudadana.<\/p>\n<p>Acompa\u00f1ado por el secretario de Gobernaci\u00f3n, Miguel \u00c1ngel Osorio Chong, y la procuradora general de la Rep\u00fablica, Arely G\u00f3mez, el presidente Pe\u00f1a Nieto confi\u00f3 en que la reuni\u00f3n que inicia ser\u00e1 un espacio para intercambiar experiencias y determinar cu\u00e1les son los retos e inercias negativas que se deben superar.<\/p>\n<p>Celebr\u00f3 la disposici\u00f3n de los poderes judiciales del pa\u00eds, agrupados en la Comisi\u00f3n Nacional de Tribunales Superiores de Justicia (Conatrib), para optimizar los recursos que se les asignan, a fin de asegurar una debida impartici\u00f3n de justicia, como puntualiz\u00f3 el presidente de este organismo, el magistrado Edgar El\u00edas Azar, quien le antecedi\u00f3 en la palabra.<\/p>\n<p>El jefe del Ejecutivo federal reconoci\u00f3 la responsabilidad, \u00edmpetu y vigor de los procuradores, subprocuradores, impartidores de justicia y funcionarios judiciales para cumplir con el mandato constitucional de implementar este sistema de justicia en todo el pa\u00eds.<\/p>\n<p>Otro de los retos, coment\u00f3 Pe\u00f1a Nieto, es lograr generar iniciativas relacionadas con lo que se ha llamado \u201cjusticia cotidiana\u201d, pues no todo el sistema de justicia est\u00e1 relacionado al \u00e1mbito penal, sino a temas como el civil, familiar, mercantil, laboral, entre otros.<\/p>\n<p>A este respecto, propuso a los asistentes ser parte de los cambios estructurales que necesita M\u00e9xico y discutir este tema para lograr una iniciativa de Ley de Justicia Cotidiana, a fin de que el pa\u00eds tenga una nueva plataforma para enfrentar los retos del siglo XXI.<\/p>\n<p>En este sentido, conmin\u00f3 a los funcionarios a romper con las inercias que imped\u00edan a M\u00e9xico despegar con todo su potencial, pues sostuvo que el pa\u00eds \u201ctiene enormes posibilidades y potencial\u201d para crecer a favor del desarrollo de su sociedad.<\/p>\n<p>De igual manera, llam\u00f3 a atacar la impunidad y lograr que los culpables de alg\u00fan delito sean sometidos a la justicia en el marco de un debido soporte de las averiguaciones y con pleno respeto a los derechos humanos.<\/p>\n<p>&nbsp;<\/p>\n","protected":false},"excerpt":{"rendered":"<p>El presidente Enrique Pe\u00f1a Nieto afirm\u00f3 que el Nuevo Sistema de Justicia Penal, que deber\u00e1 implementarse en todo el pa\u00eds en junio del pr\u00f3ximo a\u00f1o, rompe con un paradigma de m\u00e1s de cien a\u00f1os y es un parteaguas en el avance de la vida legal del pa\u00eds.<\/p>\n","protected":false},"author":3,"featured_media":244910,"comment_status":"open","ping_status":"open","sticky":false,"template":"","format":"standard","meta":{"_monsterinsights_skip_tracking":false,"_monsterinsights_sitenote_active":false,"_monsterinsights_sitenote_note":"","_monsterinsights_sitenote_category":0,"footnotes":""},"categories":[3],"tags":[18,43673,46773,43677],"class_list":["post-244816","post","type-post","status-publish","format-standard","has-post-thumbnail","hentry","category-nacional","tag-enrique-pena-nieto","tag-nacional","tag-nuevo-sistema-de-justicia-penal","tag-seguridad"],"_links":{"self":[{"href":"https:\/\/www.diarioimagen.net\/index.php?rest_route=\/wp\/v2\/posts\/244816","targetHints":{"allow":["GET"]}}],"collection":[{"href":"https:\/\/www.diarioimagen.net\/index.php?rest_route=\/wp\/v2\/posts"}],"about":[{"href":"https:\/\/www.diarioimagen.net\/index.php?rest_route=\/wp\/v2\/types\/post"}],"author":[{"embeddable":true,"href":"https:\/\/www.diarioimagen.net\/index.php?rest_route=\/wp\/v2\/users\/3"}],"replies":[{"embeddable":true,"href":"https:\/\/www.diarioimagen.net\/index.php?rest_route=%2Fwp%2Fv2%2Fcomments&post=244816"}],"version-history":[{"count":0,"href":"https:\/\/www.diarioimagen.net\/index.php?rest_route=\/wp\/v2\/posts\/244816\/revisions"}],"wp:featuredmedia":[{"embeddable":true,"href":"https:\/\/www.diarioimagen.net\/index.php?rest_route=\/wp\/v2\/media\/244910"}],"wp:attachment":[{"href":"https:\/\/www.diarioimagen.net\/index.php?rest_route=%2Fwp%2Fv2%2Fmedia&parent=244816"}],"wp:term":[{"taxonomy":"category","embeddable":true,"href":"https:\/\/www.diarioimagen.net\/index.php?rest_route=%2Fwp%2Fv2%2Fcategories&post=244816"},{"taxonomy":"post_tag","embeddable":true,"href":"https:\/\/www.diarioimagen.net\/index.php?rest_route=%2Fwp%2Fv2%2Ftags&post=244816"}],"curies":[{"name":"wp","href":"https:\/\/api.w.org\/{rel}","templated":true}]}}