{"id":244834,"date":"2015-11-27T00:10:59","date_gmt":"2015-11-27T06:10:59","guid":{"rendered":"http:\/\/www.diarioimagen.net\/?p=244834"},"modified":"2015-11-30T01:13:49","modified_gmt":"2015-11-30T07:13:49","slug":"anaya-prepara-al-pan-para-ganar-el-2018","status":"publish","type":"post","link":"https:\/\/www.diarioimagen.net\/?p=244834","title":{"rendered":"Anaya prepara al PAN para ganar el 2018"},"content":{"rendered":"<h2>Tras la puerta del poder<\/h2>\n<h5>Roberto Vizca\u00edno<\/h5>\n<p>&nbsp;<\/p>\n<ul>\n<li><strong><em>El queretano reintegr\u00f3 a Felipe Calder\u00f3n a la c\u00fapula panista, de la que fue expulsado por Madero<\/em><\/strong><\/li>\n<li><strong><em>Margarita\u00a0Zavala qued\u00f3 integrada como una de las aspirantes a la candidatura del PAN a la Presidencia<\/em><\/strong><\/li>\n<li><strong><em>AMLO va camino a su tercera candidatura presidencial, rodeado de los suyos y con financiamiento oficial<\/em><\/strong><\/li>\n<\/ul>\n<p>&nbsp;<\/p>\n<div id=\"attachment_244933\" style=\"width: 430px\" class=\"wp-caption aligncenter\"><a href=\"http:\/\/www.diarioimagen.net\/?attachment_id=244933\" rel=\"attachment wp-att-244933\"><img loading=\"lazy\" decoding=\"async\" aria-describedby=\"caption-attachment-244933\" class=\"size-large wp-image-244933\" src=\"http:\/\/www.diarioimagen.net\/wp-content\/uploads\/2015\/11\/2018-MARAL-2750-420x226.jpg\" alt=\"2018... | Maral\" width=\"420\" height=\"226\" srcset=\"https:\/\/www.diarioimagen.net\/wp-content\/uploads\/2015\/11\/2018-MARAL-2750-420x226.jpg 420w, https:\/\/www.diarioimagen.net\/wp-content\/uploads\/2015\/11\/2018-MARAL-2750-240x129.jpg 240w, https:\/\/www.diarioimagen.net\/wp-content\/uploads\/2015\/11\/2018-MARAL-2750.jpg 1200w\" sizes=\"auto, (max-width: 420px) 100vw, 420px\" \/><\/a><p id=\"caption-attachment-244933\" class=\"wp-caption-text\">2018&#8230; | Maral<\/p><\/div>\n<p>&nbsp;<\/p>\n<p>Considerado por una gran mayor\u00eda de analistas y polit\u00f3logos como la promesa del nuevo conservadurismo mexicano, el queretano Ricardo Anaya (36 a\u00f1os de edad), dio el viernes pasado un nuevo y decisivo paso para acabar con las querellas y confrontaciones internas en el PAN, y preparar a este partido para ser una opci\u00f3n real de poder en el 2018.<\/p>\n<p>Y es que el fin de semana lleg\u00f3 a la 18 Asamblea Nacional Extraordinaria de Acci\u00f3n Nacional casi del brazo del ex presidente Felipe Calder\u00f3n, para luego encontrarse en el estrado con su padrino pol\u00edtico, el ahora diputado Gustavo Madero.<\/p>\n<p>Juntos, pero no revueltos, todos ellos hablaron de unidad y de futuro. Y permitieron que en enmarcados por una imagen impensada hasta ese viernes, con Calder\u00f3n de un lado y Madero del otro, Anaya pudiera hablar de poder ganar no s\u00f3lo las siguientes elecciones -las de 2016, 2017 y 2018-, sino de preparar a su partido para eliminar los vicios del PRI y del estatismo del reci\u00e9n nombrado presidente de Morena, Andr\u00e9s Manuel L\u00f3pez Obrador.<\/p>\n<p>\u201cPor el bien de M\u00e9xico, ni m\u00e1s pri\u00edsmo de los viejos vicios ni el estatismo depredador de L\u00f3pez Obrador\u201d, afirm\u00f3.<\/p>\n<p>Al hacer este pronunciamiento el joven queretano ten\u00eda detr\u00e1s a Margarita Zavala, aspirante abierta a la candidatura del PAN a la Presidencia de la Rep\u00fablica en 2018.<\/p>\n<p>Propiciado por \u00e9l, este reencuentro de la ex pareja presidencial con las estructuras de poder dentro del PAN, Anaya deja en claro que ampl\u00eda la baraja de aspirantes blanquiazules a Los Pinos, que hasta el pasado viernes s\u00f3lo ten\u00eda como apuntados al gobernador de Puebla, el ex pri\u00edsta Rafael Moreno Valle, a Gustavo Madero y a \u00e9l mismo.<\/p>\n<p>Con este paso, Anaya no s\u00f3lo avanza a dar fin a los conflictos internos -entre maderistas y calderonistas-, que han disminuido las posibilidades del PAN, sino que renueva y reencauza el juego interno.<\/p>\n<p>La unidad, apunt\u00f3, debe dejar atr\u00e1s la simulaci\u00f3n.<\/p>\n<p>\u201cLa divisi\u00f3n panista es la mejor receta para la derrota\u2026 necesitamos unidad en Acci\u00f3n Nacional. Como dice uno de los versos del gaucho Mart\u00edn Fierro: \u2018<em>Tengan uni\u00f3n verdadera en cualquier tiempo que sea, porque si entre ellos pelean, los devoran los de afuera<\/em>\u201d, enton\u00f3.<\/p>\n<p>El encuentro finsemanal que fue el pretexto para todo lo descrito antes, fue para avanzar en la creaci\u00f3n de la <strong>Comisi\u00f3n de Anticorrupci\u00f3n,<\/strong> que lidera el ex l\u00edder dirigente nacional del PAN y ex secretario particular de Felipe Calder\u00f3n, Felipe Bravo Mena.<\/p>\n<p style=\"text-align: center;\"><strong>NO SE VAYAN<\/strong><\/p>\n<p>En este contexto, el ex presidente Felipe Calder\u00f3n, quien hab\u00eda amenazado no s\u00f3lo con irse del PAN, sino impulsar la creaci\u00f3n de otro partido, dijo estar decidido a continuar no s\u00f3lo dentro del PAN sino a participar dentro de las acciones y decisiones pendientes de resolver al interior de este partido.<\/p>\n<p>Y convoc\u00f3 a los inconformes y decepcionados a quedarse como \u00e9l lo ha decidido.<\/p>\n<p>\u201cComo cualquier ciudadano tengo mis opciones pol\u00edticas y una opci\u00f3n pol\u00edtica por la que he decidido es el Partido Acci\u00f3n Nacional. Yo llamar\u00eda a muchos panistas que est\u00e1n decepcionados, que est\u00e1n agraviados a que no renuncien\u201d, exhort\u00f3.<\/p>\n<p>De entrada y ya reinstalado en la c\u00fapula panista, Calder\u00f3n -quien ha ocupado decenas de cargos internos hasta la misma presidencia del PAN-, dijo que es necesario depurar el padr\u00f3n interno.<\/p>\n<p>Y es necesario revisarlo y limpiarlo, dijo, porque \u201cest\u00e1 tocado, est\u00e1 alterado, est\u00e1 manipulado, lo que impide un ejercicio democr\u00e1tico como merece Acci\u00f3n Nacional\u201d. Ya metido en esta posici\u00f3n, el ex presidente exigi\u00f3 crear condiciones equitativas de competencia interna, tanto para ocupar las dirigencias del partido como para ser candidatos, a fin de reclutar y postular a los mejores ciudadanos.<\/p>\n<p>En cuanto a la propuesta del presidente del PRI, el sonorense Manlio Fabio Beltrones, de ir a una nueva reforma electoral, Calder\u00f3n consider\u00f3 que es necesaria.<\/p>\n<p>Indic\u00f3 que Beltrones tiene raz\u00f3n y que hay que ajustar las normas electorales a los tiempos de la sociedad y los partidos. Indic\u00f3 que asimismo es procedente la propuesta de Ricardo Anaya, de ir a esa reforma, siempre que se acepte la propuesta de la segunda vuelta electoral.<\/p>\n<p>\u201cHay dos posturas, una del propio dirigente del PRI, Manlio Fabio Beltrones, que estipula que no se abuse de los tiempos oficiales, por ejemplo Andr\u00e9s Manuel L\u00f3pez Obrador, creo que ha llegado ya o est\u00e1 por llegar al mill\u00f3n de spots personales, lo cual coloca una contienda totalmente inequitativa en favor de L\u00f3pez Obrador. Y creo que esto debe aplicarse al dirigente de Morena o al dirigente del PAN, del PRI.<\/p>\n<p>\u201cY segundo: tambi\u00e9n he visto la postura de Ricardo Anaya, que lo apoyo totalmente y s\u00e9 que en M\u00e9xico es fundamental crear una segunda vuelta. \u00bfPor qu\u00e9 raz\u00f3n? Porque el ciudadano est\u00e1 llegando a un momento que le genera una gran frustraci\u00f3n la vida democr\u00e1tica. No s\u00e9 por qu\u00e9 la ha evitado el PRI, me parece l\u00f3gico que el PRI le ha temido a la segunda vuelta porque sabe que es un partido rechazado\u201d, asever\u00f3.<\/p>\n<p>Reiter\u00f3 que est\u00e1 convencido de que su esposa Margarita Zavala pudiera ser la mejor candidata presidencial por el PAN en el 2018, porque, asegur\u00f3, es la mejor posicionada y la de mayores posibilidades para el partido.<\/p>\n<p>\u201cLa verdad es que Margarita es ahora, su margen pol\u00edtico es el mejor posicionado en el PAN para ese cargo, es una candidatura muy fresca, tiene una percepci\u00f3n muy positiva en la sociedad, es una persona honesta, eficiente y capaz\u201d, indic\u00f3.<\/p>\n<p style=\"text-align: center;\"><strong>POR ACLAMACI\u00d3N<\/strong><\/p>\n<p>Ese mismo viernes y sin necesitar entrar en votaci\u00f3n alguna, ya que fue postulado como candidato \u00fanico, Andr\u00e9s Manuel L\u00f3pez Obrador fue designado presidente del CEN de su partido Morena para el periodo 2015-2018.<\/p>\n<p>Desde ah\u00ed, y con un equipo de incondicionales, el tabasque\u00f1o definir\u00e1 sin restricciones ni opiniones m\u00e1s all\u00e1 que la suya, la estrategia electoral para 2016 y 2017 y as\u00ed avanzar en su propia postulaci\u00f3n para los comicios presidenciales de 2018.<\/p>\n<p>Bajo el principio de que, \u201cla tercera es la vencida\u201d y con los sondeos que lo ubican como el favorito a 3 a\u00f1os de esa contienda, L\u00f3pez Obrador propuso y le fue tambi\u00e9n de inmediato concedida la aprobaci\u00f3n de:<\/p>\n<p>Gabriel Garc\u00eda Hern\u00e1ndez, para la Secretar\u00eda de Organizaci\u00f3n (antes se desempe\u00f1aba como secretario T\u00e9cnico y Estructura Electoral),<\/p>\n<p>Alejandro Esquer, para la Secretar\u00eda de Finanzas (era secretario particular de AMLO y su brazo derecho en las elecciones de 2006 y 2012).<\/p>\n<p>C\u00e9sar Y\u00e1\u00f1ez, en Comunicaci\u00f3n.<\/p>\n<p>Los mil 958 congresistas asistentes y quienes lo eligieron por aclamaci\u00f3n -lo \u00a0que eso signifique-, designaron tambi\u00e9n a 200 integrantes del Consejo Nacional, \u00f3rgano que encabezar\u00e1 Bertha Luj\u00e1n.<\/p>\n<p>Entre los 200 consejeros nacionales quedan C\u00e9sar Y\u00e1\u00f1ez, Valentina Batres Guadarrama, Clara Brugada, H\u00e9ctor Vasconcelos, Luisa Mar\u00eda Alcalde Luj\u00e1n, Francisco Ignacio Taibo, Emilio Ulloa, Alejandro Esquer, Claudia Sheinbaum, entre otros, todos ellos del primer c\u00edrculo de AMLO.<\/p>\n<p>Todos los cargos electos estar\u00e1n vigentes hasta noviembre de 2018.<\/p>\n<p><em><a href=\"mailto:rvizcainoa@gmail.com\" target=\"_blank\">rvizcainoa@gmail.com<\/a><\/em><\/p>\n","protected":false},"excerpt":{"rendered":"<p><span style=\"color: #005497;\"><strong>Roberto Vizca\u00edno<\/strong><\/span><br \/>\n<br \/>\nConsiderado por una gran mayor\u00eda de analistas y polit\u00f3logos como la promesa del nuevo conservadurismo mexicano, el queretano Ricardo Anaya (36 a\u00f1os de edad), dio el viernes pasado un nuevo y decisivo paso para acabar con las querellas y confrontaciones internas en el PAN, y preparar a este partido para ser una opci\u00f3n real de poder en el 2018.<\/p>\n","protected":false},"author":3,"featured_media":244933,"comment_status":"open","ping_status":"open","sticky":false,"template":"","format":"standard","meta":{"_monsterinsights_skip_tracking":false,"_monsterinsights_sitenote_active":false,"_monsterinsights_sitenote_note":"","_monsterinsights_sitenote_category":0,"footnotes":""},"categories":[136],"tags":[43674,93,94],"class_list":["post-244834","post","type-post","status-publish","format-standard","has-post-thumbnail","hentry","category-roberto-vizcaino-opinion","tag-opinion","tag-roberto-vizcaino","tag-tras-la-puerta-del-poder"],"_links":{"self":[{"href":"https:\/\/www.diarioimagen.net\/index.php?rest_route=\/wp\/v2\/posts\/244834","targetHints":{"allow":["GET"]}}],"collection":[{"href":"https:\/\/www.diarioimagen.net\/index.php?rest_route=\/wp\/v2\/posts"}],"about":[{"href":"https:\/\/www.diarioimagen.net\/index.php?rest_route=\/wp\/v2\/types\/post"}],"author":[{"embeddable":true,"href":"https:\/\/www.diarioimagen.net\/index.php?rest_route=\/wp\/v2\/users\/3"}],"replies":[{"embeddable":true,"href":"https:\/\/www.diarioimagen.net\/index.php?rest_route=%2Fwp%2Fv2%2Fcomments&post=244834"}],"version-history":[{"count":0,"href":"https:\/\/www.diarioimagen.net\/index.php?rest_route=\/wp\/v2\/posts\/244834\/revisions"}],"wp:featuredmedia":[{"embeddable":true,"href":"https:\/\/www.diarioimagen.net\/index.php?rest_route=\/wp\/v2\/media\/244933"}],"wp:attachment":[{"href":"https:\/\/www.diarioimagen.net\/index.php?rest_route=%2Fwp%2Fv2%2Fmedia&parent=244834"}],"wp:term":[{"taxonomy":"category","embeddable":true,"href":"https:\/\/www.diarioimagen.net\/index.php?rest_route=%2Fwp%2Fv2%2Fcategories&post=244834"},{"taxonomy":"post_tag","embeddable":true,"href":"https:\/\/www.diarioimagen.net\/index.php?rest_route=%2Fwp%2Fv2%2Ftags&post=244834"}],"curies":[{"name":"wp","href":"https:\/\/api.w.org\/{rel}","templated":true}]}}