{"id":244949,"date":"2015-11-27T14:30:30","date_gmt":"2015-11-27T20:30:30","guid":{"rendered":"http:\/\/www.diarioimagen.net\/?p=244949"},"modified":"2015-11-29T23:39:08","modified_gmt":"2015-11-30T05:39:08","slug":"eruviel-avila-y-rosario-robles-firman-convenios-en-favor-de-familias-mexiquenses","status":"publish","type":"post","link":"https:\/\/www.diarioimagen.net\/?p=244949","title":{"rendered":"Eruviel \u00c1vila y Rosario Robles firman convenios en favor de familias mexiquenses"},"content":{"rendered":"<div id=\"attachment_244950\" style=\"width: 430px\" class=\"wp-caption aligncenter\"><a href=\"http:\/\/www.diarioimagen.net\/?attachment_id=244950\" rel=\"attachment wp-att-244950\"><img loading=\"lazy\" decoding=\"async\" aria-describedby=\"caption-attachment-244950\" class=\"size-large wp-image-244950\" src=\"http:\/\/www.diarioimagen.net\/wp-content\/uploads\/2015\/11\/eruviel-rosario-2750-420x280.jpg\" alt=\"El gobernador del Estado de M\u00e9xico, Eruviel \u00c1vila, con la secretaria de Desarrollo Agrario, Territorial y Urbano, durante la firma del convenio de colaboraci\u00f3n con Infonavit.\" width=\"420\" height=\"280\" srcset=\"https:\/\/www.diarioimagen.net\/wp-content\/uploads\/2015\/11\/eruviel-rosario-2750-420x280.jpg 420w, https:\/\/www.diarioimagen.net\/wp-content\/uploads\/2015\/11\/eruviel-rosario-2750-240x160.jpg 240w, https:\/\/www.diarioimagen.net\/wp-content\/uploads\/2015\/11\/eruviel-rosario-2750.jpg 1200w\" sizes=\"auto, (max-width: 420px) 100vw, 420px\" \/><\/a><p id=\"caption-attachment-244950\" class=\"wp-caption-text\">El gobernador del Estado de M\u00e9xico, Eruviel \u00c1vila, con la secretaria de Desarrollo Agrario, Territorial y Urbano, durante la firma del convenio de colaboraci\u00f3n con Infonavit.<\/p><\/div>\n<p>&nbsp;<\/p>\n<p>El gobernador Eruviel \u00c1vila Villegas, junto con la secretaria de Desarrollo Agrario, Territorial y Urbano, Rosario Robles Berlanga y el director general del Instituto del Fondo Nacional de la Vivienda para los Trabajadores (Infonavit), Alejandro Murat Hinojosa firmaron dos convenios de colaboraci\u00f3n con la finalidad de otorgar cr\u00e9ditos para vivienda a personas cuya actividad laboral se encuentra en el sector informal, as\u00ed como a servidores p\u00fablicos mexiquenses de la Comisi\u00f3n Estatal de Seguridad Ciudadana (CES), de la Procuradur\u00eda General de Justicia del Estado de M\u00e9xico (PGJEM), del Sistema para el Desarrollo Integral de la Familia estatal y funcionarios que padecen alguna discapacidad.<\/p>\n<p>\u201cHoy, esta pol\u00edtica de vivienda cobra vigencia con acciones concretas, con estos dos importantes convenios. Con la participaci\u00f3n, con el apoyo de la Sedatu, de Infonavit, por instrucciones del presidente Pe\u00f1a Nieto, habr\u00e1 de darse cr\u00e9dito a servidores p\u00fablicos que sirven a la polic\u00eda estatal, a la Comisi\u00f3n de Seguridad Ciudadana, a la Procuradur\u00eda del Estado de M\u00e9xico, al DIF, a compa\u00f1eros servidores p\u00fablicos con alguna discapacidad.<\/p>\n<p>\u201cOtro convenio muy importante que hemos firmado esta ma\u00f1ana y que habr\u00e1 de repercutir y habr\u00e1 de incidir claramente en la vida, en la calidad de vida de los mexiquenses, y somos, qu\u00e9 orgullo, el primer estado que se incorpora, gracias al apoyo del presidente Pe\u00f1a Nieto en este programa, es al cr\u00e9dito que podr\u00e1n recibir aquellos personas que trabajan por ejemplo en los tianguis, en los mercados, tal vez en el taxi y que hoy se encuentran en el sector de la informalidad\u201d, expres\u00f3.<\/p>\n<p>En el Sal\u00f3n del Pueblo de Palacio de Gobierno, Eruviel \u00c1vila explic\u00f3 que en una primera etapa los cr\u00e9ditos se otorgar\u00e1n a mil funcionarios p\u00fablicos estatales que no eran candidatos para obtenerlos, y subray\u00f3 que en el caso de los cr\u00e9ditos a personas que se encuentran en la informalidad, el Estado de M\u00e9xico es la primera entidad en establecer un acuerdo de este tipo a nivel nacional, ya que la intenci\u00f3n es generar alternativas para que cada vez m\u00e1s personas tengan acceso a una vivienda digna, donde puedan tener un pleno desarrollo personal y familiar.<\/p>\n<p>El gobernador tambi\u00e9n instruy\u00f3 a la Secretar\u00eda de Desarrollo Urbano y Metropolitano estatal, a iniciar un programa de liberaci\u00f3n de hipotecas, escrituraci\u00f3n y con ello brindar mayor seguridad jur\u00eddica a los mexiquenses.<\/p>\n<p>Inform\u00f3 que el gobierno del estado aporta 30 millones de pesos para el otorgamiento de estos cr\u00e9ditos y explic\u00f3 que \u00e9stos se entregar\u00e1n de forma sencilla en las delegaciones del Infonavit, en los valles de M\u00e9xico y Toluca, adem\u00e1s de que se acercar\u00e1n m\u00f3dulos de informaci\u00f3n a otras regiones, para que el mayor n\u00famero de servidores p\u00fablicos se beneficien con este programa.<\/p>\n<p>Asimismo, en su car\u00e1cter de presidente de la Conferencia Nacional de Gobernadores (Conago), Eruviel \u00c1vila se comprometi\u00f3 a propiciar el di\u00e1logo para que las entidades federativas del pa\u00eds, junto con los municipios, colaboren para alcanzar el prop\u00f3sito de otorgar viviendas dignas a los mexicanos e impulsar la regularizaci\u00f3n de la tenencia de la tierra, mediante la eliminaci\u00f3n de requisitos y tr\u00e1mites burocr\u00e1ticos, a la par de subsidiar el pago de derechos y otros impuestos.<\/p>\n<p>En la firma de los acuerdos, que tambi\u00e9n sign\u00f3 Fernando Abusaid Quinard, presidente de la C\u00e1mara Nacional de la Industria de Desarrollo y Promoci\u00f3n de Vivienda, la secretaria Rosario Robles explic\u00f3 que la entrega de estos cr\u00e9ditos servir\u00e1 para que las familias beneficiarias tengan un hogar cercano a sus lugares de trabajo, adem\u00e1s que cada casa cuenta con al menos dos habitaciones, lo que evita el hacinamiento y la generaci\u00f3n de problemas intrafamiliares.<\/p>\n<p>A su vez, el director general del Infonavit, Alejandro Murat, destac\u00f3 que a trav\u00e9s de la firma de este acuerdo, una vez m\u00e1s el Edomex marca la pauta\u00a0 en el pa\u00eds, y reconoce el esfuerzo de hombres y mujeres que hacen un esfuerzo por el desarrollo nacional.<\/p>\n","protected":false},"excerpt":{"rendered":"<p>El gobernador Eruviel \u00c1vila Villegas, junto con la secretaria de Desarrollo Agrario, Territorial y Urbano, Rosario Robles Berlanga y el director general del Instituto del Fondo Nacional de la Vivienda para los Trabajadores (Infonavit), Alejandro Murat Hinojosa firmaron dos convenios de colaboraci\u00f3n con la finalidad de otorgar cr\u00e9ditos para vivienda a personas cuya actividad laboral se encuentra en el sector informal, as\u00ed como a servidores p\u00fablicos mexiquenses de la Comisi\u00f3n Estatal de Seguridad Ciudadana (CES), de la Procuradur\u00eda General de Justicia del Estado de M\u00e9xico (PGJEM), del Sistema para el Desarrollo Integral de la Familia estatal y funcionarios que padecen alguna discapacidad.<\/p>\n","protected":false},"author":1,"featured_media":244950,"comment_status":"open","ping_status":"open","sticky":false,"template":"","format":"standard","meta":{"_monsterinsights_skip_tracking":false,"_monsterinsights_sitenote_active":false,"_monsterinsights_sitenote_note":"","_monsterinsights_sitenote_category":0,"footnotes":""},"categories":[5],"tags":[394,5828,43675,2851,2019,46787],"class_list":["post-244949","post","type-post","status-publish","format-standard","has-post-thumbnail","hentry","category-estado-de-mexico","tag-difem","tag-eruviel-avila-villegas","tag-estado-de-mexico","tag-infonavit","tag-pgjem","tag-rosario-robles"],"_links":{"self":[{"href":"https:\/\/www.diarioimagen.net\/index.php?rest_route=\/wp\/v2\/posts\/244949","targetHints":{"allow":["GET"]}}],"collection":[{"href":"https:\/\/www.diarioimagen.net\/index.php?rest_route=\/wp\/v2\/posts"}],"about":[{"href":"https:\/\/www.diarioimagen.net\/index.php?rest_route=\/wp\/v2\/types\/post"}],"author":[{"embeddable":true,"href":"https:\/\/www.diarioimagen.net\/index.php?rest_route=\/wp\/v2\/users\/1"}],"replies":[{"embeddable":true,"href":"https:\/\/www.diarioimagen.net\/index.php?rest_route=%2Fwp%2Fv2%2Fcomments&post=244949"}],"version-history":[{"count":0,"href":"https:\/\/www.diarioimagen.net\/index.php?rest_route=\/wp\/v2\/posts\/244949\/revisions"}],"wp:featuredmedia":[{"embeddable":true,"href":"https:\/\/www.diarioimagen.net\/index.php?rest_route=\/wp\/v2\/media\/244950"}],"wp:attachment":[{"href":"https:\/\/www.diarioimagen.net\/index.php?rest_route=%2Fwp%2Fv2%2Fmedia&parent=244949"}],"wp:term":[{"taxonomy":"category","embeddable":true,"href":"https:\/\/www.diarioimagen.net\/index.php?rest_route=%2Fwp%2Fv2%2Fcategories&post=244949"},{"taxonomy":"post_tag","embeddable":true,"href":"https:\/\/www.diarioimagen.net\/index.php?rest_route=%2Fwp%2Fv2%2Ftags&post=244949"}],"curies":[{"name":"wp","href":"https:\/\/api.w.org\/{rel}","templated":true}]}}