{"id":244965,"date":"2015-11-30T00:06:30","date_gmt":"2015-11-30T06:06:30","guid":{"rendered":"http:\/\/www.diarioimagen.net\/?p=244965"},"modified":"2015-12-01T00:19:33","modified_gmt":"2015-12-01T06:19:33","slug":"pena-nieto-rinde-homenaje-a-mexicanas-fallecidas-en-ataque-terrorista","status":"publish","type":"post","link":"https:\/\/www.diarioimagen.net\/?p=244965","title":{"rendered":"EPN rinde homenaje a mexicanas fallecidas en atentado de Par\u00eds"},"content":{"rendered":"<ul>\n<li><strong><em>Visita de Estado<\/em><\/strong><\/li>\n<\/ul>\n<p>&nbsp;<\/p>\n<div id=\"attachment_244966\" style=\"width: 430px\" class=\"wp-caption aligncenter\"><a href=\"http:\/\/www.diarioimagen.net\/?attachment_id=244966\" rel=\"attachment wp-att-244966\"><img loading=\"lazy\" decoding=\"async\" aria-describedby=\"caption-attachment-244966\" class=\"wp-image-244966 size-large\" src=\"http:\/\/www.diarioimagen.net\/wp-content\/uploads\/2015\/11\/PE\u00d1A-portal9-420x245.jpg\" alt=\"Enrique Pe\u00f1a Nieto rindi\u00f3 un homenaje p\u00f3stumo a las dos mexicanas que fallecieron en los atentados del pasado 13 de noviembre en Par\u00eds.\" width=\"420\" height=\"245\" srcset=\"https:\/\/www.diarioimagen.net\/wp-content\/uploads\/2015\/11\/PE\u00d1A-portal9-420x245.jpg 420w, https:\/\/www.diarioimagen.net\/wp-content\/uploads\/2015\/11\/PE\u00d1A-portal9-240x140.jpg 240w, https:\/\/www.diarioimagen.net\/wp-content\/uploads\/2015\/11\/PE\u00d1A-portal9.jpg 480w\" sizes=\"auto, (max-width: 420px) 100vw, 420px\" \/><\/a><p id=\"caption-attachment-244966\" class=\"wp-caption-text\">Enrique Pe\u00f1a Nieto rindi\u00f3 un homenaje p\u00f3stumo a las dos mexicanas que fallecieron en los atentados del pasado 13 de noviembre en Par\u00eds.<\/p><\/div>\n<p>&nbsp;<\/p>\n<p>Tras su arribo a Par\u00eds, Francia, la primera actividad del presidente Enrique Pe\u00f1a Nieto fue rendir un homenaje p\u00f3stumo a las dos mexicanas que fallecieron en los atentados terroristas ocurridos el pasado 13 de noviembre en esa ciudad.<\/p>\n<p>En la embajada de M\u00e9xico, el primer mandatario guard\u00f3 un minuto de silencio en memoria de Michelli Gil J\u00e1imez y Noem\u00ed Gonz\u00e1lez Villanueva, connacionales que perdieron la vida en los ataques perpetrados por integrantes del grupo yihadista Estado Isl\u00e1mico.<\/p>\n<p>Pe\u00f1a Nieto escribi\u00f3 un pensamiento en los libros de condolencias que ser\u00e1n entregados a las familias de las v\u00edctimas de los hechos en los que murieron al menos 129 personas.<\/p>\n<p>El jefe del Ejecutivo federal estuvo acompa\u00f1ado por los secretarios de Medio Ambiente, Rafael Pacchiano Alam\u00e1n; de Desarrollo, Agrario, Territorial y Urbano, Rosario Robles, y por el vocero de la Presidencia de la Rep\u00fablica, Eduardo S\u00e1nchez.<\/p>\n<p>El Presidente se encuentra en Par\u00eds para participar en la Conferencia de las Naciones Unidas sobre Cambio Clim\u00e1tico (COP21) que ser\u00e1 encabezada por el presidente franc\u00e9s, Fran\u00e7ois Hollande, y el secretario general de la Organizaci\u00f3n de las Naciones Unidas, Ban Ki-moon, que iniciar\u00e1 este lunes.<\/p>\n<p style=\"text-align: center;\"><strong>Asisten 150 jefes de Estado a cumbre clim\u00e1tica en Par\u00eds<\/strong><\/p>\n<p>Alrededor de 150 jefes de Estado y de gobierno asisten hoy en Par\u00eds a la inauguraci\u00f3n de la Cumbre Mundial de la ONU sobre Cambio Clim\u00e1tico (COP21), que se celebrar\u00e1 en la capital francesa, que ha desplegado dr\u00e1sticas medidas de seguridad.<\/p>\n<p>De acuerdo a fuentes de la canciller\u00eda francesa, un total de 147 l\u00edderes mundiales, entre ellos el presidente de Estados Unidos, Barack Obama, que asistir\u00e1 a la jornada inaugural hoy, ya confirmaron su participaci\u00f3n en la reuni\u00f3n.<\/p>\n<p>Se trata de la mayor cifra de jefes de Estado que Par\u00eds, una ciudad acostumbrada a organizar grandes citas internacionales, haya recibido en toda su historia, de acuerdo a fuentes del gobierno galo.<\/p>\n<p>Debido a la cercan\u00eda de los atentados de Par\u00eds de hace dos semanas el gobierno galo ha desplegado un dispositivo de seguridad sin precedentes para proteger a los asistentes.<\/p>\n<p>En torno al centro que acoge la cumbre, ubicado en las proximidades del aeropuerto privado de Le Bourget, norte de Par\u00eds, se desplegaron 2 mil 800 agentes de polic\u00eda y en las fronteras francesas varios miles m\u00e1s.<\/p>\n<p>La Prefectura de Polic\u00eda de Par\u00eds pidi\u00f3 a los parisinos abstenerse de usar los transportes p\u00fablicos, gratuitos hoy y ma\u00f1ana, o sus veh\u00edculos particulares, debido a los congestionamientoss previstos por la llegada de las delegaciones.<\/p>\n<p>Hoy lunes varias de las entradas y salidas por carretera de la capital permanecer\u00e1n cerradas desde primeras horas del d\u00eda debido a la cumbre.<\/p>\n<p>La tarde de ayer domingo comenzaron a llegar algunos de los l\u00edderes mundiales que asistir\u00e1n hoy a la inauguraci\u00f3n del evento, que comenzar\u00e1 con un discurso del presidente franc\u00e9s, Fran\u00e7ois Hollande.<\/p>\n","protected":false},"excerpt":{"rendered":"<p>Tras su arribo a Par\u00eds, Francia, la primera actividad del presidente Enrique Pe\u00f1a Nieto fue rendir un homenaje p\u00f3stumo a las dos mexicanas que fallecieron en los atentados terroristas ocurridos el pasado 13 de noviembre en esa ciudad.<\/p>\n","protected":false},"author":5,"featured_media":244966,"comment_status":"open","ping_status":"open","sticky":false,"template":"","format":"standard","meta":{"_monsterinsights_skip_tracking":false,"_monsterinsights_sitenote_active":false,"_monsterinsights_sitenote_note":"","_monsterinsights_sitenote_category":0,"footnotes":""},"categories":[3],"tags":[46338,18,22932,43679,43673,1264,34183],"class_list":["post-244965","post","type-post","status-publish","format-standard","has-post-thumbnail","hentry","category-nacional","tag-atentados","tag-enrique-pena-nieto","tag-homenaje","tag-mundo","tag-nacional","tag-paris","tag-visita-de-estado"],"_links":{"self":[{"href":"https:\/\/www.diarioimagen.net\/index.php?rest_route=\/wp\/v2\/posts\/244965","targetHints":{"allow":["GET"]}}],"collection":[{"href":"https:\/\/www.diarioimagen.net\/index.php?rest_route=\/wp\/v2\/posts"}],"about":[{"href":"https:\/\/www.diarioimagen.net\/index.php?rest_route=\/wp\/v2\/types\/post"}],"author":[{"embeddable":true,"href":"https:\/\/www.diarioimagen.net\/index.php?rest_route=\/wp\/v2\/users\/5"}],"replies":[{"embeddable":true,"href":"https:\/\/www.diarioimagen.net\/index.php?rest_route=%2Fwp%2Fv2%2Fcomments&post=244965"}],"version-history":[{"count":0,"href":"https:\/\/www.diarioimagen.net\/index.php?rest_route=\/wp\/v2\/posts\/244965\/revisions"}],"wp:featuredmedia":[{"embeddable":true,"href":"https:\/\/www.diarioimagen.net\/index.php?rest_route=\/wp\/v2\/media\/244966"}],"wp:attachment":[{"href":"https:\/\/www.diarioimagen.net\/index.php?rest_route=%2Fwp%2Fv2%2Fmedia&parent=244965"}],"wp:term":[{"taxonomy":"category","embeddable":true,"href":"https:\/\/www.diarioimagen.net\/index.php?rest_route=%2Fwp%2Fv2%2Fcategories&post=244965"},{"taxonomy":"post_tag","embeddable":true,"href":"https:\/\/www.diarioimagen.net\/index.php?rest_route=%2Fwp%2Fv2%2Ftags&post=244965"}],"curies":[{"name":"wp","href":"https:\/\/api.w.org\/{rel}","templated":true}]}}