{"id":244994,"date":"2015-11-29T23:45:04","date_gmt":"2015-11-30T05:45:04","guid":{"rendered":"http:\/\/www.diarioimagen.net\/?p=244994"},"modified":"2015-11-30T01:53:59","modified_gmt":"2015-11-30T07:53:59","slug":"memorable-concierto-de-pearl-jam-en-el-foro-sol","status":"publish","type":"post","link":"https:\/\/www.diarioimagen.net\/?p=244994","title":{"rendered":"Memorable concierto de Pearl Jam en el Foro Sol"},"content":{"rendered":"<ul>\n<li><strong><em>Extasiados 62 mil 400 fans que cantaron y bailaron contentos y felices una dosis de buen rock<\/em><\/strong><\/li>\n<\/ul>\n<h6>Asal Grande<\/h6>\n<p>&nbsp;<\/p>\n<div id=\"attachment_244995\" style=\"width: 430px\" class=\"wp-caption aligncenter\"><a href=\"http:\/\/www.diarioimagen.net\/?attachment_id=244995\" rel=\"attachment wp-att-244995\"><img loading=\"lazy\" decoding=\"async\" aria-describedby=\"caption-attachment-244995\" class=\"wp-image-244995 size-large\" src=\"http:\/\/www.diarioimagen.net\/wp-content\/uploads\/2015\/11\/pearl-jam-portal-420x245.jpg\" alt=\"La presentaci\u00f3n de la banda Seattle, la m\u00e1s representativa del movimiento &quot;grunge&quot; que se gener\u00f3 en aquella ciudad en la d\u00e9cada de los a\u00f1os 90 del siglo pasado, integr\u00f3 31 canciones, entre ellas algunas de su disco &quot;Lightning Bolt&quot;. Fotos: Chino Lemus\/OCesa\" width=\"420\" height=\"245\" srcset=\"https:\/\/www.diarioimagen.net\/wp-content\/uploads\/2015\/11\/pearl-jam-portal-420x245.jpg 420w, https:\/\/www.diarioimagen.net\/wp-content\/uploads\/2015\/11\/pearl-jam-portal-240x140.jpg 240w, https:\/\/www.diarioimagen.net\/wp-content\/uploads\/2015\/11\/pearl-jam-portal.jpg 480w\" sizes=\"auto, (max-width: 420px) 100vw, 420px\" \/><\/a><p id=\"caption-attachment-244995\" class=\"wp-caption-text\">Pearl Jam cerr\u00f3 su gira por Latinoam\u00e9rica con un concierto de casi tres horas en la ciudad de M\u00e9xico, el cual dedicaron a las v\u00edctimas de los atentados del 13 de noviembre en Par\u00eds. (Foto: Chino Lemus\/Ocesa).<\/p><\/div>\n<p><strong>\u00a0<\/strong><\/p>\n<p>&nbsp;<\/p>\n<p>La agrupaci\u00f3n de grunge y rock progresivo Pearl Jam (integrado por Eddie Vedder, voz, guitarra, arm\u00f3nica, ukelele; Mike McCready, guitarrista; Stone Gossard, guitarra r\u00edtmica; Jeff Ament, bajo el\u00e9ctrico; Matt Cameron, bater\u00eda y Kenneth Boom Gaspar, teclados) regresaron a nuestro pa\u00eds , como parte de su gira por Latinoam\u00e9rica, y lo hicieron con creces en el escenario del Foro Sol.<\/p>\n<p>Fue en punto de las 20:50 hrs en las que los originarios de Seattle, Estados Unidos, salieron al escenario para comenzar la extraordinaria noche con Pendulum, Release, Elderly woman behind the counter in a small town y Why go. Eddie Vedder demostr\u00f3 durante las dos horas cuarenta minutos del concierto que, despu\u00e9s de veinte a\u00f1os, tiene la voz intacta, fue muy generoso con sus palabras en espa\u00f1ol: \u201cHola, M\u00e9xico!, estamos a muy gusto, lo mejor es que ustedes igual, \u00bfC\u00f3mo est\u00e1n?, bienvenidos a la \u00faltima noche del tour, estamos felices de tocar aqu\u00ed, \u00bfest\u00e1n todos bien? Aqu\u00ed vamos!\u201d, fueron sus palabras de bienvenida, ante un escenario conformado por el logo central del \u00e1lbum Lightning Bolt, figuras que simulaban unos rayos e im\u00e1genes en dos pantallas laterales. La velada continu\u00f3 con <em>Mind your manners, Do the evolution, Breakfall, Corduroy, y Garden<\/em>. No pod\u00edan faltar las cl\u00e1sicas <em>Even flow y Daughter<\/em>, para dar paso a un homenaje a los ca\u00eddos en Par\u00eds, Francia al interpretar <em>I want yo so hard (cover de Eagles of Death Metal<\/em>).<\/p>\n<p>La lista de las canciones que Pear Jam toc\u00f3 abord\u00f3 generosamente su discograf\u00eda, la banda no tuvo que conquistar al p\u00fablico porque es sabido que son una banda de culto, sin embargo reforzaron el cari\u00f1o que muchos de sus fans mexicanos han cosechado. <em>Sirens, Given to fly, You are, Lightning bolt y Reaviewmirror<\/em> fueron las siguientes en sonar. Despu\u00e9s del encor\u00e9, sonaron los acordes de <em>Throw your arms around me (Hunters &amp; Collectors cover) y Sleeping by myself<\/em>.<\/p>\n<p>Sumado a la solidaridad por los atentados terroristas en Par\u00eds, Vedder manifest\u00f3: \u201cdespu\u00e9s de los ataques en Par\u00eds sentimos que esta canci\u00f3n ten\u00eda que ser tocada, enciendan sus celulares y cantemos en memoria de las v\u00edctimas\u201d, para cantar al un\u00edsono con sus fans el tema <em>Imagine<\/em> de Lennon, canci\u00f3n en la que lucieron las luces de los celulares de los asistentes. \u201cLa felicidad es un desaf\u00edo\u201d, recalc\u00f3 Eddie Vedder. Otro cover que son\u00f3 fue <em>Comfortably numb<\/em> (Pink Floyd), \u201cde mi amigo Roger Waters\u201d, dijo Eddie.<\/p>\n<p>Antes del segundo Encore, siguieron las cl\u00e1sicas <em>Animal, Save you, Faithfull, Black y Porch<\/em>, canciones que fueron parte de la gran producci\u00f3n de estos gigantes de Seattle, una decena de c\u00e1maras registraban en vivo todo tipo de detalles en las reacciones el grupo, como cuando Vedder (quien adem\u00e1s bajo del escenario a cantarle a sus fans, y recibi\u00f3 una bandera mexicana) mir\u00f3 a sus compa\u00f1eros de banda al escuchar el coro. \u201coh, eh!, oh, eh!, Pearl Jam!, Pearl Jam!\u201d.<\/p>\n<p>El cierre del concierto se acercaba, y las 62 mil 400 personas que se citaron en el Foro Sol bailaron contentos y felices una dosis de buen rock &amp; roll con Last kiss (cover de Wayne Cochran), Jeremy, Better man, Alive y Rockin\u2019 in the free world (Neil Young cover), esta \u00faltima con las luces del Foro Sol encendidas y la alegr\u00eda visible de parte del p\u00fablico, quien no par\u00f3 de aventar vasos en son de paz, y brincar al m\u00e1ximo. <em>Yeloww ledbetter<\/em> cerr\u00f3 la memorable noche de Pearl Jam, quienes ofrecieron m\u00e1s que un concierto de rock, un show completo de m\u00e1s de dos horas, demostrando que el grunge sigue vivo.<\/p>\n","protected":false},"excerpt":{"rendered":"<p>La agrupaci\u00f3n de grunge y rock progresivo Pearl Jam (integrado por Eddie Vedder, voz, guitarra, arm\u00f3nica, ukelele; Mike McCready, guitarrista; Stone Gossard, guitarra r\u00edtmica; Jeff Ament, bajo el\u00e9ctrico; Matt Cameron, bater\u00eda y Kenneth Boom Gaspar, teclados) regresaron a nuestro pa\u00eds , como parte de su gira por Latinoam\u00e9rica, y lo hicieron con creces en el escenario del Foro Sol.<\/p>\n","protected":false},"author":5,"featured_media":244995,"comment_status":"open","ping_status":"open","sticky":false,"template":"","format":"standard","meta":{"_monsterinsights_skip_tracking":false,"_monsterinsights_sitenote_active":false,"_monsterinsights_sitenote_note":"","_monsterinsights_sitenote_category":0,"footnotes":""},"categories":[17,12],"tags":[43682,2299],"class_list":["post-244994","post","type-post","status-publish","format-standard","has-post-thumbnail","hentry","category-especiales","category-espectaculos","tag-espectaculos","tag-foro-sol"],"_links":{"self":[{"href":"https:\/\/www.diarioimagen.net\/index.php?rest_route=\/wp\/v2\/posts\/244994","targetHints":{"allow":["GET"]}}],"collection":[{"href":"https:\/\/www.diarioimagen.net\/index.php?rest_route=\/wp\/v2\/posts"}],"about":[{"href":"https:\/\/www.diarioimagen.net\/index.php?rest_route=\/wp\/v2\/types\/post"}],"author":[{"embeddable":true,"href":"https:\/\/www.diarioimagen.net\/index.php?rest_route=\/wp\/v2\/users\/5"}],"replies":[{"embeddable":true,"href":"https:\/\/www.diarioimagen.net\/index.php?rest_route=%2Fwp%2Fv2%2Fcomments&post=244994"}],"version-history":[{"count":0,"href":"https:\/\/www.diarioimagen.net\/index.php?rest_route=\/wp\/v2\/posts\/244994\/revisions"}],"wp:featuredmedia":[{"embeddable":true,"href":"https:\/\/www.diarioimagen.net\/index.php?rest_route=\/wp\/v2\/media\/244995"}],"wp:attachment":[{"href":"https:\/\/www.diarioimagen.net\/index.php?rest_route=%2Fwp%2Fv2%2Fmedia&parent=244994"}],"wp:term":[{"taxonomy":"category","embeddable":true,"href":"https:\/\/www.diarioimagen.net\/index.php?rest_route=%2Fwp%2Fv2%2Fcategories&post=244994"},{"taxonomy":"post_tag","embeddable":true,"href":"https:\/\/www.diarioimagen.net\/index.php?rest_route=%2Fwp%2Fv2%2Ftags&post=244994"}],"curies":[{"name":"wp","href":"https:\/\/api.w.org\/{rel}","templated":true}]}}