{"id":245009,"date":"2015-11-30T00:05:02","date_gmt":"2015-11-30T06:05:02","guid":{"rendered":"http:\/\/www.diarioimagen.net\/?p=245009"},"modified":"2015-12-01T00:19:29","modified_gmt":"2015-12-01T06:19:29","slug":"edomex-y-chiapas-estrechan-lazos","status":"publish","type":"post","link":"https:\/\/www.diarioimagen.net\/?p=245009","title":{"rendered":"Edomex y Chiapas estrechan lazos"},"content":{"rendered":"<h2>Arco Norte<\/h2>\n<h5>Jos\u00e9 Luis Monta\u00f1ez Aguilar<\/h5>\n<p>&nbsp;<\/p>\n<div id=\"attachment_245056\" style=\"width: 430px\" class=\"wp-caption aligncenter\"><a href=\"http:\/\/www.diarioimagen.net\/?attachment_id=245056\" rel=\"attachment wp-att-245056\"><img loading=\"lazy\" decoding=\"async\" aria-describedby=\"caption-attachment-245056\" class=\"size-large wp-image-245056\" src=\"http:\/\/www.diarioimagen.net\/wp-content\/uploads\/2015\/11\/arco-2751-420x236.jpg\" alt=\"Eruviel \u00c1vila, en el arranque de la Feria Chiapas 2015.\" width=\"420\" height=\"236\" srcset=\"https:\/\/www.diarioimagen.net\/wp-content\/uploads\/2015\/11\/arco-2751-420x236.jpg 420w, https:\/\/www.diarioimagen.net\/wp-content\/uploads\/2015\/11\/arco-2751-240x135.jpg 240w, https:\/\/www.diarioimagen.net\/wp-content\/uploads\/2015\/11\/arco-2751-480x270.jpg 480w, https:\/\/www.diarioimagen.net\/wp-content\/uploads\/2015\/11\/arco-2751-235x132.jpg 235w, https:\/\/www.diarioimagen.net\/wp-content\/uploads\/2015\/11\/arco-2751-202x114.jpg 202w, https:\/\/www.diarioimagen.net\/wp-content\/uploads\/2015\/11\/arco-2751-350x196.jpg 350w, https:\/\/www.diarioimagen.net\/wp-content\/uploads\/2015\/11\/arco-2751-220x123.jpg 220w, https:\/\/www.diarioimagen.net\/wp-content\/uploads\/2015\/11\/arco-2751-237x132.jpg 237w, https:\/\/www.diarioimagen.net\/wp-content\/uploads\/2015\/11\/arco-2751.jpg 1200w\" sizes=\"auto, (max-width: 420px) 100vw, 420px\" \/><\/a><p id=\"caption-attachment-245056\" class=\"wp-caption-text\">Eruviel \u00c1vila, en el arranque de la Feria Chiapas 2015.<\/p><\/div>\n<p>&nbsp;<\/p>\n<p>Eruviel \u00c1vila Villegas y Manuel Velasco Coello firmaron convenios de hermanamiento entre el Estado de M\u00e9xico y Chiapas, con la finalidad de intercambiar experiencias exitosas en turismo, cultura, comercio y desarrollo agropecuario.<\/p>\n<p>El gobernador del Estado de M\u00e9xico consider\u00f3 que se tiene que aprender mucho de Chiapas y lo que se pueda compartir del Edomex para esta entidad, se aportar\u00e1 en este hermanamiento hist\u00f3rico. En el marco de la inauguraci\u00f3n de la Feria de Chiapas 2015, en la que el Estado de M\u00e9xico acude como invitado especial, el gobernador mexiquense recibi\u00f3 del presidente municipal de Tuxtla Guti\u00e9rrez, Fernando Castellanos Cal, las llaves de la ciudad y un pergamino de hu\u00e9sped distinguido.<\/p>\n<p>Por su parte, el gobernador de Chiapas, Manuel Velasco Coello, reconoci\u00f3 las riquezas culturales y naturales con las que cuenta la entidad mexiquense, y asegur\u00f3 que las firmas de dichos convenios traer\u00e1n beneficios para los habitantes, no s\u00f3lo de ambos estados, sino de todo el pa\u00eds.<\/p>\n<p>En el pabell\u00f3n Estado de M\u00e9xico se encuentra una r\u00e9plica a escala de la pir\u00e1mide del Sol de Teotihuac\u00e1n, en cuyo interior se observan el bosque de Temascaltepec con las mariposas monarca, im\u00e1genes y artesan\u00edas, as\u00ed como gastronom\u00eda de los 9 pueblos m\u00e1gicos. Del 27 de noviembre y hasta el 13 diciembre, los chiapanecos y visitantes de la Feria de Chiapas conocer\u00e1n ah\u00ed una muestra de los 9 Pueblos M\u00e1gicos y los 4 recintos nombrados Patrimonio Cultural de la Humanidad por la Organizaci\u00f3n de las Naciones Unidas para la Educaci\u00f3n, la Ciencia y la Cultura (UNESCO), los cuales son la zona arqueol\u00f3gica de Teotihuac\u00e1n, el Camino Real Tierra Adentro, la Biosfera de la Mariposa Monarca y el Acueducto del Padre Tembleque.<\/p>\n<p><em><a href=\"mailto:montanezaguilar@gmail.com\" target=\"_blank\">montanezaguilar@gmail.com<\/a><\/em><\/p>\n","protected":false},"excerpt":{"rendered":"<p><span style=\"color: #005497;\">Jos\u00e9 Luis Monta\u00f1ez Aguilar<\/span><br \/>\n<br \/>\nEruviel \u00c1vila Villegas y Manuel Velasco Coello firmaron convenios de hermanamiento entre el Estado de M\u00e9xico y Chiapas, con la finalidad de intercambiar experiencias exitosas en turismo, cultura, comercio y desarrollo agropecuario.<\/p>\n","protected":false},"author":3,"featured_media":245056,"comment_status":"open","ping_status":"open","sticky":false,"template":"","format":"standard","meta":{"_monsterinsights_skip_tracking":false,"_monsterinsights_sitenote_active":false,"_monsterinsights_sitenote_note":"","_monsterinsights_sitenote_category":0,"footnotes":""},"categories":[5],"tags":[13284,2269,43675,43704,43674],"class_list":["post-245009","post","type-post","status-publish","format-standard","has-post-thumbnail","hentry","category-estado-de-mexico","tag-arco-norte","tag-chiapas","tag-estado-de-mexico","tag-jose-luis-montanez-aguilar","tag-opinion"],"_links":{"self":[{"href":"https:\/\/www.diarioimagen.net\/index.php?rest_route=\/wp\/v2\/posts\/245009","targetHints":{"allow":["GET"]}}],"collection":[{"href":"https:\/\/www.diarioimagen.net\/index.php?rest_route=\/wp\/v2\/posts"}],"about":[{"href":"https:\/\/www.diarioimagen.net\/index.php?rest_route=\/wp\/v2\/types\/post"}],"author":[{"embeddable":true,"href":"https:\/\/www.diarioimagen.net\/index.php?rest_route=\/wp\/v2\/users\/3"}],"replies":[{"embeddable":true,"href":"https:\/\/www.diarioimagen.net\/index.php?rest_route=%2Fwp%2Fv2%2Fcomments&post=245009"}],"version-history":[{"count":0,"href":"https:\/\/www.diarioimagen.net\/index.php?rest_route=\/wp\/v2\/posts\/245009\/revisions"}],"wp:featuredmedia":[{"embeddable":true,"href":"https:\/\/www.diarioimagen.net\/index.php?rest_route=\/wp\/v2\/media\/245056"}],"wp:attachment":[{"href":"https:\/\/www.diarioimagen.net\/index.php?rest_route=%2Fwp%2Fv2%2Fmedia&parent=245009"}],"wp:term":[{"taxonomy":"category","embeddable":true,"href":"https:\/\/www.diarioimagen.net\/index.php?rest_route=%2Fwp%2Fv2%2Fcategories&post=245009"},{"taxonomy":"post_tag","embeddable":true,"href":"https:\/\/www.diarioimagen.net\/index.php?rest_route=%2Fwp%2Fv2%2Ftags&post=245009"}],"curies":[{"name":"wp","href":"https:\/\/api.w.org\/{rel}","templated":true}]}}