{"id":245034,"date":"2015-11-30T00:04:27","date_gmt":"2015-11-30T06:04:27","guid":{"rendered":"http:\/\/www.diarioimagen.net\/?p=245034"},"modified":"2015-11-30T00:50:29","modified_gmt":"2015-11-30T06:50:29","slug":"violencia-de-genero-de-alto-costo-para-empresas","status":"publish","type":"post","link":"https:\/\/www.diarioimagen.net\/?p=245034","title":{"rendered":"Violencia de g\u00e9nero, de alto costo para empresas"},"content":{"rendered":"<ul>\n<li><strong><em>Destaca Gamboa legislaci\u00f3n<\/em><\/strong><\/li>\n<\/ul>\n<p>&nbsp;<\/p>\n<div id=\"attachment_245083\" style=\"width: 430px\" class=\"wp-caption aligncenter\"><a href=\"http:\/\/www.diarioimagen.net\/?attachment_id=245083\" rel=\"attachment wp-att-245083\"><img loading=\"lazy\" decoding=\"async\" aria-describedby=\"caption-attachment-245083\" class=\"size-large wp-image-245083\" src=\"http:\/\/www.diarioimagen.net\/wp-content\/uploads\/2015\/11\/acoso-2751-420x236.jpg\" alt=\"Las formas m\u00e1s comunes de la violencia de g\u00e9nero laboral son: discriminaci\u00f3n, hostigamiento laboral y acoso sexual.\" width=\"420\" height=\"236\" srcset=\"https:\/\/www.diarioimagen.net\/wp-content\/uploads\/2015\/11\/acoso-2751-420x236.jpg 420w, https:\/\/www.diarioimagen.net\/wp-content\/uploads\/2015\/11\/acoso-2751-240x135.jpg 240w, https:\/\/www.diarioimagen.net\/wp-content\/uploads\/2015\/11\/acoso-2751-480x270.jpg 480w, https:\/\/www.diarioimagen.net\/wp-content\/uploads\/2015\/11\/acoso-2751-235x132.jpg 235w, https:\/\/www.diarioimagen.net\/wp-content\/uploads\/2015\/11\/acoso-2751-202x114.jpg 202w, https:\/\/www.diarioimagen.net\/wp-content\/uploads\/2015\/11\/acoso-2751-350x196.jpg 350w, https:\/\/www.diarioimagen.net\/wp-content\/uploads\/2015\/11\/acoso-2751-220x123.jpg 220w, https:\/\/www.diarioimagen.net\/wp-content\/uploads\/2015\/11\/acoso-2751-237x132.jpg 237w, https:\/\/www.diarioimagen.net\/wp-content\/uploads\/2015\/11\/acoso-2751.jpg 1200w\" sizes=\"auto, (max-width: 420px) 100vw, 420px\" \/><\/a><p id=\"caption-attachment-245083\" class=\"wp-caption-text\">Las formas m\u00e1s comunes de la violencia de g\u00e9nero laboral son: discriminaci\u00f3n, hostigamiento laboral y acoso sexual.<\/p><\/div>\n<p>&nbsp;<\/p>\n<p>La violencia de g\u00e9nero laboral representa un alto costo para las empresas, por lo que es indispensable trabajar para cambiar este paradigma que afecta a entre 29 y 42 de cada 100 mujeres, asever\u00f3 la investigadora Audrey Rodr\u00edguez Elizalde.<\/p>\n<p>Al exponer la conferencia \u201cCostos de la violencia de g\u00e9nero en los mercados de trabajo\u201d, la acad\u00e9mica de la Facultad de Econom\u00eda de la Universidad Nacional Aut\u00f3noma de M\u00e9xico (UNAM) mencion\u00f3 que las formas m\u00e1s comunes son: discriminaci\u00f3n, hostigamiento laboral y acoso sexual.<\/p>\n<p>Detall\u00f3 que 42 de cada 100 f\u00e9minas que se ocupan en f\u00e1bricas viven esta realidad, al igual que 31 de cada 100 mujeres en empresas privadas y 29 de cada 100 en instituciones p\u00fablicas.<\/p>\n<p>Revel\u00f3 que esta situaci\u00f3n \u201cviene desde la familia, la comunidad, la escuela y en el trabajo se nos hace m\u00e1s com\u00fan, ya no la vemos como una agresi\u00f3n, sino como parte de nuestras costumbres\u201d, sostuvo la acad\u00e9mica.<\/p>\n<p>El hostigamiento laboral o <em>mobbing<\/em> suele ser practicado por uno o m\u00e1s individuos y se manifiesta con excesivas cargas de trabajo, insultos, humillaciones y discriminaci\u00f3n por apariencia f\u00edsica, condici\u00f3n socioecon\u00f3mica o procedencia \u00e9tnica.<\/p>\n<p>En cuanto al acoso sexual, Rodr\u00edguez Elizalde expuso que con frecuencia es una conducta implementada por una sola persona, principalmente un superior jer\u00e1rquico.<\/p>\n<p>Sin embargo, de los datos estudiados, en seis de cada 10 casos de violencia hacia las trabajadoras, los compa\u00f1eros son los hostigadores o acosadores, mientras el resto son los jefes o patrones.<\/p>\n<p>La investigadora de la UNAM se\u00f1al\u00f3 que las m\u00e1s violentadas son las divorciadas y viudas, seguidas de las solteras, en 25 y 23 por ciento, respectivamente, de las denuncias presentadas.<\/p>\n<p>Al haber una denuncia por hostigamiento o acoso en el centro de trabajo, tambi\u00e9n se propicia baja productividad, inestabilidad en el ambiente laboral y p\u00e9rdida de prestigio social, afirm\u00f3.<\/p>\n<p style=\"text-align: center;\"><strong>M\u00e9xico, pionero en legislar contra violencia a las mujeres<\/strong><\/p>\n<p>Por su parte, el presidente de la Junta de Coordinaci\u00f3n Pol\u00edtica de la C\u00e1mara de Senadores, Emilio Gamboa Patr\u00f3n, destac\u00f3 que la legislaci\u00f3n mexicana es pionera en materia de acceso de las mujeres a una vida libre de violencia.<\/p>\n<p>Para garantizar la aplicaci\u00f3n de esa ley se tiene el presupuesto m\u00e1s alto en la historia del pa\u00eds, y adem\u00e1s se han dado pasos importantes como incluir la perspectiva de g\u00e9nero en las acciones, programas y pol\u00edticas p\u00fablica, destac\u00f3 en un comunicado.<\/p>\n<p>El tambi\u00e9n coordinador de los senadores del PRI destac\u00f3 que los tres Poderes y niveles de gobierno est\u00e1n coordinados en cuestiones de igualdad, no discriminaci\u00f3n y combate a la violencia.<\/p>\n<p>Adem\u00e1s de la integralidad entre los institutos estatales de las mujeres y la sociedad civil, para ofrecer respuestas articuladas que brinden soluciones de largo plazo, sobre todo en el marco de las acciones que promueven globalmente este mes para erradicar ese flagelo.<\/p>\n<p>&nbsp;<\/p>\n","protected":false},"excerpt":{"rendered":"<p>La violencia de g\u00e9nero laboral representa un alto costo para las empresas, por lo que es indispensable trabajar para cambiar este paradigma que afecta a entre 29 y 42 de cada 100 mujeres, asever\u00f3 la investigadora Audrey Rodr\u00edguez Elizalde.<\/p>\n","protected":false},"author":3,"featured_media":245083,"comment_status":"open","ping_status":"open","sticky":false,"template":"","format":"standard","meta":{"_monsterinsights_skip_tracking":false,"_monsterinsights_sitenote_active":false,"_monsterinsights_sitenote_note":"","_monsterinsights_sitenote_category":0,"footnotes":""},"categories":[7],"tags":[5226,43673,43677,14425],"class_list":["post-245034","post","type-post","status-publish","format-standard","has-post-thumbnail","hentry","category-seguridad","tag-empresas","tag-nacional","tag-seguridad","tag-violencia-de-genero"],"_links":{"self":[{"href":"https:\/\/www.diarioimagen.net\/index.php?rest_route=\/wp\/v2\/posts\/245034","targetHints":{"allow":["GET"]}}],"collection":[{"href":"https:\/\/www.diarioimagen.net\/index.php?rest_route=\/wp\/v2\/posts"}],"about":[{"href":"https:\/\/www.diarioimagen.net\/index.php?rest_route=\/wp\/v2\/types\/post"}],"author":[{"embeddable":true,"href":"https:\/\/www.diarioimagen.net\/index.php?rest_route=\/wp\/v2\/users\/3"}],"replies":[{"embeddable":true,"href":"https:\/\/www.diarioimagen.net\/index.php?rest_route=%2Fwp%2Fv2%2Fcomments&post=245034"}],"version-history":[{"count":0,"href":"https:\/\/www.diarioimagen.net\/index.php?rest_route=\/wp\/v2\/posts\/245034\/revisions"}],"wp:featuredmedia":[{"embeddable":true,"href":"https:\/\/www.diarioimagen.net\/index.php?rest_route=\/wp\/v2\/media\/245083"}],"wp:attachment":[{"href":"https:\/\/www.diarioimagen.net\/index.php?rest_route=%2Fwp%2Fv2%2Fmedia&parent=245034"}],"wp:term":[{"taxonomy":"category","embeddable":true,"href":"https:\/\/www.diarioimagen.net\/index.php?rest_route=%2Fwp%2Fv2%2Fcategories&post=245034"},{"taxonomy":"post_tag","embeddable":true,"href":"https:\/\/www.diarioimagen.net\/index.php?rest_route=%2Fwp%2Fv2%2Ftags&post=245034"}],"curies":[{"name":"wp","href":"https:\/\/api.w.org\/{rel}","templated":true}]}}