{"id":245223,"date":"2015-12-01T00:05:47","date_gmt":"2015-12-01T06:05:47","guid":{"rendered":"http:\/\/www.diarioimagen.net\/?p=245223"},"modified":"2015-12-02T01:46:07","modified_gmt":"2015-12-02T07:46:07","slug":"rodada-por-la-no-violencia-contra-la-mujer","status":"publish","type":"post","link":"https:\/\/www.diarioimagen.net\/?p=245223","title":{"rendered":"\u201cRodada por la No Violencia Contra la Mujer\u201d"},"content":{"rendered":"<ul>\n<li><strong><em>Buscan crear conciencia en Tlalnepantla<\/em><\/strong><\/li>\n<\/ul>\n<p>&nbsp;<\/p>\n<div id=\"attachment_245302\" style=\"width: 430px\" class=\"wp-caption aligncenter\"><a href=\"http:\/\/www.diarioimagen.net\/?attachment_id=245302\" rel=\"attachment wp-att-245302\"><img loading=\"lazy\" decoding=\"async\" aria-describedby=\"caption-attachment-245302\" class=\"size-large wp-image-245302\" src=\"http:\/\/www.diarioimagen.net\/wp-content\/uploads\/2015\/12\/TLALNEPANTLA-2752-420x236.jpg\" alt=\"El alcalde Alfredo Mart\u00ednez Gonz\u00e1lez destac\u00f3 que en Tlalnepantla se est\u00e1n haciendo las cosas diferentes para prevenir y erradicar situaciones de violencia de g\u00e9nero.\" width=\"420\" height=\"236\" srcset=\"https:\/\/www.diarioimagen.net\/wp-content\/uploads\/2015\/12\/TLALNEPANTLA-2752-420x236.jpg 420w, https:\/\/www.diarioimagen.net\/wp-content\/uploads\/2015\/12\/TLALNEPANTLA-2752-240x135.jpg 240w, https:\/\/www.diarioimagen.net\/wp-content\/uploads\/2015\/12\/TLALNEPANTLA-2752-235x132.jpg 235w, https:\/\/www.diarioimagen.net\/wp-content\/uploads\/2015\/12\/TLALNEPANTLA-2752-202x114.jpg 202w, https:\/\/www.diarioimagen.net\/wp-content\/uploads\/2015\/12\/TLALNEPANTLA-2752-350x196.jpg 350w, https:\/\/www.diarioimagen.net\/wp-content\/uploads\/2015\/12\/TLALNEPANTLA-2752-220x123.jpg 220w, https:\/\/www.diarioimagen.net\/wp-content\/uploads\/2015\/12\/TLALNEPANTLA-2752-237x132.jpg 237w, https:\/\/www.diarioimagen.net\/wp-content\/uploads\/2015\/12\/TLALNEPANTLA-2752.jpg 480w\" sizes=\"auto, (max-width: 420px) 100vw, 420px\" \/><\/a><p id=\"caption-attachment-245302\" class=\"wp-caption-text\">El alcalde Alfredo Mart\u00ednez Gonz\u00e1lez destac\u00f3 que en Tlalnepantla se est\u00e1n haciendo las cosas diferentes para prevenir y erradicar situaciones de violencia de g\u00e9nero.<\/p><\/div>\n<p>&nbsp;<\/p>\n<p><strong>Tlalnepantla, Estado de M\u00e9xico<\/strong>.- Con la participaci\u00f3n de m\u00e1s de 250 motociclistas de diferentes clubes, el Ayuntamiento local llev\u00f3 a cabo la \u201cRodada por la No Violencia contra la Mujer\u201d, en el marco de la conmemoraci\u00f3n de este d\u00eda celebrado el pasado 25 de noviembre, con el objetivo de crear conciencia entre hombres y mujeres sobre la violencia de g\u00e9nero.<\/p>\n<p>Al dar el banderazo de salida, el alcalde Alfredo Mart\u00ednez Gonz\u00e1lez, destac\u00f3 que en Tlalnepantla se est\u00e1n haciendo las cosas diferentes para prevenir y erradicar situaciones de violencia de g\u00e9nero en las familias, ya que no solo se trabaja con las mujeres, sino tambi\u00e9n en la educaci\u00f3n y concientizaci\u00f3n de los hombres, como lo demuestra la \u201crodada\u201d organizada por el Instituto para la Equidad y Desa\u00adrrollo de la Mujer.<\/p>\n<p>&nbsp;<\/p>\n","protected":false},"excerpt":{"rendered":"<p>Con la participaci\u00f3n de m\u00e1s de 250 motociclistas de diferentes clubes, el Ayuntamiento local llev\u00f3 a cabo la \u201cRodada por la No Violencia contra la Mujer\u201d, en el marco de la conmemoraci\u00f3n de este d\u00eda celebrado el pasado 25 de noviembre, con el objetivo de crear conciencia entre hombres y mujeres sobre la violencia de g\u00e9nero.<\/p>\n","protected":false},"author":3,"featured_media":245302,"comment_status":"open","ping_status":"open","sticky":false,"template":"","format":"standard","meta":{"_monsterinsights_skip_tracking":false,"_monsterinsights_sitenote_active":false,"_monsterinsights_sitenote_note":"","_monsterinsights_sitenote_category":0,"footnotes":""},"categories":[35155],"tags":[38597,43675,169],"class_list":["post-245223","post","type-post","status-publish","format-standard","has-post-thumbnail","hentry","category-estado-de-mexico-estado-de-mexico","tag-alfredo-martinez-gonzalez","tag-estado-de-mexico","tag-tlalnepantla"],"_links":{"self":[{"href":"https:\/\/www.diarioimagen.net\/index.php?rest_route=\/wp\/v2\/posts\/245223","targetHints":{"allow":["GET"]}}],"collection":[{"href":"https:\/\/www.diarioimagen.net\/index.php?rest_route=\/wp\/v2\/posts"}],"about":[{"href":"https:\/\/www.diarioimagen.net\/index.php?rest_route=\/wp\/v2\/types\/post"}],"author":[{"embeddable":true,"href":"https:\/\/www.diarioimagen.net\/index.php?rest_route=\/wp\/v2\/users\/3"}],"replies":[{"embeddable":true,"href":"https:\/\/www.diarioimagen.net\/index.php?rest_route=%2Fwp%2Fv2%2Fcomments&post=245223"}],"version-history":[{"count":0,"href":"https:\/\/www.diarioimagen.net\/index.php?rest_route=\/wp\/v2\/posts\/245223\/revisions"}],"wp:featuredmedia":[{"embeddable":true,"href":"https:\/\/www.diarioimagen.net\/index.php?rest_route=\/wp\/v2\/media\/245302"}],"wp:attachment":[{"href":"https:\/\/www.diarioimagen.net\/index.php?rest_route=%2Fwp%2Fv2%2Fmedia&parent=245223"}],"wp:term":[{"taxonomy":"category","embeddable":true,"href":"https:\/\/www.diarioimagen.net\/index.php?rest_route=%2Fwp%2Fv2%2Fcategories&post=245223"},{"taxonomy":"post_tag","embeddable":true,"href":"https:\/\/www.diarioimagen.net\/index.php?rest_route=%2Fwp%2Fv2%2Ftags&post=245223"}],"curies":[{"name":"wp","href":"https:\/\/api.w.org\/{rel}","templated":true}]}}