{"id":245231,"date":"2015-12-01T00:05:58","date_gmt":"2015-12-01T06:05:58","guid":{"rendered":"http:\/\/www.diarioimagen.net\/?p=245231"},"modified":"2015-12-01T23:42:48","modified_gmt":"2015-12-02T05:42:48","slug":"cerraran-sesiones-en-san-lazaro-a-tambor-batiente","status":"publish","type":"post","link":"https:\/\/www.diarioimagen.net\/?p=245231","title":{"rendered":"Cerrar\u00e1n sesiones en San L\u00e1zaro a \u201ctambor batiente\u201d"},"content":{"rendered":"<ul>\n<li><strong><em>Concluye periodo el\u00a0 15 de diciembre<\/em><\/strong><\/li>\n<\/ul>\n<p>&nbsp;<\/p>\n<div id=\"attachment_245324\" style=\"width: 430px\" class=\"wp-caption aligncenter\"><a href=\"http:\/\/www.diarioimagen.net\/?attachment_id=245324\" rel=\"attachment wp-att-245324\"><img loading=\"lazy\" decoding=\"async\" aria-describedby=\"caption-attachment-245324\" class=\"size-large wp-image-245324\" src=\"http:\/\/www.diarioimagen.net\/wp-content\/uploads\/2015\/12\/CAMARA-2752-420x236.jpg\" alt=\"Jes\u00fas Zambrano Grijalva asegur\u00f3 que los legisladores cerrar\u00e1n \u201ca tambor batiente\u201d, el primer periodo de sesiones de la LXIII Legislatura federal.\" width=\"420\" height=\"236\" srcset=\"https:\/\/www.diarioimagen.net\/wp-content\/uploads\/2015\/12\/CAMARA-2752-420x236.jpg 420w, https:\/\/www.diarioimagen.net\/wp-content\/uploads\/2015\/12\/CAMARA-2752-240x135.jpg 240w, https:\/\/www.diarioimagen.net\/wp-content\/uploads\/2015\/12\/CAMARA-2752-235x132.jpg 235w, https:\/\/www.diarioimagen.net\/wp-content\/uploads\/2015\/12\/CAMARA-2752-202x114.jpg 202w, https:\/\/www.diarioimagen.net\/wp-content\/uploads\/2015\/12\/CAMARA-2752-350x196.jpg 350w, https:\/\/www.diarioimagen.net\/wp-content\/uploads\/2015\/12\/CAMARA-2752-220x123.jpg 220w, https:\/\/www.diarioimagen.net\/wp-content\/uploads\/2015\/12\/CAMARA-2752-237x132.jpg 237w, https:\/\/www.diarioimagen.net\/wp-content\/uploads\/2015\/12\/CAMARA-2752.jpg 480w\" sizes=\"auto, (max-width: 420px) 100vw, 420px\" \/><\/a><p id=\"caption-attachment-245324\" class=\"wp-caption-text\">Jes\u00fas Zambrano Grijalva asegur\u00f3 que los legisladores cerrar\u00e1n \u201ca tambor batiente\u201d, el primer periodo de sesiones de la LXIII Legislatura federal.<\/p><\/div>\n<p>&nbsp;<\/p>\n<p>El presidente de la C\u00e1mara de Diputados, Jes\u00fas Zambrano Grijalva, asegur\u00f3 que los legisladores cerrar\u00e1n \u201ca tambor batiente\u201d, el primer periodo de sesiones de la LXIII Legislatura federal que concluir\u00e1 el pr\u00f3ximo 15 de diciembre, y destac\u00f3 que no tendr\u00e1n vacaciones legislativas.<\/p>\n<p>\u201cEstamos cerrando este periodo legislativo a tambor batiente, sin descuidar los compromisos que estamos haciendo para sacar las reformas que se requieren y en esta misma semana van a salir algunas de ellas, espero que est\u00e9 en condiciones de que por ah\u00ed, por el jueves pudi\u00e9ramos estar decidiendo la reforma del Distrito Federal\u201d.<\/p>\n<p>Se\u00f1al\u00f3 que se contemplan temas muy importantes como transparencia, trata de personas, el tema de lavado de dinero, entre otros asuntos que est\u00e1n pendientes.<\/p>\n<p>El perredista, afirm\u00f3 que son diversos y muy importantes los temas que tienen que desahogar en el primer periodo de sesiones, y que para el segundo que iniciar\u00e1 en 1 de febrero y concluir\u00e1 en abril buscar\u00e1n concluir las leyes secundarias para la reforma constitucional que crea el Sistema Nacional Anticorrupci\u00f3n.<\/p>\n<p>\u201cEl periodo se cierra en dos semana, el 15 de diciembre, y luego no dejar\u00e1n de trabajar (los legisladores) es el llamado que hemos estado haciendo y buscaremos que as\u00ed sea que las comisiones sesionen durante el mes de enero, despu\u00e9s que pase la cuesta de Guadalupe- Reyes, podamos tener productos legislativos\u201d.<\/p>\n<p>De esta manera se arrancar\u00e1 el mes de febrero con los temas pendientes y el que el tema central deber\u00e1 ser todo lo que tiene que ver con el Sistema Nacional anticorrupci\u00f3n Transparencia y Rendici\u00f3n de Cuentas.<\/p>\n<p>Por ello, asegur\u00f3 que habr\u00e1 vacaciones legislativas para quienes quieran tomarlas, pero que en la C\u00e1mara de Diputados estar\u00e1n para trabajar y legislar hasta cuando se termina el segundo periodo ordinario de sesiones que es el \u00faltimo d\u00eda del mes de abril.<\/p>\n<p>S\u00e9 que se nos cruza no soy ingenuo con el calendario electoral del pr\u00f3ximo a\u00f1o, va a ser un a\u00f1o muy intenso y muchos van a estar dedicados en su atenci\u00f3n en los temas electorales de sus estados, expuso.<\/p>\n<p>\u201cQuienes somos legisladores debemos estar fundamentalmente atentos a los trabajos legislativos, y que se vaya atender lo electoral partidista de cada quien los fines de semana que es cuando hay m\u00e1s actividad en los estados\u201d, apunto.<\/p>\n<p>En otros temas se le pregunt\u00f3 si se abordar\u00e1 el tema de la reforma a la Ley del Instituto de Seguridad y Servicios Sociales de los Trabajadores del Estado (ISSSTE) para separar al Pensionissste y conformar una AFORE en los d\u00edas que restan del primer periodo y se\u00f1al\u00f3 que no es un tema consensado y si es un tema muy pol\u00e9mico.<\/p>\n<p>&nbsp;<\/p>\n","protected":false},"excerpt":{"rendered":"<p>El presidente de la C\u00e1mara de Diputados, Jes\u00fas Zambrano Grijalva, asegur\u00f3 que los legisladores cerrar\u00e1n \u201ca tambor batiente\u201d, el primer periodo de sesiones de la LXIII Legislatura federal que concluir\u00e1 el pr\u00f3ximo 15 de diciembre, y destac\u00f3 que no tendr\u00e1n vacaciones legislativas.<\/p>\n","protected":false},"author":3,"featured_media":245324,"comment_status":"open","ping_status":"open","sticky":false,"template":"","format":"standard","meta":{"_monsterinsights_skip_tracking":false,"_monsterinsights_sitenote_active":false,"_monsterinsights_sitenote_note":"","_monsterinsights_sitenote_category":0,"footnotes":""},"categories":[3],"tags":[18078,115],"class_list":["post-245231","post","type-post","status-publish","format-standard","has-post-thumbnail","hentry","category-nacional","tag-jesus-zambrano-grijalva","tag-san-lazaro"],"_links":{"self":[{"href":"https:\/\/www.diarioimagen.net\/index.php?rest_route=\/wp\/v2\/posts\/245231","targetHints":{"allow":["GET"]}}],"collection":[{"href":"https:\/\/www.diarioimagen.net\/index.php?rest_route=\/wp\/v2\/posts"}],"about":[{"href":"https:\/\/www.diarioimagen.net\/index.php?rest_route=\/wp\/v2\/types\/post"}],"author":[{"embeddable":true,"href":"https:\/\/www.diarioimagen.net\/index.php?rest_route=\/wp\/v2\/users\/3"}],"replies":[{"embeddable":true,"href":"https:\/\/www.diarioimagen.net\/index.php?rest_route=%2Fwp%2Fv2%2Fcomments&post=245231"}],"version-history":[{"count":0,"href":"https:\/\/www.diarioimagen.net\/index.php?rest_route=\/wp\/v2\/posts\/245231\/revisions"}],"wp:featuredmedia":[{"embeddable":true,"href":"https:\/\/www.diarioimagen.net\/index.php?rest_route=\/wp\/v2\/media\/245324"}],"wp:attachment":[{"href":"https:\/\/www.diarioimagen.net\/index.php?rest_route=%2Fwp%2Fv2%2Fmedia&parent=245231"}],"wp:term":[{"taxonomy":"category","embeddable":true,"href":"https:\/\/www.diarioimagen.net\/index.php?rest_route=%2Fwp%2Fv2%2Fcategories&post=245231"},{"taxonomy":"post_tag","embeddable":true,"href":"https:\/\/www.diarioimagen.net\/index.php?rest_route=%2Fwp%2Fv2%2Ftags&post=245231"}],"curies":[{"name":"wp","href":"https:\/\/api.w.org\/{rel}","templated":true}]}}