{"id":245423,"date":"2015-12-02T00:09:17","date_gmt":"2015-12-02T06:09:17","guid":{"rendered":"http:\/\/www.diarioimagen.net\/?p=245423"},"modified":"2015-12-02T03:38:30","modified_gmt":"2015-12-02T09:38:30","slug":"garantizan-la-seguridad-de-paisanos-en-edomex","status":"publish","type":"post","link":"https:\/\/www.diarioimagen.net\/?p=245423","title":{"rendered":"Garantizan la seguridad de paisanos en Edomex"},"content":{"rendered":"<ul>\n<li><strong><em>Exentos del programa \u201cHoy No Circula\u201d, los veh\u00edculos que porten placas extranjeras y permiso de importaci\u00f3n temporal vigente<\/em><\/strong><\/li>\n<\/ul>\n<p>&nbsp;<\/p>\n<p><a href=\"http:\/\/www.diarioimagen.net\/?attachment_id=245529\" rel=\"attachment wp-att-245529\"><img loading=\"lazy\" decoding=\"async\" class=\"aligncenter size-large wp-image-245529\" src=\"http:\/\/www.diarioimagen.net\/wp-content\/uploads\/2015\/12\/migrante-27531-420x281.jpg\" alt=\"migrante-2753\" width=\"420\" height=\"281\" srcset=\"https:\/\/www.diarioimagen.net\/wp-content\/uploads\/2015\/12\/migrante-27531-420x281.jpg 420w, https:\/\/www.diarioimagen.net\/wp-content\/uploads\/2015\/12\/migrante-27531-240x160.jpg 240w, https:\/\/www.diarioimagen.net\/wp-content\/uploads\/2015\/12\/migrante-27531.jpg 600w\" sizes=\"auto, (max-width: 420px) 100vw, 420px\" \/><\/a><\/p>\n<p>&nbsp;<\/p>\n<p><strong>Toluca, Estado de M\u00e9xico<\/strong>.- Para garantizar el ingreso y tr\u00e1nsito seguro de los mexiquenses y los connacionales que visitar\u00e1n el Estado de M\u00e9xico en esta temporada de invierno, el gobierno del estado pone en marcha el Programa Migrante Mexiquense, desde el 1\u00b0 de diciembre de este a\u00f1o y hasta el 8 de enero de 2016, tiempo en el cual se aplicar\u00e1 la exenci\u00f3n del programa \u201cHoy No Circula\u201d para los veh\u00edculos que porten placas extranjeras y permiso de importaci\u00f3n temporal vigente.<\/p>\n<p>\u201cComo en otras ocasiones, uniremos esfuerzos coordinados entre distintas dependencias de los tres \u00f3rdenes de Gobierno, como la Comisi\u00f3n de Derechos Humanos del Estado de M\u00e9xico y el Instituto Nacional de Migraci\u00f3n, con el objetivo de ofrecer atenci\u00f3n integral de protecci\u00f3n a los mexiquenses y connacionales que transiten por nuestra entidad en esta temporada de invierno\u201d, inform\u00f3 Betina Ch\u00e1vez Soriano, coordinadora de Asuntos Internacionales.<\/p>\n<p>Dio a conocer que para aplicar la exenci\u00f3n del programa \u201cHoy No Circula\u201d, se distribuyeron tarjetones vehiculares con dicha informaci\u00f3n desde los lugares de residencia en los Estados Unidos, a fin de que los migrantes puedan portarla visiblemente en sus veh\u00edculos desde su ingreso al pa\u00eds.<\/p>\n<p>Estos tarjetones fueron entregados con el apoyo de la Red Consular de M\u00e9xico en la Uni\u00f3n Americana; m\u00f3dulos de Banjercito en la zona fronteriza, m\u00f3dulos de atenci\u00f3n del Programa Migrante Mexiquense, Casas Mexiquenses ubicadas en territorio estadounidense, as\u00ed como en las oficinas estatales de Atenci\u00f3n a Migrantes en la frontera norte del pa\u00eds.<\/p>\n<p>La funcionaria explic\u00f3 que en este period, la Comisi\u00f3n Estatal de Seguridad Ciudadana (CES) ha registrado una elevada movilizaci\u00f3n de personas, la cual asciende aproximadamente a 10 millones que tienen como destino o tr\u00e1nsito el Estado de M\u00e9xico.<\/p>\n<p>Detall\u00f3 que se habilitar\u00e1n 31 m\u00f3dulos de atenci\u00f3n en los puntos carreteros de mayor afluencia, los cuales contar\u00e1n con la presencia de elementos de la CES las 24 horas, y estar\u00e1n equipados para proporcionar servicios de asistencia vial, orientaci\u00f3n, servicios m\u00e9dicos y mec\u00e1nicos, as\u00ed como la vigilancia y apoyo a\u00e9reo en caso de emergencia.<\/p>\n","protected":false},"excerpt":{"rendered":"<p>Para garantizar el ingreso y tr\u00e1nsito seguro de los mexiquenses y los connacionales que visitar\u00e1n el Estado de M\u00e9xico en esta temporada de invierno, el gobierno del estado pone en marcha el Programa Migrante Mexiquense, desde el 1\u00b0 de diciembre de este a\u00f1o y hasta el 8 de enero de 2016, tiempo en el cual se aplicar\u00e1 la exenci\u00f3n del programa \u201cHoy No Circula\u201d para los veh\u00edculos que porten placas extranjeras y permiso de importaci\u00f3n temporal vigente.<\/p>\n","protected":false},"author":3,"featured_media":245529,"comment_status":"open","ping_status":"open","sticky":false,"template":"","format":"standard","meta":{"_monsterinsights_skip_tracking":false,"_monsterinsights_sitenote_active":false,"_monsterinsights_sitenote_note":"","_monsterinsights_sitenote_category":0,"footnotes":""},"categories":[5],"tags":[43675,46909,43677,452],"class_list":["post-245423","post","type-post","status-publish","format-standard","has-post-thumbnail","hentry","category-estado-de-mexico","tag-estado-de-mexico","tag-paisanos","tag-seguridad","tag-toluca"],"_links":{"self":[{"href":"https:\/\/www.diarioimagen.net\/index.php?rest_route=\/wp\/v2\/posts\/245423","targetHints":{"allow":["GET"]}}],"collection":[{"href":"https:\/\/www.diarioimagen.net\/index.php?rest_route=\/wp\/v2\/posts"}],"about":[{"href":"https:\/\/www.diarioimagen.net\/index.php?rest_route=\/wp\/v2\/types\/post"}],"author":[{"embeddable":true,"href":"https:\/\/www.diarioimagen.net\/index.php?rest_route=\/wp\/v2\/users\/3"}],"replies":[{"embeddable":true,"href":"https:\/\/www.diarioimagen.net\/index.php?rest_route=%2Fwp%2Fv2%2Fcomments&post=245423"}],"version-history":[{"count":0,"href":"https:\/\/www.diarioimagen.net\/index.php?rest_route=\/wp\/v2\/posts\/245423\/revisions"}],"wp:featuredmedia":[{"embeddable":true,"href":"https:\/\/www.diarioimagen.net\/index.php?rest_route=\/wp\/v2\/media\/245529"}],"wp:attachment":[{"href":"https:\/\/www.diarioimagen.net\/index.php?rest_route=%2Fwp%2Fv2%2Fmedia&parent=245423"}],"wp:term":[{"taxonomy":"category","embeddable":true,"href":"https:\/\/www.diarioimagen.net\/index.php?rest_route=%2Fwp%2Fv2%2Fcategories&post=245423"},{"taxonomy":"post_tag","embeddable":true,"href":"https:\/\/www.diarioimagen.net\/index.php?rest_route=%2Fwp%2Fv2%2Ftags&post=245423"}],"curies":[{"name":"wp","href":"https:\/\/api.w.org\/{rel}","templated":true}]}}