{"id":245503,"date":"2015-12-03T00:09:33","date_gmt":"2015-12-03T06:09:33","guid":{"rendered":"http:\/\/www.diarioimagen.net\/?p=245503"},"modified":"2015-12-03T02:57:12","modified_gmt":"2015-12-03T08:57:12","slug":"contara-region-oriente-del-edomex-con-centro-de-atencion-especializada-del-vih-eruviel-avila","status":"publish","type":"post","link":"https:\/\/www.diarioimagen.net\/?p=245503","title":{"rendered":"Nuevo centro de atenci\u00f3n especializada del VIH\/Sida"},"content":{"rendered":"<ul>\n<li><strong><em>Edomex tiene la mayor infraestructura para apoyar y atender a pacientes portadores del virus, afirma el gobernador Eruviel \u00c1vila<\/em><\/strong><\/li>\n<\/ul>\n<p>&nbsp;<\/p>\n<div id=\"attachment_245526\" style=\"width: 430px\" class=\"wp-caption aligncenter\"><a href=\"http:\/\/www.diarioimagen.net\/?attachment_id=245526\" rel=\"attachment wp-att-245526\"><img loading=\"lazy\" decoding=\"async\" aria-describedby=\"caption-attachment-245526\" class=\"size-large wp-image-245526\" src=\"http:\/\/www.diarioimagen.net\/wp-content\/uploads\/2015\/12\/eruviel-vih-2753-420x236.jpg\" alt=\"El gobernador Eruviel \u00c1vila hizo el anuncio al asistir al Tercer Informe de Gobierno del alcalde de Chalco, Francisco Osorno Sober\u00f3n.\" width=\"420\" height=\"236\" srcset=\"https:\/\/www.diarioimagen.net\/wp-content\/uploads\/2015\/12\/eruviel-vih-2753-420x236.jpg 420w, https:\/\/www.diarioimagen.net\/wp-content\/uploads\/2015\/12\/eruviel-vih-2753-240x135.jpg 240w, https:\/\/www.diarioimagen.net\/wp-content\/uploads\/2015\/12\/eruviel-vih-2753-480x270.jpg 480w, https:\/\/www.diarioimagen.net\/wp-content\/uploads\/2015\/12\/eruviel-vih-2753-235x132.jpg 235w, https:\/\/www.diarioimagen.net\/wp-content\/uploads\/2015\/12\/eruviel-vih-2753-202x114.jpg 202w, https:\/\/www.diarioimagen.net\/wp-content\/uploads\/2015\/12\/eruviel-vih-2753-350x196.jpg 350w, https:\/\/www.diarioimagen.net\/wp-content\/uploads\/2015\/12\/eruviel-vih-2753-220x123.jpg 220w, https:\/\/www.diarioimagen.net\/wp-content\/uploads\/2015\/12\/eruviel-vih-2753-237x132.jpg 237w, https:\/\/www.diarioimagen.net\/wp-content\/uploads\/2015\/12\/eruviel-vih-2753.jpg 1200w\" sizes=\"auto, (max-width: 420px) 100vw, 420px\" \/><\/a><p id=\"caption-attachment-245526\" class=\"wp-caption-text\">El gobernador Eruviel \u00c1vila hizo el anuncio al asistir al Tercer Informe de Gobierno del alcalde de Chalco, Francisco Osorno Sober\u00f3n.<\/p><\/div>\n<p>&nbsp;<\/p>\n<p><strong>Chalco, Estado de M\u00e9xico.-<\/strong>\u00a0En el marco del D\u00eda Mundial de la Lucha Contra el SIDA, el gobernador Eruviel \u00c1vila Villegas anunci\u00f3 que este mes se pondr\u00e1 en operaci\u00f3n un Centro de Atenci\u00f3n Especializado del VIH en este municipio, donde ser\u00e1n atendidas las personas del Oriente de la entidad que padecen esta enfermedad, y dio a conocer que el Edomex es la entidad que ha realizado m\u00e1s pruebas para detectar esta enfermedad en los \u00faltimos cuatro a\u00f1os, con m\u00e1s de 866 mil, y garantiz\u00f3 que la administraci\u00f3n mexiquense continuar\u00e1 impulsado programas enfocados a prevenir el contagio del VIH, as\u00ed como para atender a quienes lo necesiten.<\/p>\n<p>Al asistir al Tercer Informe de Gobierno del alcalde de Chalco, Francisco Osorno Sober\u00f3n, el gobernador subray\u00f3 que hoy en d\u00eda, a nivel nacional, el Estado de M\u00e9xico es la entidad que cuenta con la mayor y m\u00e1s completa infraestructura para atender a los portadores de VIH, con 5 centros ambulatorios en Ecatepec, Naucalpan, Nezahualc\u00f3yotl, Tlalnepantla y Toluca; adem\u00e1s de 3 servicios de atenci\u00f3n integral ubicados en Cuautitl\u00e1n, Atizap\u00e1n de Zaragoza e Ixtapaluca.<\/p>\n<p>\u00abHoy d\u00eda les puedo decir que el Estado de M\u00e9xico es el estado, de todo el pa\u00eds, que tiene la mayor infraestructura para apoyar y atender a nuestros pacientes portadores del VIH, por ejemplo, tenemos el mayor n\u00famero de centros para la atenci\u00f3n del VIH, 5 centros ambulatorios en Ecatepec, Naucalpan, Nezahualc\u00f3yotl, Tlalnepantla y Toluca; 3 servicios de atenci\u00f3n integral en Cuautitl\u00e1n, Atizap\u00e1n de Zaragoza y aqu\u00ed cerca tambi\u00e9n, en Ixtapaluca. Y hoy quiero informarle se\u00f1or presidente, que este mismo mes, con motivo de este D\u00eda Mundial, estaremos inaugurando aqu\u00ed en Chalco, precisamente, un Centro de Atenci\u00f3n Especializado del VIH para apoyar a los pacientes de Chalco y de toda esta regi\u00f3n\u201d, expres\u00f3.<\/p>\n<p>Asimismo, inform\u00f3 que\u00a0 el Instituto de Salud del Estado de M\u00e9xico (ISEM), en su labor de brindar un tratamiento que permita llevar una vida normal a quienes sufren este padecimiento, atiende actualmente a 6 mil 137 pacientes, lo que implica una inversi\u00f3n anual superior a los 278 millones de pesos, ya que cada caso requiere un gasto de 34 mil 600 pesos.<\/p>\n<p>Agreg\u00f3 que en el Edomex, desde hace una d\u00e9cada, los hijos de mujeres portadoras del VIH no han nacido con el padecimiento, gracias a los tratamientos retrovirales que se otorgan, as\u00ed como a las medidas y los tratamientos preventivos que se realizan en los centros del sector Salud estatal.<\/p>\n<p>Aunado a ello, dio a conocer que todos los enfermos de SIDA en la entidad reciben regularmente paquetes alimentarios, adem\u00e1s que los alumnos que son portadores est\u00e1n becados de forma permanente para que no abandonen sus estudios y asegur\u00f3 que el gobierno estatal continuar\u00e1 promoviendo la aplicaci\u00f3n de ex\u00e1menes de tamizaje a quienes los soliciten, a efecto de detectar y atender a quienes hayan contra\u00eddo este virus.<\/p>\n<p>De acuerdo con los indicadores de mortandad a causa del SIDA, Eruviel \u00c1vila refiri\u00f3 que el Estado de M\u00e9xico se encuentra en el lugar 20 de las 32 entidades del pa\u00eds,\u00a0 y afirm\u00f3 que su administraci\u00f3n redoblar\u00e1 el trabajo en esta materia para evitar m\u00e1s decesos relacionados con esta enfermedad.<\/p>\n<p>En otro orden de ideas, el titular del Ejecutivo mexiquense reconoci\u00f3 el trabajo de la administraci\u00f3n de Francisco Osorno, ya que al encabezar el ayuntamiento de Chalco logr\u00f3 incrementar en un 150 por ciento los ingresos del municipio, permitiendo llevar a cabo obras en rubros como educaci\u00f3n, seguridad, salud, drenaje, deporte y rescate de espacios p\u00fablicos, y destac\u00f3 que Chalco pas\u00f3 del sitio 300 al primer lugar en el \u00cdndice de Transparencia Presupuestal, por lo que consider\u00f3 que durante el trienio 2012-2015, esta demarcaci\u00f3n foment\u00f3 el trabajo en equipo con los gobiernos federal y estatal, en aras de concretar proyectos que han permitido mejorar la calidad de vida de las personas, e incluso han llevado a este municipio\u00a0 a convertirse en un referente en el oriente de la entidad.<\/p>\n<p>&nbsp;<\/p>\n","protected":false},"excerpt":{"rendered":"<p>En el marco del D\u00eda Mundial de la Lucha Contra el SIDA, el gobernador Eruviel \u00c1vila Villegas anunci\u00f3 que este mes se pondr\u00e1 en operaci\u00f3n un Centro de Atenci\u00f3n Especializado del VIH en este municipio, donde ser\u00e1n atendidas las personas del Oriente de la entidad que padecen esta enfermedad, y dio a conocer que el Edomex es la entidad que ha realizado m\u00e1s pruebas para detectar esta enfermedad en los \u00faltimos cuatro a\u00f1os, con m\u00e1s de 866 mil, y garantiz\u00f3 que la administraci\u00f3n mexiquense continuar\u00e1 impulsado programas enfocados a prevenir el contagio del VIH, as\u00ed como para atender a quienes lo necesiten.<\/p>\n","protected":false},"author":3,"featured_media":245526,"comment_status":"open","ping_status":"open","sticky":false,"template":"","format":"standard","meta":{"_monsterinsights_skip_tracking":false,"_monsterinsights_sitenote_active":false,"_monsterinsights_sitenote_note":"","_monsterinsights_sitenote_category":0,"footnotes":""},"categories":[5],"tags":[541,46929,5828,43675,546,1760],"class_list":["post-245503","post","type-post","status-publish","format-standard","has-post-thumbnail","hentry","category-estado-de-mexico","tag-chalco","tag-clinica","tag-eruviel-avila-villegas","tag-estado-de-mexico","tag-vih","tag-vihsida"],"_links":{"self":[{"href":"https:\/\/www.diarioimagen.net\/index.php?rest_route=\/wp\/v2\/posts\/245503","targetHints":{"allow":["GET"]}}],"collection":[{"href":"https:\/\/www.diarioimagen.net\/index.php?rest_route=\/wp\/v2\/posts"}],"about":[{"href":"https:\/\/www.diarioimagen.net\/index.php?rest_route=\/wp\/v2\/types\/post"}],"author":[{"embeddable":true,"href":"https:\/\/www.diarioimagen.net\/index.php?rest_route=\/wp\/v2\/users\/3"}],"replies":[{"embeddable":true,"href":"https:\/\/www.diarioimagen.net\/index.php?rest_route=%2Fwp%2Fv2%2Fcomments&post=245503"}],"version-history":[{"count":0,"href":"https:\/\/www.diarioimagen.net\/index.php?rest_route=\/wp\/v2\/posts\/245503\/revisions"}],"wp:featuredmedia":[{"embeddable":true,"href":"https:\/\/www.diarioimagen.net\/index.php?rest_route=\/wp\/v2\/media\/245526"}],"wp:attachment":[{"href":"https:\/\/www.diarioimagen.net\/index.php?rest_route=%2Fwp%2Fv2%2Fmedia&parent=245503"}],"wp:term":[{"taxonomy":"category","embeddable":true,"href":"https:\/\/www.diarioimagen.net\/index.php?rest_route=%2Fwp%2Fv2%2Fcategories&post=245503"},{"taxonomy":"post_tag","embeddable":true,"href":"https:\/\/www.diarioimagen.net\/index.php?rest_route=%2Fwp%2Fv2%2Ftags&post=245503"}],"curies":[{"name":"wp","href":"https:\/\/api.w.org\/{rel}","templated":true}]}}