{"id":245637,"date":"2015-12-03T00:08:15","date_gmt":"2015-12-03T06:08:15","guid":{"rendered":"http:\/\/www.diarioimagen.net\/?p=245637"},"modified":"2015-12-03T05:04:23","modified_gmt":"2015-12-03T11:04:23","slug":"mas-de-22-mil-personas-a-cumbre-de-arte-popular","status":"publish","type":"post","link":"https:\/\/www.diarioimagen.net\/?p=245637","title":{"rendered":"M\u00e1s de 22 mil personas, a Cumbre de Arte Popular"},"content":{"rendered":"<ul>\n<li><strong><em>Muestra de artesanos en Metepec<\/em><\/strong><\/li>\n<\/ul>\n<p>&nbsp;<\/p>\n<p><a href=\"http:\/\/www.diarioimagen.net\/?attachment_id=245730\" rel=\"attachment wp-att-245730\"><img loading=\"lazy\" decoding=\"async\" class=\"aligncenter size-large wp-image-245730\" src=\"http:\/\/www.diarioimagen.net\/wp-content\/uploads\/2015\/12\/arte-popular-2754-420x236.jpg\" alt=\"arte-popular-2754\" width=\"420\" height=\"236\" srcset=\"https:\/\/www.diarioimagen.net\/wp-content\/uploads\/2015\/12\/arte-popular-2754-420x236.jpg 420w, https:\/\/www.diarioimagen.net\/wp-content\/uploads\/2015\/12\/arte-popular-2754-240x135.jpg 240w, https:\/\/www.diarioimagen.net\/wp-content\/uploads\/2015\/12\/arte-popular-2754-235x132.jpg 235w, https:\/\/www.diarioimagen.net\/wp-content\/uploads\/2015\/12\/arte-popular-2754-202x114.jpg 202w, https:\/\/www.diarioimagen.net\/wp-content\/uploads\/2015\/12\/arte-popular-2754-350x196.jpg 350w, https:\/\/www.diarioimagen.net\/wp-content\/uploads\/2015\/12\/arte-popular-2754-220x123.jpg 220w, https:\/\/www.diarioimagen.net\/wp-content\/uploads\/2015\/12\/arte-popular-2754-237x132.jpg 237w, https:\/\/www.diarioimagen.net\/wp-content\/uploads\/2015\/12\/arte-popular-2754.jpg 480w\" sizes=\"auto, (max-width: 420px) 100vw, 420px\" \/><\/a><\/p>\n<p>&nbsp;<\/p>\n<p><strong>Metepec, Estado de M\u00e9xico<\/strong>.- Una afluencia de 22 mil asistentes se registr\u00f3 durante la Cumbre Nacional de Arte Popular Metepec 2015, donde artesanos mexiquenses y de 14 estados de la Rep\u00fablica, tuvieron la oportunidad de exponer y comercializar sus obras, inform\u00f3 la secretaria de Turismo del Estado de M\u00e9xico, Rosalinda Elizabeth Ben\u00edtez Gonz\u00e1lez.<\/p>\n<p>Detall\u00f3 que durante dicho certamen, que se realiz\u00f3 en la Plaza Ju\u00e1rez del Pueblo M\u00e1gico, los artesanos del Estado de M\u00e9xico, Aguascalientes, Chiapas, Guanajuato, Guerrero, Hidalgo, Jalisco, Michoac\u00e1n, Oaxaca, Puebla, Quintana Roo, San Luis Potos\u00ed, Tabasco, Tlaxcala y Veracruz, lograron ventas por m\u00e1s de 2 millones de pesos, que beneficiaron a 143 maestros del arte popular.<\/p>\n<p>Como parte de las actividades culturales de la Cumbre Nacional de Arte Popular Metepec 2015, destac\u00f3 la participaci\u00f3n del Ballet Folcl\u00f3rico del Edomex y de los Xitas Corpus, del Pueblo con Encanto de Temascalcingo, que deleitaron a los asistentes con n\u00fameros art\u00edsticos de gran calidad.<\/p>\n<p>Indic\u00f3 que el gobierno estatal, a trav\u00e9s del Instituto de Investigaci\u00f3n y Fomento de las Artesan\u00edas del Estado de M\u00e9xico (IIFAEM), con el apoyo del Fondo Nacional para el Fomento de las Artesan\u00edas (Fonart), desarrolla diversas acciones y programas para difundir, promover y comercializar la artesan\u00eda mexiquense en beneficio \u00fanico y directo de la comunidad artesanal del Estado de M\u00e9xico.<\/p>\n<p>Rosalinda Ben\u00edtez inform\u00f3 que actualmente el IIFAEM, tiene registrados a m\u00e1s de 35 mil 300 maestros mexiquenses del arte popular, de los cuales, 2 mil 377 se han credencializado en lo que va del a\u00f1o.<\/p>\n","protected":false},"excerpt":{"rendered":"<p>Una afluencia de 22 mil asistentes se registr\u00f3 durante la Cumbre Nacional de Arte Popular Metepec 2015, donde artesanos mexiquenses y de 14 estados de la Rep\u00fablica, tuvieron la oportunidad de exponer y comercializar sus obras, inform\u00f3 la secretaria de Turismo del Estado de M\u00e9xico, Rosalinda Elizabeth Ben\u00edtez Gonz\u00e1lez.<\/p>\n","protected":false},"author":3,"featured_media":245730,"comment_status":"open","ping_status":"open","sticky":false,"template":"","format":"standard","meta":{"_monsterinsights_skip_tracking":false,"_monsterinsights_sitenote_active":false,"_monsterinsights_sitenote_note":"","_monsterinsights_sitenote_category":0,"footnotes":""},"categories":[5],"tags":[43675,876,440],"class_list":["post-245637","post","type-post","status-publish","format-standard","has-post-thumbnail","hentry","category-estado-de-mexico","tag-estado-de-mexico","tag-metepec","tag-secretaria-de-turismo"],"_links":{"self":[{"href":"https:\/\/www.diarioimagen.net\/index.php?rest_route=\/wp\/v2\/posts\/245637","targetHints":{"allow":["GET"]}}],"collection":[{"href":"https:\/\/www.diarioimagen.net\/index.php?rest_route=\/wp\/v2\/posts"}],"about":[{"href":"https:\/\/www.diarioimagen.net\/index.php?rest_route=\/wp\/v2\/types\/post"}],"author":[{"embeddable":true,"href":"https:\/\/www.diarioimagen.net\/index.php?rest_route=\/wp\/v2\/users\/3"}],"replies":[{"embeddable":true,"href":"https:\/\/www.diarioimagen.net\/index.php?rest_route=%2Fwp%2Fv2%2Fcomments&post=245637"}],"version-history":[{"count":0,"href":"https:\/\/www.diarioimagen.net\/index.php?rest_route=\/wp\/v2\/posts\/245637\/revisions"}],"wp:featuredmedia":[{"embeddable":true,"href":"https:\/\/www.diarioimagen.net\/index.php?rest_route=\/wp\/v2\/media\/245730"}],"wp:attachment":[{"href":"https:\/\/www.diarioimagen.net\/index.php?rest_route=%2Fwp%2Fv2%2Fmedia&parent=245637"}],"wp:term":[{"taxonomy":"category","embeddable":true,"href":"https:\/\/www.diarioimagen.net\/index.php?rest_route=%2Fwp%2Fv2%2Fcategories&post=245637"},{"taxonomy":"post_tag","embeddable":true,"href":"https:\/\/www.diarioimagen.net\/index.php?rest_route=%2Fwp%2Fv2%2Ftags&post=245637"}],"curies":[{"name":"wp","href":"https:\/\/api.w.org\/{rel}","templated":true}]}}