{"id":245658,"date":"2015-12-03T00:04:02","date_gmt":"2015-12-03T06:04:02","guid":{"rendered":"http:\/\/www.diarioimagen.net\/?p=245658"},"modified":"2015-12-04T02:30:00","modified_gmt":"2015-12-04T08:30:00","slug":"piden-ninas-y-ninos-espacios-para-opinar","status":"publish","type":"post","link":"https:\/\/www.diarioimagen.net\/?p=245658","title":{"rendered":"Piden ni\u00f1as y ni\u00f1os espacios para opinar"},"content":{"rendered":"<ul>\n<li><strong><em>En el marco de la ley que los tutela<\/em><\/strong><\/li>\n<\/ul>\n<p>&nbsp;<\/p>\n<div id=\"attachment_245766\" style=\"width: 430px\" class=\"wp-caption aligncenter\"><a href=\"http:\/\/www.diarioimagen.net\/?attachment_id=245766\" rel=\"attachment wp-att-245766\"><img loading=\"lazy\" decoding=\"async\" aria-describedby=\"caption-attachment-245766\" class=\"size-large wp-image-245766\" src=\"http:\/\/www.diarioimagen.net\/wp-content\/uploads\/2015\/12\/ninos-2754-420x236.jpg\" alt=\"Fue instalado el Sistema Nacional de Protecci\u00f3n Integral de Ni\u00f1as, Ni\u00f1os y Adolescentes, en la residencia oficial de Los Pinos.\" width=\"420\" height=\"236\" srcset=\"https:\/\/www.diarioimagen.net\/wp-content\/uploads\/2015\/12\/ninos-2754-420x236.jpg 420w, https:\/\/www.diarioimagen.net\/wp-content\/uploads\/2015\/12\/ninos-2754-240x135.jpg 240w, https:\/\/www.diarioimagen.net\/wp-content\/uploads\/2015\/12\/ninos-2754-235x132.jpg 235w, https:\/\/www.diarioimagen.net\/wp-content\/uploads\/2015\/12\/ninos-2754-202x114.jpg 202w, https:\/\/www.diarioimagen.net\/wp-content\/uploads\/2015\/12\/ninos-2754-350x196.jpg 350w, https:\/\/www.diarioimagen.net\/wp-content\/uploads\/2015\/12\/ninos-2754-220x123.jpg 220w, https:\/\/www.diarioimagen.net\/wp-content\/uploads\/2015\/12\/ninos-2754-237x132.jpg 237w, https:\/\/www.diarioimagen.net\/wp-content\/uploads\/2015\/12\/ninos-2754.jpg 480w\" sizes=\"auto, (max-width: 420px) 100vw, 420px\" \/><\/a><p id=\"caption-attachment-245766\" class=\"wp-caption-text\">Fue instalado el Sistema Nacional de Protecci\u00f3n Integral de Ni\u00f1as, Ni\u00f1os y Adolescentes, en la residencia oficial de Los Pinos.<\/p><\/div>\n<p>&nbsp;<\/p>\n<p>Las ni\u00f1as, ni\u00f1os y adolescentes deben tener espacios para ser escuchados y en los que puedan expresar su opini\u00f3n y peticiones, as\u00ed como para revisar que lo que se exponga en las leyes se cumpla, dijo la menor Alejandra Ortega Zambrano.<\/p>\n<p>Invitada a la residencia oficial de Los Pinos a la instalaci\u00f3n del Sistema Nacional de Protecci\u00f3n Integral de Ni\u00f1as, Ni\u00f1os y Adolescentes, indic\u00f3 que su voz debe tomarse en cuenta, como por ejemplo, en la elaboraci\u00f3n de la Ley General de los Derechos de Ni\u00f1as, Ni\u00f1os y Adolescentes.<\/p>\n<p>Pidi\u00f3 que adem\u00e1s de que se les consulte cuando se tomen decisiones sobre este sector de la poblaci\u00f3n, se les rindan cuentas sobre los gastos de los programas y para saber en qu\u00e9 se est\u00e1 avanzando.<\/p>\n<p>La menor, que estuvo sentada junto al presidente Enrique Pe\u00f1a Nieto, dijo que los derechos de la ni\u00f1ez y la juventud deben abarcar a los migrantes, a los que no tienen familia, a los menores en situaci\u00f3n de calle, para que tengan acceso a servicios de salud y jur\u00eddicos.<\/p>\n<p>Demandamos acciones para que los ni\u00f1os puedan ejercer su derecho a la educaci\u00f3n\u201d, pues se\u00f1al\u00f3 que las escuelas son laicas pero no gratuitas, pues se tiene que pagar inscripci\u00f3n, uniformes, material y \u00fatiles. Tambi\u00e9n llam\u00f3 a que se ofrezca informaci\u00f3n y educaci\u00f3n sexual.<\/p>\n<p>En este sentido, el presidente de la Comisi\u00f3n Nacional de los Derechos Humanos (CNDH), Luis Ra\u00fal Gonz\u00e1lez P\u00e9rez, coincidi\u00f3 en que se debe escuchar a la ni\u00f1ez y a los j\u00f3venes y tomarlos en cuenta, pues \u201cM\u00e9xico no puede voltear la cara a los m\u00e1s de 40 millones de menores\u201d.<\/p>\n<p>Apunt\u00f3 que la respuesta que requieren no s\u00f3lo se encuentra en hacer efectivos derechos como la educaci\u00f3n, la salud, la familia, el esparcimiento y la seguridad, sino que es preciso que se desarrollen en un entorno de pleno estado de derecho, donde exista la igualdad, la justicia, la rendici\u00f3n de cuentas y la observancia de la ley.<\/p>\n<p>Indic\u00f3 que este sistema es el mecanismo de vinculaci\u00f3n m\u00e1s importante que se ha generado entre instancias p\u00fablicas, privadas y la sociedad civil, para transformar la realidad que vive la ni\u00f1ez y la adolescencia, y pone en centro las pol\u00edticas p\u00fablicas para garantizar el ejercicio pleno de todos sus derechos.<\/p>\n<p>La representante de Unicef en M\u00e9xico, Isabel Crowley, consider\u00f3 este d\u00eda como hist\u00f3rico para M\u00e9xico, porque coloca a la ni\u00f1ez y a la adolescencia como un asunto prioritario, y \u201cpor fin habr\u00e1 gesti\u00f3n coordinada de recursos y esfuerzos de protecci\u00f3n para estos 40 millones de ciudadanos\u201d.<\/p>\n<p>Subray\u00f3 que es importante que todos los mecanismos del sistema operen en todas las entidades y municipios, y por ello se necesita el respaldo de todos los gobernadores de velar para que esta ley \u201cllegue hasta el \u00faltimo rinc\u00f3n de M\u00e9xico\u201d.<\/p>\n<p>El sistema de Protecci\u00f3n Integral, que encabeza el presidente Pe\u00f1a Nieto, articula las pol\u00edticas p\u00fablicas para lograr una protecci\u00f3n de los derechos de este sector en todo el pa\u00eds, y una vez que opere, los menores contar\u00e1n con diversos recursos para hacer valer sus derechos.<\/p>\n<p>El gobernador de Coahuila, Rub\u00e9n Moreira, dijo que entre los compromisos que adoptaron los mandatarios estatales, se encuentran, instalar cuanto antes los sistemas locales de protecci\u00f3n, presididos por los respectivos gobernadores y el jefe de Gobierno del Distrito Federal.<\/p>\n<p>A nombre de los gobernadores del pa\u00eds, expuso que deber\u00e1n armonizar la legislaci\u00f3n, no s\u00f3lo con la Ley General, sino con los tratados internacionales, y establecer en 18 a\u00f1os la edad m\u00ednima para contraer matrimonio, para erradicar esta pr\u00e1ctica que tiene \u201ctintes medievales, esconde prejuicios, abuso sexual y trata de personas\u201d.<\/p>\n<p>&nbsp;<\/p>\n","protected":false},"excerpt":{"rendered":"<p>Las ni\u00f1as, ni\u00f1os y adolescentes deben tener espacios para ser escuchados y en los que puedan expresar su opini\u00f3n y peticiones, as\u00ed como para revisar que lo que se exponga en las leyes se cumpla, dijo la menor Alejandra Ortega Zambrano.<\/p>\n","protected":false},"author":3,"featured_media":245766,"comment_status":"open","ping_status":"open","sticky":false,"template":"","format":"standard","meta":{"_monsterinsights_skip_tracking":false,"_monsterinsights_sitenote_active":false,"_monsterinsights_sitenote_note":"","_monsterinsights_sitenote_category":0,"footnotes":""},"categories":[3],"tags":[2954,46970,43673,17257,5812],"class_list":["post-245658","post","type-post","status-publish","format-standard","has-post-thumbnail","hentry","category-nacional","tag-dif","tag-espacio","tag-nacional","tag-nina","tag-nino"],"_links":{"self":[{"href":"https:\/\/www.diarioimagen.net\/index.php?rest_route=\/wp\/v2\/posts\/245658","targetHints":{"allow":["GET"]}}],"collection":[{"href":"https:\/\/www.diarioimagen.net\/index.php?rest_route=\/wp\/v2\/posts"}],"about":[{"href":"https:\/\/www.diarioimagen.net\/index.php?rest_route=\/wp\/v2\/types\/post"}],"author":[{"embeddable":true,"href":"https:\/\/www.diarioimagen.net\/index.php?rest_route=\/wp\/v2\/users\/3"}],"replies":[{"embeddable":true,"href":"https:\/\/www.diarioimagen.net\/index.php?rest_route=%2Fwp%2Fv2%2Fcomments&post=245658"}],"version-history":[{"count":0,"href":"https:\/\/www.diarioimagen.net\/index.php?rest_route=\/wp\/v2\/posts\/245658\/revisions"}],"wp:featuredmedia":[{"embeddable":true,"href":"https:\/\/www.diarioimagen.net\/index.php?rest_route=\/wp\/v2\/media\/245766"}],"wp:attachment":[{"href":"https:\/\/www.diarioimagen.net\/index.php?rest_route=%2Fwp%2Fv2%2Fmedia&parent=245658"}],"wp:term":[{"taxonomy":"category","embeddable":true,"href":"https:\/\/www.diarioimagen.net\/index.php?rest_route=%2Fwp%2Fv2%2Fcategories&post=245658"},{"taxonomy":"post_tag","embeddable":true,"href":"https:\/\/www.diarioimagen.net\/index.php?rest_route=%2Fwp%2Fv2%2Ftags&post=245658"}],"curies":[{"name":"wp","href":"https:\/\/api.w.org\/{rel}","templated":true}]}}