{"id":245691,"date":"2015-12-03T00:01:23","date_gmt":"2015-12-03T06:01:23","guid":{"rendered":"http:\/\/www.diarioimagen.net\/?p=245691"},"modified":"2015-12-03T02:10:11","modified_gmt":"2015-12-03T08:10:11","slug":"banos-para-azucarados","status":"publish","type":"post","link":"https:\/\/www.diarioimagen.net\/?p=245691","title":{"rendered":"Ba\u00f1os para \u201cazucarados\u201d"},"content":{"rendered":"<h2>Folclor urbano<\/h2>\n<h5>Salvador Estrada<\/h5>\n<p>&nbsp;<\/p>\n<p>A pesar de la oposici\u00f3n de vecinos de Lindavista y San Juan de Arag\u00f3n, a\u00a0fines de este mes se pondr\u00e1 en servicio la l\u00ednea seis del Metrob\u00fas, que seg\u00fan se ve, contar\u00e1 con ba\u00f1os en las estaciones o paradas.<\/p>\n<p>Y esa modalidad ser\u00e1 agradecida por todos los pasajeros que son diab\u00e9ticos, se desconoce el n\u00famero, aunque deben ser demasiados, pues en todo el pa\u00eds existen 9 millones de \u201cazucarados\u201d.<\/p>\n<p>Los sanitarios ser\u00e1n un descanso, un desfogue\u00a0para los \u201cazucarados\u201d, pasajeros porque una caracter\u00edstica de la diabetes mellitus (mellitus quiere decir miel) es orinar\u00a0 cada rato y\u2026 \u00bfd\u00f3nde\u00a0echar\u00e1n sus orines cuando salen de su casa?<\/p>\n<p>Las ganas de \u201chacer de la chis\u201d surgen de pronto en el Metro, cami\u00f3n o Metrob\u00fas\u00a0 y \u00a1hay que apachurrar y apachurrar, aguantar y aguantar! Ponerse serio, macho aguantador, para que no se salga el l\u00edquido y encomendarse a \u201cSan jasmeo. \u201c\u00a1San Jasmeo, san jasmeo, ay\u00fadame porque me meo!\u201d O si andan en la calle y no encuentran sitio para desfogar \u201c\u00a1San Timoteo, San Timoteo, ori\u00e9ntame a d\u00f3nde\u00a0 meo!\u201d.\u00a0Claro que algunas veces\u00a0 las ganas son tantas que no se puede contener la \u201cmeada\u201d\u00a0 y sin querer queriendo se arroja un chisguetito\u00a0y se moja el pantal\u00f3n, un\u00a0 poquito \u201cpa que no se vea\u201d.<\/p>\n<p>En\u00a0la estaci\u00f3n El Rosario se instalaron unos sanitarios, pero desde hace tiempo est\u00e1n cerrados y no se conocen otros en todas las estaciones del Sistema Colectivo Metro. Los ba\u00f1os deben instalarse en las m\u00e1s concurridas estaciones porque existen muchos \u201cnecesitados del servicio\u201d.<\/p>\n<p>Precisamente,\u00a0este\u00a0Metrob\u00fas, con ba\u00f1o en sus estaciones, es un gran respiro, un aliviane para los pasajeros \u201cazucarados\u201d, pero falta saber si es gratuito o se debe pagar, porque la meada se ha convertido en un negocio. En las terminales de autobuses los ba\u00f1os tienen torniquete, como en el Metro, y s\u00f3lo\u00a0 se logra el acceso si se introduce una moneda de cinco pesos. \u00bfCu\u00e1ntos pasajeros al d\u00eda acuden al sanitario? \u00bfCien, 500,\u00a0 mil? \u00a1Un gran negocio!<\/p>\n<p>En casi todas las gasoliner\u00edas existen ba\u00f1os para los manejadores que cargan el combustible, pero muchas de ellas tambi\u00e9n cobran. Las puertas tienen candado y se debe pedir al despachador que las abran. \u00a1Y la orinada tambi\u00e9n cuesta cinco pesos!<\/p>\n<p>Los diab\u00e9ticos capitalinos deben unirse y pedir, con marchas y plantones, imitando a los ciudadanos que tienen otras demandas,\u00a0que se abran los\u00a0sanitarios en las terminales y gasoliner\u00edas. Y gritar con fuerza y escribirlo en mantas \u00a1Por una meada sin cobrar! \u00a1Por una meada libre! \u00a1Mear es necesario, cobrar es mercenario! \u00a1Los meones unidos jam\u00e1s ser\u00e1n vencidos!<\/p>\n<p><em><a href=\"mailto:chavasec@yahoo.com.mx\" target=\"_blank\">chavasec@yahoo.com.mx<\/a><\/em><\/p>\n","protected":false},"excerpt":{"rendered":"<p><span style=\"color: #005497;\"><strong>Salvador Estrada<\/strong><\/span><\/p>\n","protected":false},"author":3,"featured_media":0,"comment_status":"open","ping_status":"open","sticky":false,"template":"","format":"standard","meta":{"_monsterinsights_skip_tracking":false,"_monsterinsights_sitenote_active":false,"_monsterinsights_sitenote_note":"","_monsterinsights_sitenote_category":0,"footnotes":""},"categories":[41601],"tags":[41599,43674,41600],"class_list":["post-245691","post","type-post","status-publish","format-standard","hentry","category-salvador-estrada-opinion","tag-folclor-urbano","tag-opinion","tag-salvador-estrada"],"_links":{"self":[{"href":"https:\/\/www.diarioimagen.net\/index.php?rest_route=\/wp\/v2\/posts\/245691","targetHints":{"allow":["GET"]}}],"collection":[{"href":"https:\/\/www.diarioimagen.net\/index.php?rest_route=\/wp\/v2\/posts"}],"about":[{"href":"https:\/\/www.diarioimagen.net\/index.php?rest_route=\/wp\/v2\/types\/post"}],"author":[{"embeddable":true,"href":"https:\/\/www.diarioimagen.net\/index.php?rest_route=\/wp\/v2\/users\/3"}],"replies":[{"embeddable":true,"href":"https:\/\/www.diarioimagen.net\/index.php?rest_route=%2Fwp%2Fv2%2Fcomments&post=245691"}],"version-history":[{"count":0,"href":"https:\/\/www.diarioimagen.net\/index.php?rest_route=\/wp\/v2\/posts\/245691\/revisions"}],"wp:attachment":[{"href":"https:\/\/www.diarioimagen.net\/index.php?rest_route=%2Fwp%2Fv2%2Fmedia&parent=245691"}],"wp:term":[{"taxonomy":"category","embeddable":true,"href":"https:\/\/www.diarioimagen.net\/index.php?rest_route=%2Fwp%2Fv2%2Fcategories&post=245691"},{"taxonomy":"post_tag","embeddable":true,"href":"https:\/\/www.diarioimagen.net\/index.php?rest_route=%2Fwp%2Fv2%2Ftags&post=245691"}],"curies":[{"name":"wp","href":"https:\/\/api.w.org\/{rel}","templated":true}]}}