{"id":245802,"date":"2015-12-04T00:04:55","date_gmt":"2015-12-04T06:04:55","guid":{"rendered":"http:\/\/www.diarioimagen.net\/?p=245802"},"modified":"2015-12-06T23:32:16","modified_gmt":"2015-12-07T05:32:16","slug":"este-22-apagaran-senal-analogica-en-ciudades-de-7-estados","status":"publish","type":"post","link":"https:\/\/www.diarioimagen.net\/?p=245802","title":{"rendered":"Este 22, apag\u00f3n anal\u00f3gico en ciudades de 7 estados"},"content":{"rendered":"<ul>\n<li><strong><em>Destaca EPN entrega de televisores<\/em><\/strong><\/li>\n<\/ul>\n<p>&nbsp;<\/p>\n<div id=\"attachment_245803\" style=\"width: 430px\" class=\"wp-caption aligncenter\"><a href=\"http:\/\/www.diarioimagen.net\/?attachment_id=245803\" rel=\"attachment wp-att-245803\"><img loading=\"lazy\" decoding=\"async\" aria-describedby=\"caption-attachment-245803\" class=\"wp-image-245803 size-large\" src=\"http:\/\/www.diarioimagen.net\/wp-content\/uploads\/2015\/12\/APAGON-portal1-420x245.jpg\" alt=\"El Ifetel anunci\u00f3 que este 22 de diciembre continuar\u00e1 el apag\u00f3n anal\u00f3gico en ciudades de siete entidades del pa\u00eds.\" width=\"420\" height=\"245\" srcset=\"https:\/\/www.diarioimagen.net\/wp-content\/uploads\/2015\/12\/APAGON-portal1-420x245.jpg 420w, https:\/\/www.diarioimagen.net\/wp-content\/uploads\/2015\/12\/APAGON-portal1-240x140.jpg 240w, https:\/\/www.diarioimagen.net\/wp-content\/uploads\/2015\/12\/APAGON-portal1.jpg 480w\" sizes=\"auto, (max-width: 420px) 100vw, 420px\" \/><\/a><p id=\"caption-attachment-245803\" class=\"wp-caption-text\">El Ifetel anunci\u00f3 que este 22 de diciembre continuar\u00e1 el apag\u00f3n anal\u00f3gico en ciudades de siete entidades del pa\u00eds.<\/p><\/div>\n<p>&nbsp;<\/p>\n<p>El pleno del Instituto Federal de Telecomunicaciones (Ifetel) resolvi\u00f3, en sesi\u00f3n extraordinaria, el cese de transmisiones anal\u00f3gicas el pr\u00f3ximo 22 de diciembre en ciudades de siete estados del pa\u00eds.<\/p>\n<p>Publica un acuerdo En el Diario Oficial de la Federaci\u00f3n (DOF) mediante el cual se determina la conclusi\u00f3n de transmisiones anal\u00f3gicas en las \u00e1reas de cobertura de las estaciones de televisi\u00f3n radiodifundida en ciudades de Zacatecas, Coahuila, Sonora, Quintana Roo, Durango y Chihuahua, San Luis Potos\u00ed.<\/p>\n<p>La XHBQ-TV en la localidad de Tabasco y Tepetongo, Zacatecas; XHCDE-TV en Saucillo, Julimes y Valle de Zaragoza, Chihuahua, entre otras podr\u00e1n continuar realizando transmisiones anal\u00f3gicas hasta una nueva determinaci\u00f3n por parte del Instituto.<\/p>\n<p>Por su parte, el secretario de Econom\u00eda, Ildefonso Guajardo, asegur\u00f3 que no habr\u00e1 pr\u00f3rroga para el apag\u00f3n anal\u00f3gico contemplado para el 31 de diciembre, y una vez que se conozcan los resultados del proceso, se analizar\u00edan a partir de enero las acciones para apoyar a la poblaci\u00f3n que no pudo sustituir su televisi\u00f3n an\u00e1loga por una digital.<\/p>\n<p>Coment\u00f3 que todav\u00eda no hay nada definido al respecto, e incluso refiri\u00f3 que los resultados de El Buen Fin indican que muchas familias mexicanas aprovecharon para comprar un nuevo televisor.<\/p>\n<p>\u201cEventualmente vamos a ir platicando para ver si despu\u00e9s de que se termine todo el proceso de las entregas de televisores, valdr\u00eda la pena pensar para el pr\u00f3ximo a\u00f1o alg\u00fan tipo de acci\u00f3n o estrategia, pero en este momento no se ha puesto nada sobre la mesa\u201d, indic\u00f3.<\/p>\n<p>El funcionario federal aclar\u00f3 que \u201cNo hay pr\u00f3rroga del apag\u00f3n, no hay que confundirnos, la pr\u00f3rroga es solo para peque\u00f1as estaciones p\u00fablicas, aquellas que son transmisoras, en el 3.0 por ciento del territorio nacional donde hay una antena\u201d.<\/p>\n<p>Insisti\u00f3 por ello en que \u201cno hay diferimiento en la parte esencial\u201d, por lo que una vez que se haga la evaluaci\u00f3n y el impacto final, las medidas adicionales \u201clas estaremos tomando el pr\u00f3ximo a\u00f1o\u201d.<\/p>\n<p>Por otro lado, el secretario de Econom\u00eda reconoci\u00f3 el trabajo de los participantes en el Premio Banamex de Econom\u00eda, el cual cumpli\u00f3 m\u00e1s de 60 a\u00f1os, debido a que abordan problem\u00e1ticas y planteamientos que contribuyen al dise\u00f1o de las pol\u00edticas p\u00fablicas.<\/p>\n<p style=\"text-align: center;\"><strong>Pe\u00f1a Nieto destaca trabajo para entrega de televisores <\/strong><\/p>\n<p>El gobierno de la Rep\u00fablica ha asumido su responsabilidad para que las familias mexicanas tengan un televisor digital con el cual puedan enfrentar la transici\u00f3n a la televisi\u00f3n digital terrestre, afirm\u00f3 el presidente Enrique Pe\u00f1a Nieto.<\/p>\n<p>Al encabezar la entrega de apartos digitales en Yucat\u00e1n, el mandatario sostuvo que su gobierno trabaja a marchas forzadas para lograr el objetivo de entregar 9.7 millones televisores a igual n\u00famero de familias en el pa\u00eds el 20 de diciembre, 11 d\u00edas antes del plazo constitucional del 31 de diciembre.<\/p>\n","protected":false},"excerpt":{"rendered":"<p>El pleno del Instituto Federal de Telecomunicaciones (Ifetel) resolvi\u00f3, en sesi\u00f3n extraordinaria, el cese de transmisiones anal\u00f3gicas el pr\u00f3ximo 22 de diciembre en ciudades de siete estados del pa\u00eds.<\/p>\n","protected":false},"author":5,"featured_media":245803,"comment_status":"open","ping_status":"open","sticky":false,"template":"","format":"standard","meta":{"_monsterinsights_skip_tracking":false,"_monsterinsights_sitenote_active":false,"_monsterinsights_sitenote_note":"","_monsterinsights_sitenote_category":0,"footnotes":""},"categories":[3],"tags":[20835,18,30595,26863],"class_list":["post-245802","post","type-post","status-publish","format-standard","has-post-thumbnail","hentry","category-nacional","tag-apagon-analogico","tag-enrique-pena-nieto","tag-ifetel","tag-instituto-federal-de-telecomunicaciones"],"_links":{"self":[{"href":"https:\/\/www.diarioimagen.net\/index.php?rest_route=\/wp\/v2\/posts\/245802","targetHints":{"allow":["GET"]}}],"collection":[{"href":"https:\/\/www.diarioimagen.net\/index.php?rest_route=\/wp\/v2\/posts"}],"about":[{"href":"https:\/\/www.diarioimagen.net\/index.php?rest_route=\/wp\/v2\/types\/post"}],"author":[{"embeddable":true,"href":"https:\/\/www.diarioimagen.net\/index.php?rest_route=\/wp\/v2\/users\/5"}],"replies":[{"embeddable":true,"href":"https:\/\/www.diarioimagen.net\/index.php?rest_route=%2Fwp%2Fv2%2Fcomments&post=245802"}],"version-history":[{"count":0,"href":"https:\/\/www.diarioimagen.net\/index.php?rest_route=\/wp\/v2\/posts\/245802\/revisions"}],"wp:featuredmedia":[{"embeddable":true,"href":"https:\/\/www.diarioimagen.net\/index.php?rest_route=\/wp\/v2\/media\/245803"}],"wp:attachment":[{"href":"https:\/\/www.diarioimagen.net\/index.php?rest_route=%2Fwp%2Fv2%2Fmedia&parent=245802"}],"wp:term":[{"taxonomy":"category","embeddable":true,"href":"https:\/\/www.diarioimagen.net\/index.php?rest_route=%2Fwp%2Fv2%2Fcategories&post=245802"},{"taxonomy":"post_tag","embeddable":true,"href":"https:\/\/www.diarioimagen.net\/index.php?rest_route=%2Fwp%2Fv2%2Ftags&post=245802"}],"curies":[{"name":"wp","href":"https:\/\/api.w.org\/{rel}","templated":true}]}}