{"id":245895,"date":"2015-12-04T00:07:22","date_gmt":"2015-12-04T06:07:22","guid":{"rendered":"http:\/\/www.diarioimagen.net\/?p=245895"},"modified":"2015-12-04T04:12:51","modified_gmt":"2015-12-04T10:12:51","slug":"aprueban-modificacion-de-nombre-ante-registro-civil","status":"publish","type":"post","link":"https:\/\/www.diarioimagen.net\/?p=245895","title":{"rendered":"Aprueban modificaci\u00f3n de nombre ante Registro Civil"},"content":{"rendered":"<ul>\n<li><strong><em>En comisiones de la Legislatura mexiquense<\/em><\/strong><\/li>\n<\/ul>\n<p>&nbsp;<\/p>\n<div id=\"attachment_245933\" style=\"width: 430px\" class=\"wp-caption aligncenter\"><a href=\"http:\/\/www.diarioimagen.net\/?attachment_id=245933\" rel=\"attachment wp-att-245933\"><img loading=\"lazy\" decoding=\"async\" aria-describedby=\"caption-attachment-245933\" class=\"size-large wp-image-245933\" src=\"http:\/\/www.diarioimagen.net\/wp-content\/uploads\/2015\/12\/LEGISLATURA-2755-420x236.jpg\" alt=\"La iniciativa del gobernador Eruviel \u00c1vila, aprobada en las Comisiones Unidas de Gobernaci\u00f3n y Puntos Constitucionales y de Procuraci\u00f3n y Administraci\u00f3n de Justicia evitar\u00e1 el juicio de rectificaci\u00f3n ante una autoridad judicial.\" width=\"420\" height=\"236\" srcset=\"https:\/\/www.diarioimagen.net\/wp-content\/uploads\/2015\/12\/LEGISLATURA-2755-420x236.jpg 420w, https:\/\/www.diarioimagen.net\/wp-content\/uploads\/2015\/12\/LEGISLATURA-2755-240x135.jpg 240w, https:\/\/www.diarioimagen.net\/wp-content\/uploads\/2015\/12\/LEGISLATURA-2755-235x132.jpg 235w, https:\/\/www.diarioimagen.net\/wp-content\/uploads\/2015\/12\/LEGISLATURA-2755-202x114.jpg 202w, https:\/\/www.diarioimagen.net\/wp-content\/uploads\/2015\/12\/LEGISLATURA-2755-350x196.jpg 350w, https:\/\/www.diarioimagen.net\/wp-content\/uploads\/2015\/12\/LEGISLATURA-2755-220x123.jpg 220w, https:\/\/www.diarioimagen.net\/wp-content\/uploads\/2015\/12\/LEGISLATURA-2755-237x132.jpg 237w, https:\/\/www.diarioimagen.net\/wp-content\/uploads\/2015\/12\/LEGISLATURA-2755.jpg 480w\" sizes=\"auto, (max-width: 420px) 100vw, 420px\" \/><\/a><p id=\"caption-attachment-245933\" class=\"wp-caption-text\">La iniciativa del gobernador Eruviel \u00c1vila, aprobada en las Comisiones Unidas de Gobernaci\u00f3n y Puntos Constitucionales y de Procuraci\u00f3n y Administraci\u00f3n de Justicia evitar\u00e1 el juicio de rectificaci\u00f3n ante una autoridad judicial.<\/p><\/div>\n<p>&nbsp;<\/p>\n<p>La modificaci\u00f3n del nombre propio podr\u00e1 solicitarse ante un oficial del Registro Civil, previa aprobaci\u00f3n de un consejo dictaminador, en un procedimiento administrativo r\u00e1pido, econ\u00f3mico y expedito, que evitar\u00e1 un juicio de rectificaci\u00f3n ante una autoridad judicial, de acuerdo con el dictamen de las Comisiones Unidas de Gobernaci\u00f3n y Puntos Constitucionales y de Procuraci\u00f3n y Administraci\u00f3n de Justicia de la LIX Legislatura mexiquense.<\/p>\n<p>Conforme a la iniciativa del gobernador Eruviel \u00c1vila Villegas, que reforma y deroga diversas disposiciones del C\u00f3digo Civil del Estado de M\u00e9xico, la modificaci\u00f3n o cambio del sustantivo propio registrado, por la afectaci\u00f3n a su dignidad humana como consecuencia de la exposici\u00f3n al rid\u00edculo, o por el uso invariable y constante de otro diverso en su vida social y jur\u00eddica, podr\u00e1 solicitarse ante el o la Oficial del Registro Civil donde se encuentre asentada el acta de nacimiento.<\/p>\n<p>El documento, remitido al pleno para su votaci\u00f3n definitiva, dispone que el Consejo Dictaminador realice el procedimiento en un plazo no mayor de 30 d\u00edas y se apoye en el \u00e1rea de servicios periciales de la Procuradur\u00eda General de Justicia del Estado de M\u00e9xico (PGJEM), a fin de realizar las investigaciones pertinentes en la base de datos de antecedentes no penales.<\/p>\n<p>En la reuni\u00f3n presidida por el diputado Raymundo Mart\u00ednez Carbajal (PRI), quien coment\u00f3 que las reformas tambi\u00e9n contribuyen a la econom\u00eda de los mexiquenses debido a que actualmente los procesos por cambio de nombre son onerosos, los legisladores coincidieron en que el dictamen responde a una demanda de la ciudadan\u00eda.<\/p>\n<p>El diputado Jorge Omar Vel\u00e1zquez Ru\u00edz (PRI) reconoci\u00f3 el di\u00e1logo abierto entre los legisladores para avalar una medida en beneficio de las personas, ya que \u201clograr\u00e1n una identidad absoluta sin verg\u00fcenza\u201d, en tanto el legislador Jos\u00e9 Antonio L\u00f3pez Lozano (PRD) reconoci\u00f3 que la reforma beneficia a la poblaci\u00f3n y le otorga certeza jur\u00eddica, en lo que coincidi\u00f3 el coordinador parlamentario de Encuentro Social, diputado Mario Salcedo Gonz\u00e1lez, quien tambi\u00e9n aval\u00f3 las reformas.<\/p>\n","protected":false},"excerpt":{"rendered":"<p>La modificaci\u00f3n del nombre propio podr\u00e1 solicitarse ante un oficial del Registro Civil, previa aprobaci\u00f3n de un consejo dictaminador, en un procedimiento administrativo r\u00e1pido, econ\u00f3mico y expedito, que evitar\u00e1 un juicio de rectificaci\u00f3n ante una autoridad judicial, de acuerdo con el dictamen de las Comisiones Unidas de Gobernaci\u00f3n y Puntos Constitucionales y de Procuraci\u00f3n y Administraci\u00f3n de Justicia de la LIX Legislatura mexiquense.<\/p>\n","protected":false},"author":3,"featured_media":245933,"comment_status":"open","ping_status":"open","sticky":false,"template":"","format":"standard","meta":{"_monsterinsights_skip_tracking":false,"_monsterinsights_sitenote_active":false,"_monsterinsights_sitenote_note":"","_monsterinsights_sitenote_category":0,"footnotes":""},"categories":[35155],"tags":[5828,43675,3305],"class_list":["post-245895","post","type-post","status-publish","format-standard","has-post-thumbnail","hentry","category-estado-de-mexico-estado-de-mexico","tag-eruviel-avila-villegas","tag-estado-de-mexico","tag-registro-civil"],"_links":{"self":[{"href":"https:\/\/www.diarioimagen.net\/index.php?rest_route=\/wp\/v2\/posts\/245895","targetHints":{"allow":["GET"]}}],"collection":[{"href":"https:\/\/www.diarioimagen.net\/index.php?rest_route=\/wp\/v2\/posts"}],"about":[{"href":"https:\/\/www.diarioimagen.net\/index.php?rest_route=\/wp\/v2\/types\/post"}],"author":[{"embeddable":true,"href":"https:\/\/www.diarioimagen.net\/index.php?rest_route=\/wp\/v2\/users\/3"}],"replies":[{"embeddable":true,"href":"https:\/\/www.diarioimagen.net\/index.php?rest_route=%2Fwp%2Fv2%2Fcomments&post=245895"}],"version-history":[{"count":0,"href":"https:\/\/www.diarioimagen.net\/index.php?rest_route=\/wp\/v2\/posts\/245895\/revisions"}],"wp:featuredmedia":[{"embeddable":true,"href":"https:\/\/www.diarioimagen.net\/index.php?rest_route=\/wp\/v2\/media\/245933"}],"wp:attachment":[{"href":"https:\/\/www.diarioimagen.net\/index.php?rest_route=%2Fwp%2Fv2%2Fmedia&parent=245895"}],"wp:term":[{"taxonomy":"category","embeddable":true,"href":"https:\/\/www.diarioimagen.net\/index.php?rest_route=%2Fwp%2Fv2%2Fcategories&post=245895"},{"taxonomy":"post_tag","embeddable":true,"href":"https:\/\/www.diarioimagen.net\/index.php?rest_route=%2Fwp%2Fv2%2Ftags&post=245895"}],"curies":[{"name":"wp","href":"https:\/\/api.w.org\/{rel}","templated":true}]}}