{"id":245904,"date":"2015-12-04T00:05:09","date_gmt":"2015-12-04T06:05:09","guid":{"rendered":"http:\/\/www.diarioimagen.net\/?p=245904"},"modified":"2015-12-04T04:14:41","modified_gmt":"2015-12-04T10:14:41","slug":"uaem-y-club-toluca-refrendan-lazos-de-colaboracion","status":"publish","type":"post","link":"https:\/\/www.diarioimagen.net\/?p=245904","title":{"rendered":"UAEM y Club Toluca refrendan lazos de colaboraci\u00f3n"},"content":{"rendered":"<ul>\n<li><strong><em>Para impulsar objetivos comunes<\/em><\/strong><\/li>\n<\/ul>\n<p>&nbsp;<\/p>\n<div id=\"attachment_245942\" style=\"width: 430px\" class=\"wp-caption aligncenter\"><a href=\"http:\/\/www.diarioimagen.net\/?attachment_id=245942\" rel=\"attachment wp-att-245942\"><img loading=\"lazy\" decoding=\"async\" aria-describedby=\"caption-attachment-245942\" class=\"size-large wp-image-245942\" src=\"http:\/\/www.diarioimagen.net\/wp-content\/uploads\/2015\/12\/UAEM-2755-420x236.jpg\" alt=\"\u201cDebemos procurar que la juventud siga integr\u00e1ndose y cohesion\u00e1ndose en actividades deportivas, culturales y sociales\u201d, afirm\u00f3 el rector Jorge Olvera, al signar un Convenio General de Colaboraci\u00f3n con el presidente del Consejo de Administraci\u00f3n del Club, Enrique G\u00f3mez.\" width=\"420\" height=\"236\" srcset=\"https:\/\/www.diarioimagen.net\/wp-content\/uploads\/2015\/12\/UAEM-2755-420x236.jpg 420w, https:\/\/www.diarioimagen.net\/wp-content\/uploads\/2015\/12\/UAEM-2755-240x135.jpg 240w, https:\/\/www.diarioimagen.net\/wp-content\/uploads\/2015\/12\/UAEM-2755-235x132.jpg 235w, https:\/\/www.diarioimagen.net\/wp-content\/uploads\/2015\/12\/UAEM-2755-202x114.jpg 202w, https:\/\/www.diarioimagen.net\/wp-content\/uploads\/2015\/12\/UAEM-2755-350x196.jpg 350w, https:\/\/www.diarioimagen.net\/wp-content\/uploads\/2015\/12\/UAEM-2755-220x123.jpg 220w, https:\/\/www.diarioimagen.net\/wp-content\/uploads\/2015\/12\/UAEM-2755-237x132.jpg 237w, https:\/\/www.diarioimagen.net\/wp-content\/uploads\/2015\/12\/UAEM-2755.jpg 480w\" sizes=\"auto, (max-width: 420px) 100vw, 420px\" \/><\/a><p id=\"caption-attachment-245942\" class=\"wp-caption-text\">\u201cDebemos procurar que la juventud siga integr\u00e1ndose y cohesion\u00e1ndose en actividades deportivas, culturales y sociales\u201d, afirm\u00f3 el rector Jorge Olvera, al signar un Convenio General de Colaboraci\u00f3n con el presidente del Consejo de Administraci\u00f3n del Club, Enrique G\u00f3mez.<\/p><\/div>\n<p>&nbsp;<\/p>\n<p>Con la finalidad de establecer las bases de actividades conjuntas encaminadas a la superaci\u00f3n acad\u00e9mica, formaci\u00f3n y capacitaci\u00f3n profesional, el desarrollo de la ciencia y la tecnolog\u00eda, as\u00ed como la divulgaci\u00f3n del conocimiento y la cultura, la Universidad Aut\u00f3noma del Estado de M\u00e9xico y el Consejo de Administraci\u00f3n del Club Toluca firmaron un Convenio General de Colaboraci\u00f3n.<\/p>\n<p>Durante la firma de este instrumento de vinculaci\u00f3n y colaboraci\u00f3n, celebrada en las instalaciones del Club y encabezada por el rector de la Aut\u00f3noma mexiquense, Jorge Olvera Garc\u00eda, y el presidente del Consejo de Administraci\u00f3n del Club Toluca, Enrique G\u00f3mez de Orozco Gonz\u00e1lez, se subray\u00f3 que el Convenio permitir\u00e1 continuar y actualizar lazos hist\u00f3ricos de amistad, colaboraci\u00f3n y contribuci\u00f3n que datan de 1998.<\/p>\n<p>Acompa\u00f1ado por los titulares de las secretar\u00edas de la Administraci\u00f3n Central, el rector calific\u00f3 al Club Toluca como uno de los referentes de integraci\u00f3n y cohesi\u00f3n social con que cuenta la ciudad; \u201cno s\u00f3lo es un conglomerado deportivo y social, ya que desde 1963 integra y aglutina a hombres y mujeres, marcando toda una tradici\u00f3n\u201d.<\/p>\n<p>Ante consejeros del Club, destac\u00f3 la posici\u00f3n y el prestigio del que goza la UAEM, que al contar con el reconocimiento a la calidad de todos sus programas de licenciatura, ocupa el primer lugar a nivel nacional; la instituci\u00f3n, abund\u00f3, cuenta con 16 campus en todo el Estado de M\u00e9xico, es una de las cinco mejores universidades del pa\u00eds en el rubro de investigaci\u00f3n y referente en materia deportiva, al obtener ocho medallas en los pasados Juegos Panamericanos.<\/p>\n<p>Al resaltar la importancia de la colaboraci\u00f3n para impulsar objetivos comunes, Jorge Olvera Garc\u00eda asever\u00f3 que \u201cdebemos procurar que la juventud siga integr\u00e1ndose y cohesion\u00e1ndose en actividades deportivas, culturales y sociales; s\u00f3lo de esa manera podremos involucrarlos en mayor medida con los problemas de tipo social, econ\u00f3mico, pol\u00edtico y cultural, combatir flagelos como el de la inseguridad y la falta de principios y valores\u201d.<\/p>\n<p>Luego de nombrar Socio Distinguido a Jorge Olvera Garc\u00eda, Enrique G\u00f3mez de Orozco enfatiz\u00f3 que este es el quinto convenio de colaboraci\u00f3n signado con la M\u00e1xima Casa de Estudios mexiquense.<\/p>\n<p>&nbsp;<\/p>\n","protected":false},"excerpt":{"rendered":"<p>Con la finalidad de establecer las bases de actividades conjuntas encaminadas a la superaci\u00f3n acad\u00e9mica, formaci\u00f3n y capacitaci\u00f3n profesional, el desarrollo de la ciencia y la tecnolog\u00eda, as\u00ed como la divulgaci\u00f3n del conocimiento y la cultura, la Universidad Aut\u00f3noma del Estado de M\u00e9xico y el Consejo de Administraci\u00f3n del Club Toluca firmaron un Convenio General de Colaboraci\u00f3n.<\/p>\n","protected":false},"author":3,"featured_media":245942,"comment_status":"open","ping_status":"open","sticky":false,"template":"","format":"standard","meta":{"_monsterinsights_skip_tracking":false,"_monsterinsights_sitenote_active":false,"_monsterinsights_sitenote_note":"","_monsterinsights_sitenote_category":0,"footnotes":""},"categories":[35155],"tags":[43675,47033,1491],"class_list":["post-245904","post","type-post","status-publish","format-standard","has-post-thumbnail","hentry","category-estado-de-mexico-estado-de-mexico","tag-estado-de-mexico","tag-lazos","tag-uaem"],"_links":{"self":[{"href":"https:\/\/www.diarioimagen.net\/index.php?rest_route=\/wp\/v2\/posts\/245904","targetHints":{"allow":["GET"]}}],"collection":[{"href":"https:\/\/www.diarioimagen.net\/index.php?rest_route=\/wp\/v2\/posts"}],"about":[{"href":"https:\/\/www.diarioimagen.net\/index.php?rest_route=\/wp\/v2\/types\/post"}],"author":[{"embeddable":true,"href":"https:\/\/www.diarioimagen.net\/index.php?rest_route=\/wp\/v2\/users\/3"}],"replies":[{"embeddable":true,"href":"https:\/\/www.diarioimagen.net\/index.php?rest_route=%2Fwp%2Fv2%2Fcomments&post=245904"}],"version-history":[{"count":0,"href":"https:\/\/www.diarioimagen.net\/index.php?rest_route=\/wp\/v2\/posts\/245904\/revisions"}],"wp:featuredmedia":[{"embeddable":true,"href":"https:\/\/www.diarioimagen.net\/index.php?rest_route=\/wp\/v2\/media\/245942"}],"wp:attachment":[{"href":"https:\/\/www.diarioimagen.net\/index.php?rest_route=%2Fwp%2Fv2%2Fmedia&parent=245904"}],"wp:term":[{"taxonomy":"category","embeddable":true,"href":"https:\/\/www.diarioimagen.net\/index.php?rest_route=%2Fwp%2Fv2%2Fcategories&post=245904"},{"taxonomy":"post_tag","embeddable":true,"href":"https:\/\/www.diarioimagen.net\/index.php?rest_route=%2Fwp%2Fv2%2Ftags&post=245904"}],"curies":[{"name":"wp","href":"https:\/\/api.w.org\/{rel}","templated":true}]}}