{"id":246716,"date":"2015-12-10T00:06:49","date_gmt":"2015-12-10T06:06:49","guid":{"rendered":"http:\/\/www.diarioimagen.net\/?p=246716"},"modified":"2015-12-11T01:42:17","modified_gmt":"2015-12-11T07:42:17","slug":"facilitan-los-tramites-para-la-inversion","status":"publish","type":"post","link":"https:\/\/www.diarioimagen.net\/?p=246716","title":{"rendered":"Facilitan los tr\u00e1mites para la inversi\u00f3n"},"content":{"rendered":"<h2>Arco Norte<\/h2>\n<h5>Jos\u00e9 Luis Monta\u00f1ez Aguilar<\/h5>\n<p>&nbsp;<\/p>\n<div id=\"attachment_246812\" style=\"width: 430px\" class=\"wp-caption aligncenter\"><a href=\"http:\/\/www.diarioimagen.net\/?attachment_id=246812\" rel=\"attachment wp-att-246812\"><img loading=\"lazy\" decoding=\"async\" aria-describedby=\"caption-attachment-246812\" class=\"size-large wp-image-246812\" src=\"http:\/\/www.diarioimagen.net\/wp-content\/uploads\/2015\/12\/arco-2759-420x277.jpg\" alt=\"Eruviel \u00c1vila - Reuni\u00f3n en materia de mejora regulatoria.\" width=\"420\" height=\"277\" srcset=\"https:\/\/www.diarioimagen.net\/wp-content\/uploads\/2015\/12\/arco-2759-420x277.jpg 420w, https:\/\/www.diarioimagen.net\/wp-content\/uploads\/2015\/12\/arco-2759-240x158.jpg 240w, https:\/\/www.diarioimagen.net\/wp-content\/uploads\/2015\/12\/arco-2759-768x506.jpg 768w, https:\/\/www.diarioimagen.net\/wp-content\/uploads\/2015\/12\/arco-2759.jpg 1200w\" sizes=\"auto, (max-width: 420px) 100vw, 420px\" \/><\/a><p id=\"caption-attachment-246812\" class=\"wp-caption-text\">Eruviel \u00c1vila &#8211; Reuni\u00f3n en materia de mejora regulatoria.<\/p><\/div>\n<p>&nbsp;<\/p>\n<p>Eruviel \u00c1vila Villegas inform\u00f3 que su administraci\u00f3n trabaja para hacer del territorio estatal una tierra f\u00e9rtil para hacer negocios, por lo que dio a conocer algunos de los avances que el Estado de M\u00e9xico registra en materia de mejora regulatoria, simplificaci\u00f3n administrativa y gobierno abierto, entre ellos el reducir tiempos y costos para la certificaci\u00f3n de existencia o inexistencia de grav\u00e1menes, la inscripci\u00f3n relativa a la propiedad de inmuebles para unidades econ\u00f3micas de bajo impacto, adem\u00e1s de implementar los juicios orales mercantiles y los expedientes electr\u00f3nicos.<\/p>\n<p>Luego de una reuni\u00f3n de trabajo que sostuvo con Roberto Mart\u00ednez Yllescas, director del Centro de Organizaci\u00f3n para la Cooperaci\u00f3n y el Desarrollo Econ\u00f3micos (OCDE) en M\u00e9xico, y Mario Emilio Guti\u00e9rrez Caballero, director general de la Comisi\u00f3n Federal de Mejora Regulatoria, Eruviel \u00c1vila se\u00f1al\u00f3 que adem\u00e1s se crearon leyes secundarias para fomentar la mejora regulatoria y sancionar a quienes no cumplan con esta disposici\u00f3n o infrinjan alguna norma que frene la inversi\u00f3n; a trav\u00e9s del Tribunal Superior de Justicia de la entidad se resuelven controversias mercantiles en menos de 100 d\u00edas mediante una unidad de mediaci\u00f3n; y se instalaron 62 unidades del sistema de apertura r\u00e1pida de empresas, entre otros avances.<\/p>\n<p>Por su parte, Roberto Mart\u00ednez Yllescas afirm\u00f3 que lo que se realiza en el Estado de M\u00e9xico tendr\u00e1 un efecto domin\u00f3 en el resto de las entidades del pa\u00eds, y reafirm\u00f3 el compromiso de la OCDE para hacer de los estados un terreno f\u00e9rtil, que sea ejemplo para el resto de los pa\u00edses.<\/p>\n<p>\u201cLo que se est\u00e1 haciendo en el Estado de M\u00e9xico tiene orientaci\u00f3n sist\u00e9mica, e impacto estructural, y lo tiene porque adem\u00e1s es un precedente, no solamente a nivel nacional, sino tambi\u00e9n a nivel internacional. Se trata de una pol\u00edtica de Estado que trasciende el \u00e1mbito de cualquiera de los poderes y que adem\u00e1s, de verdad, tiene un alcance formidable, por el hecho de que se vuelve el precedente que esperamos se convierta, o tenga un efecto domin\u00f3 en el resto de las entidades federativas\u201d, Afirm\u00f3.<\/p>\n<p>Asimismo, Mario Emilio Guti\u00e9rrez reconoci\u00f3 los resultados que se han obtenido en el Estado de M\u00e9xico en materia de mejora regulatoria, sobre todo en el establecimiento de los juicios orales mercantiles, lo cual mejora el ambiente de negocios en el Edom\u00e9x, estado que dijo, tambi\u00e9n es la entidad federativa que m\u00e1s m\u00f3dulos tiene del sistema de apertura r\u00e1pida de empresas, por lo que la calific\u00f3 como un punto de referencia nacional.<\/p>\n<p>\u201cGracias a que el se\u00f1or gobernador, el doctor Eruviel \u00c1vila ha encabezado la transformaci\u00f3n en la materia, ha pasado, ha promovido el tr\u00e1nsito de una pol\u00edtica de gobierno de mejora regulatoria a una pol\u00edtica de Estado de mejora regulatoria, y a partir de ah\u00ed se promovi\u00f3 una reingenier\u00eda a un cumulo importante de leyes estatales que le permite hoy al Estado de M\u00e9xico tener un andamiaje jur\u00eddico que permita sentar las bases para mejorar el ambiente de negocios en la entidad\u201d, Expres\u00f3.<\/p>\n<p>El gobernador mexiquense destac\u00f3 que estos avances se han logrado obtener, gracias a la colaboraci\u00f3n de estas instituciones, as\u00ed como de otros organismos internacionales, y para dar seguimiento a su cumplimiento, el \u00d3rgano Superior de Fiscalizaci\u00f3n estatal lleva a cabo una supervisi\u00f3n y evaluaci\u00f3n trimestral en mejora regulatoria.<\/p>\n<p><em><a href=\"mailto:montanezaguilar@gmail.com\" target=\"_blank\">montanezaguilar@gmail.com<\/a><\/em><\/p>\n","protected":false},"excerpt":{"rendered":"<p><span style=\"color: #005497;\">Jos\u00e9 Luis Monta\u00f1ez Aguilar<\/span><br \/>\n<br \/>\nEruviel \u00c1vila Villegas inform\u00f3 que su administraci\u00f3n trabaja para hacer del territorio estatal una tierra f\u00e9rtil para hacer negocios, por lo que dio a conocer algunos de los avances que el Estado de M\u00e9xico registra en materia de mejora regulatoria, simplificaci\u00f3n administrativa y gobierno abierto, entre ellos el reducir tiempos y costos para la certificaci\u00f3n de existencia o inexistencia de grav\u00e1menes, la inscripci\u00f3n relativa a la propiedad de inmuebles para unidades econ\u00f3micas de bajo impacto, adem\u00e1s de implementar los juicios orales mercantiles y los expedientes electr\u00f3nicos.<\/p>\n","protected":false},"author":3,"featured_media":246813,"comment_status":"open","ping_status":"open","sticky":false,"template":"","format":"standard","meta":{"_monsterinsights_skip_tracking":false,"_monsterinsights_sitenote_active":false,"_monsterinsights_sitenote_note":"","_monsterinsights_sitenote_category":0,"footnotes":""},"categories":[5],"tags":[5247,43674],"class_list":["post-246716","post","type-post","status-publish","format-standard","has-post-thumbnail","hentry","category-estado-de-mexico","tag-inversion","tag-opinion"],"_links":{"self":[{"href":"https:\/\/www.diarioimagen.net\/index.php?rest_route=\/wp\/v2\/posts\/246716","targetHints":{"allow":["GET"]}}],"collection":[{"href":"https:\/\/www.diarioimagen.net\/index.php?rest_route=\/wp\/v2\/posts"}],"about":[{"href":"https:\/\/www.diarioimagen.net\/index.php?rest_route=\/wp\/v2\/types\/post"}],"author":[{"embeddable":true,"href":"https:\/\/www.diarioimagen.net\/index.php?rest_route=\/wp\/v2\/users\/3"}],"replies":[{"embeddable":true,"href":"https:\/\/www.diarioimagen.net\/index.php?rest_route=%2Fwp%2Fv2%2Fcomments&post=246716"}],"version-history":[{"count":0,"href":"https:\/\/www.diarioimagen.net\/index.php?rest_route=\/wp\/v2\/posts\/246716\/revisions"}],"wp:featuredmedia":[{"embeddable":true,"href":"https:\/\/www.diarioimagen.net\/index.php?rest_route=\/wp\/v2\/media\/246813"}],"wp:attachment":[{"href":"https:\/\/www.diarioimagen.net\/index.php?rest_route=%2Fwp%2Fv2%2Fmedia&parent=246716"}],"wp:term":[{"taxonomy":"category","embeddable":true,"href":"https:\/\/www.diarioimagen.net\/index.php?rest_route=%2Fwp%2Fv2%2Fcategories&post=246716"},{"taxonomy":"post_tag","embeddable":true,"href":"https:\/\/www.diarioimagen.net\/index.php?rest_route=%2Fwp%2Fv2%2Ftags&post=246716"}],"curies":[{"name":"wp","href":"https:\/\/api.w.org\/{rel}","templated":true}]}}